{"id":984,"date":"2024-11-13T11:26:19","date_gmt":"2024-11-13T17:26:19","guid":{"rendered":"https:\/\/laboratoriobioclinic.cr\/?p=984"},"modified":"2024-11-13T11:27:46","modified_gmt":"2024-11-13T17:27:46","slug":"dia-mundial-diabetes-2024-bienestar-prevencion","status":"publish","type":"post","link":"https:\/\/laboratoriobioclinic.cr\/es\/blog-es\/dia-mundial-diabetes-2024-bienestar-prevencion\/","title":{"rendered":"D\u00eda Mundial de la Diabetes 2024: Promoviendo el Bienestar y la Prevenci\u00f3n en Costa Rica"},"content":{"rendered":"<h2>El Compromiso de Laboratorio Bioclinic con la Salud de la Comunidad<\/h2>\n<p>Cada 14 de noviembre, el mundo celebra el <strong>D\u00eda Mundial de la Diabetes<\/strong>, una fecha crucial para crear conciencia sobre esta enfermedad cr\u00f3nica que afecta a millones de personas. En el <strong>D\u00eda Mundial de la Diabetes 2024<\/strong>, el tema se centra en la importancia de \u00abDiabetes y Bienestar\u00bb, promoviendo tanto el bienestar f\u00edsico como el mental de quienes viven con diabetes.<\/p>\n<h3><strong>La Diabetes en Costa Rica<\/strong><\/h3>\n<p>En Costa Rica, la diabetes representa un desaf\u00edo significativo para la salud p\u00fablica. Seg\u00fan datos del <a href=\"https:\/\/www.ministeriodesalud.go.cr\/\">Ministerio de Salud<\/a>, la prevalencia de diabetes ha aumentado en los \u00faltimos a\u00f1os, afectando a diversas comunidades, incluyendo las regiones de Lim\u00f3n y Puerto Viejo. Este incremento se atribuye a factores como el sedentarismo, dietas poco saludables y el envejecimiento de la poblaci\u00f3n.<\/p>\n<h3><strong>Importancia del Bienestar en la Gesti\u00f3n de la Diabetes<\/strong><\/h3>\n<p>El enfoque en el bienestar integral es esencial para el manejo efectivo de la diabetes. Esto incluye no solo el control de los niveles de glucosa en sangre, sino tambi\u00e9n la atenci\u00f3n a la salud mental y emocional de los pacientes. La Federaci\u00f3n Internacional de Diabetes destaca que el bienestar psicol\u00f3gico es fundamental para una vida saludable con diabetes.<\/p>\n<h3><strong>Laboratorio Bioclinic: Compromiso con la Salud de la Comunidad<\/strong><\/h3>\n<p>Laboratorio Bioclinic, con sedes en Puerto Viejo y Lim\u00f3n centro, se dedica a ofrecer servicios de an\u00e1lisis cl\u00ednicos de alta calidad, contribuyendo al diagn\u00f3stico y monitoreo de la diabetes. Nuestros servicios incluyen:<\/p>\n<ul>\n<li><strong>An\u00e1lisis de glucosa en sangre:<\/strong> Fundamental para el diagn\u00f3stico y seguimiento de la diabetes.<\/li>\n<li><strong>Hemoglobina glicosilada (HbA1c):<\/strong> Indicador del control gluc\u00e9mico a largo plazo.<\/li>\n<li><strong>Perfil lip\u00eddico:<\/strong> <a href=\"https:\/\/laboratoriobioclinic.cr\/packages\/paquetes-de-control\/control-lip%c3%8ddico\/\">Eval\u00faa el riesgo cardiovascular asociado a la diabetes<\/a>.<\/li>\n<li><strong>Ex\u00e1menes de funci\u00f3n renal:<\/strong> Detectan posibles complicaciones renales derivadas de la diabetes.<\/li>\n<\/ul>\n<p>Adem\u00e1s, ofrecemos asesoramiento personalizado y <a href=\"https:\/\/laboratoriobioclinic.cr\/packages\/paquetes-de-control\/control-diab%c3%89tico\/\">paquete de control diab\u00e9tico<\/a> para ayudar a nuestros pacientes a comprender sus resultados y tomar decisiones informadas sobre su salud.<\/p>\n<p><img loading=\"lazy\" decoding=\"async\" class=\"size-medium wp-image-987 alignleft\" src=\"https:\/\/laboratoriobioclinic.cr\/wp-content\/uploads\/2024\/11\/465902494_572117975518071_2695050503437820233_n-300x300.jpg\" alt=\"Prevenci\u00f3n Diabetes\" width=\"300\" height=\"300\" srcset=\"https:\/\/laboratoriobioclinic.cr\/wp-content\/uploads\/2024\/11\/465902494_572117975518071_2695050503437820233_n-300x300.jpg 300w, https:\/\/laboratoriobioclinic.cr\/wp-content\/uploads\/2024\/11\/465902494_572117975518071_2695050503437820233_n-1024x1024.jpg 1024w, https:\/\/laboratoriobioclinic.cr\/wp-content\/uploads\/2024\/11\/465902494_572117975518071_2695050503437820233_n-150x150.jpg 150w, https:\/\/laboratoriobioclinic.cr\/wp-content\/uploads\/2024\/11\/465902494_572117975518071_2695050503437820233_n-768x768.jpg 768w, https:\/\/laboratoriobioclinic.cr\/wp-content\/uploads\/2024\/11\/465902494_572117975518071_2695050503437820233_n-1536x1536.jpg 1536w, https:\/\/laboratoriobioclinic.cr\/wp-content\/uploads\/2024\/11\/465902494_572117975518071_2695050503437820233_n.jpg 2001w\" sizes=\"auto, (max-width: 300px) 100vw, 300px\" \/><\/p>\n<h3><\/h3>\n<h3><em>Este 14 de noviembre, un\u00e1monos para conmemorar el D\u00eda Mundial de la Diabetes. <\/em><\/h3>\n<h3><em>Una oportunidad para crear conciencia sobre esta enfermedad que afecta a millones de personas en todo el mundo. <\/em><\/h3>\n<h3><em>Juntos, podemos promover la prevenci\u00f3n y el cuidado adecuado. <\/em><\/h3>\n<h3><em>\u00a1Inf\u00f3rmate, cu\u00eddate y comparte este mensaje!<\/em><\/h3>\n<h3><\/h3>\n<h3><\/h3>\n<h3><strong>Prevenci\u00f3n y Educaci\u00f3n: Claves para Combatir la Diabetes<\/strong><\/h3>\n<p>La prevenci\u00f3n es una herramienta poderosa en la lucha contra la diabetes. Adoptar un estilo de vida saludable puede reducir significativamente el riesgo de desarrollar diabetes tipo 2. Recomendamos:<\/p>\n<ul>\n<li><strong>Alimentaci\u00f3n balanceada:<\/strong> Incorporar frutas, verduras, granos integrales y prote\u00ednas magras en la dieta diaria.<\/li>\n<li><strong>Actividad f\u00edsica regular:<\/strong> Realizar al menos 150 minutos de ejercicio moderado a la semana.<\/li>\n<li><strong>Control del peso corporal:<\/strong> Mantener un peso saludable para reducir el riesgo de diabetes.<\/li>\n<li><strong>Evitar el consumo de tabaco y alcohol en exceso:<\/strong> Estos h\u00e1bitos pueden aumentar el riesgo de complicaciones.<\/li>\n<\/ul>\n<p>En Laboratorio Bioclinic, creemos en la importancia de la educaci\u00f3n en salud. Por ello, organizamos talleres y charlas informativas para la comunidad, brindando herramientas y conocimientos para la prevenci\u00f3n y manejo de la diabetes.<\/p>\n<h3><strong>Acciones en el D\u00eda Mundial de la Diabetes 2024<\/strong><\/h3>\n<p>Para conmemorar el D\u00eda Mundial de la Diabetes 2024, Laboratorio Bioclinic llevar\u00e1 a cabo las siguientes actividades:<\/p>\n<ul>\n<li><strong>Jornadas de detecci\u00f3n con descuento:<\/strong> Realizaremos pruebas de glucosa en sangre para la comunidad.<\/li>\n<li><strong>Material educativo:<\/strong> Expertos en salud impartir\u00e1n conferencias sobre prevenci\u00f3n, manejo y bienestar en diabetes. <a href=\"https:\/\/www.facebook.com\/LaboratorioBioclinicPuertoViejo\/\">Revisa nuestras redes sociales<\/a> para estar informado.<\/li>\n<li><strong>Asesor\u00edas nutricionales:<\/strong> Nutricionistas ofrecer\u00e1n consultas para promover h\u00e1bitos alimenticios saludables.<\/li>\n<\/ul>\n<p>Invitamos a toda la comunidad de Puerto Viejo y Lim\u00f3n a participar en estas actividades y unirse a la lucha contra la diabetes.<\/p>\n<p><strong>Conclusi\u00f3n<\/strong><\/p>\n<p>El D\u00eda Mundial de la Diabetes 2024 nos recuerda la importancia de abordar la diabetes desde una perspectiva integral, enfoc\u00e1ndonos en el bienestar f\u00edsico y mental de quienes la padecen. En Laboratorio Bioclinic, reafirmamos nuestro compromiso con la salud de la comunidad, ofreciendo servicios de calidad y promoviendo la educaci\u00f3n y prevenci\u00f3n de la diabetes.<\/p>\n<p>Para m\u00e1s informaci\u00f3n sobre nuestras actividades y servicios, visite nuestro sitio web o cont\u00e1ctenos directamente.<\/p>\n<p><strong>Enlaces de inter\u00e9s:<\/strong><\/p>\n<ul>\n<li><a href=\"https:\/\/idf.org\/\" target=\"_new\" rel=\"noopener\">Federaci\u00f3n Internacional de Diabetes<\/a><\/li>\n<li><a href=\"https:\/\/www.who.int\/es\/news-room\/fact-sheets\/detail\/diabetes\" target=\"_new\" rel=\"noopener\">Organizaci\u00f3n Mundial de la Salud: Diabetes<\/a><\/li>\n<li><a href=\"https:\/\/www.ministeriodesalud.go.cr\/\" target=\"_new\" rel=\"noopener\">Ministerio de Salud de Costa Rica<\/a><\/li>\n<li><a href=\"https:\/\/laboratoriobioclinic.cr\/\" target=\"_new\" rel=\"noopener\">Laboratorio Bioclinic<\/a><\/li>\n<\/ul>\n","protected":false},"excerpt":{"rendered":"<p>El Compromiso de Laboratorio Bioclinic con la Salud de la Comunidad Cada 14 de noviembre, el mundo celebra el D\u00eda Mundial de la Diabetes, una fecha crucial para crear conciencia sobre esta enfermedad cr\u00f3nica que afecta a millones de personas. En el D\u00eda Mundial de la Diabetes 2024, el tema se centra en la importancia [&hellip;]<\/p>\n","protected":false},"author":2,"featured_media":985,"comment_status":"open","ping_status":"open","sticky":false,"template":"","format":"standard","meta":{"footnotes":""},"categories":[15],"tags":[577,673,763,43,762,764,582,48,42,54,45],"class_list":["post-984","post","type-post","status-publish","format-standard","has-post-thumbnail","hentry","category-blog-es","tag-anlisis-clnicos","tag-bienestar","tag-control-de-glucosa","tag-costa-rica","tag-da-mundial-de-la-diabetes","tag-educacin-en-salud","tag-estilo-de-vida-saludable","tag-laboratorio-bioclinic","tag-limn","tag-prevencin","tag-puerto-viejo"],"yoast_head":"<!-- This site is optimized with the Yoast SEO plugin v27.5 - https:\/\/yoast.com\/product\/yoast-seo-wordpress\/ -->\n<title>D\u00eda Mundial de la Diabetes 2024: Bienestar y Prevenci\u00f3n - Laboratorio Bioclinic<\/title>\n<meta name=\"description\" content=\"Conozca c\u00f3mo Laboratorio Bioclinic en Puerto Viejo y Lim\u00f3n apoya el bienestar y la prevenci\u00f3n en el D\u00eda Mundial de la Diabetes 2024.\" \/>\n<meta name=\"robots\" content=\"index, follow, max-snippet:-1, max-image-preview:large, max-video-preview:-1\" \/>\n<link rel=\"canonical\" href=\"https:\/\/laboratoriobioclinic.cr\/es\/blog-es\/dia-mundial-diabetes-2024-bienestar-prevencion\/\" \/>\n<meta property=\"og:locale\" content=\"es_ES\" \/>\n<meta property=\"og:type\" content=\"article\" \/>\n<meta property=\"og:title\" content=\"D\u00eda Mundial de la Diabetes 2024: Bienestar y Prevenci\u00f3n - Laboratorio Bioclinic\" \/>\n<meta property=\"og:description\" content=\"Conozca c\u00f3mo Laboratorio Bioclinic en Puerto Viejo y Lim\u00f3n apoya el bienestar y la prevenci\u00f3n en el D\u00eda Mundial de la Diabetes 2024.\" \/>\n<meta property=\"og:url\" content=\"https:\/\/laboratoriobioclinic.cr\/es\/blog-es\/dia-mundial-diabetes-2024-bienestar-prevencion\/\" \/>\n<meta property=\"og:site_name\" content=\"Laboratorio Bioclinic\" \/>\n<meta property=\"article:published_time\" content=\"2024-11-13T17:26:19+00:00\" \/>\n<meta property=\"article:modified_time\" content=\"2024-11-13T17:27:46+00:00\" \/>\n<meta property=\"og:image\" content=\"https:\/\/laboratoriobioclinic.cr\/wp-content\/uploads\/2024\/11\/Dia-Mundial-de-la-Diabetes-2024-Promoviendo-el-Bienestar-y-la-Prevencion-en-Costa-Rica.png\" \/>\n\t<meta property=\"og:image:width\" content=\"850\" \/>\n\t<meta property=\"og:image:height\" content=\"300\" \/>\n\t<meta property=\"og:image:type\" content=\"image\/png\" \/>\n<meta name=\"author\" content=\"V\u00edctor Hern\u00e1ndez\" \/>\n<meta name=\"twitter:card\" content=\"summary_large_image\" \/>\n<meta name=\"twitter:label1\" content=\"Escrito por\" \/>\n\t<meta name=\"twitter:data1\" content=\"V\u00edctor Hern\u00e1ndez\" \/>\n\t<meta name=\"twitter:label2\" content=\"Tiempo de lectura\" \/>\n\t<meta name=\"twitter:data2\" content=\"4 minutos\" \/>\n<script type=\"application\/ld+json\" class=\"yoast-schema-graph\">{\"@context\":\"https:\\\/\\\/schema.org\",\"@graph\":[{\"@type\":\"Article\",\"@id\":\"https:\\\/\\\/laboratoriobioclinic.cr\\\/es\\\/blog-es\\\/dia-mundial-diabetes-2024-bienestar-prevencion\\\/#article\",\"isPartOf\":{\"@id\":\"https:\\\/\\\/laboratoriobioclinic.cr\\\/es\\\/blog-es\\\/dia-mundial-diabetes-2024-bienestar-prevencion\\\/\"},\"author\":{\"name\":\"V\u00edctor Hern\u00e1ndez\",\"@id\":\"https:\\\/\\\/laboratoriobioclinic.cr\\\/es\\\/#\\\/schema\\\/person\\\/22388802b822cf3b3ff7019581c95721\"},\"headline\":\"D\u00eda Mundial de la Diabetes 2024: Promoviendo el Bienestar y la Prevenci\u00f3n en Costa Rica\",\"datePublished\":\"2024-11-13T17:26:19+00:00\",\"dateModified\":\"2024-11-13T17:27:46+00:00\",\"mainEntityOfPage\":{\"@id\":\"https:\\\/\\\/laboratoriobioclinic.cr\\\/es\\\/blog-es\\\/dia-mundial-diabetes-2024-bienestar-prevencion\\\/\"},\"wordCount\":750,\"commentCount\":0,\"image\":{\"@id\":\"https:\\\/\\\/laboratoriobioclinic.cr\\\/es\\\/blog-es\\\/dia-mundial-diabetes-2024-bienestar-prevencion\\\/#primaryimage\"},\"thumbnailUrl\":\"https:\\\/\\\/laboratoriobioclinic.cr\\\/wp-content\\\/uploads\\\/2024\\\/11\\\/Dia-Mundial-de-la-Diabetes-2024-Promoviendo-el-Bienestar-y-la-Prevencion-en-Costa-Rica.png\",\"keywords\":[\"an\u00e1lisis cl\u00ednicos\",\"bienestar\",\"control de glucosa\",\"costa rica\",\"D\u00eda Mundial de la Diabetes\",\"educaci\u00f3n en salud\",\"estilo de vida saludable\",\"laboratorio bioclinic\",\"lim\u00f3n\",\"prevenci\u00f3n\",\"puerto viejo\"],\"articleSection\":[\"Blog ES\"],\"inLanguage\":\"es\",\"potentialAction\":[{\"@type\":\"CommentAction\",\"name\":\"Comment\",\"target\":[\"https:\\\/\\\/laboratoriobioclinic.cr\\\/es\\\/blog-es\\\/dia-mundial-diabetes-2024-bienestar-prevencion\\\/#respond\"]}]},{\"@type\":\"WebPage\",\"@id\":\"https:\\\/\\\/laboratoriobioclinic.cr\\\/es\\\/blog-es\\\/dia-mundial-diabetes-2024-bienestar-prevencion\\\/\",\"url\":\"https:\\\/\\\/laboratoriobioclinic.cr\\\/es\\\/blog-es\\\/dia-mundial-diabetes-2024-bienestar-prevencion\\\/\",\"name\":\"D\u00eda Mundial de la Diabetes 2024: Bienestar y Prevenci\u00f3n - Laboratorio Bioclinic\",\"isPartOf\":{\"@id\":\"https:\\\/\\\/laboratoriobioclinic.cr\\\/es\\\/#website\"},\"primaryImageOfPage\":{\"@id\":\"https:\\\/\\\/laboratoriobioclinic.cr\\\/es\\\/blog-es\\\/dia-mundial-diabetes-2024-bienestar-prevencion\\\/#primaryimage\"},\"image\":{\"@id\":\"https:\\\/\\\/laboratoriobioclinic.cr\\\/es\\\/blog-es\\\/dia-mundial-diabetes-2024-bienestar-prevencion\\\/#primaryimage\"},\"thumbnailUrl\":\"https:\\\/\\\/laboratoriobioclinic.cr\\\/wp-content\\\/uploads\\\/2024\\\/11\\\/Dia-Mundial-de-la-Diabetes-2024-Promoviendo-el-Bienestar-y-la-Prevencion-en-Costa-Rica.png\",\"datePublished\":\"2024-11-13T17:26:19+00:00\",\"dateModified\":\"2024-11-13T17:27:46+00:00\",\"author\":{\"@id\":\"https:\\\/\\\/laboratoriobioclinic.cr\\\/es\\\/#\\\/schema\\\/person\\\/22388802b822cf3b3ff7019581c95721\"},\"description\":\"Conozca c\u00f3mo Laboratorio Bioclinic en Puerto Viejo y Lim\u00f3n apoya el bienestar y la prevenci\u00f3n en el D\u00eda Mundial de la Diabetes 2024.\",\"inLanguage\":\"es\",\"potentialAction\":[{\"@type\":\"ReadAction\",\"target\":[\"https:\\\/\\\/laboratoriobioclinic.cr\\\/es\\\/blog-es\\\/dia-mundial-diabetes-2024-bienestar-prevencion\\\/\"]}]},{\"@type\":\"ImageObject\",\"inLanguage\":\"es\",\"@id\":\"https:\\\/\\\/laboratoriobioclinic.cr\\\/es\\\/blog-es\\\/dia-mundial-diabetes-2024-bienestar-prevencion\\\/#primaryimage\",\"url\":\"https:\\\/\\\/laboratoriobioclinic.cr\\\/wp-content\\\/uploads\\\/2024\\\/11\\\/Dia-Mundial-de-la-Diabetes-2024-Promoviendo-el-Bienestar-y-la-Prevencion-en-Costa-Rica.png\",\"contentUrl\":\"https:\\\/\\\/laboratoriobioclinic.cr\\\/wp-content\\\/uploads\\\/2024\\\/11\\\/Dia-Mundial-de-la-Diabetes-2024-Promoviendo-el-Bienestar-y-la-Prevencion-en-Costa-Rica.png\",\"width\":850,\"height\":300,\"caption\":\"Laboratorio Bioclinic y D\u00eda Mundial de la Diabetes\"},{\"@type\":\"WebSite\",\"@id\":\"https:\\\/\\\/laboratoriobioclinic.cr\\\/es\\\/#website\",\"url\":\"https:\\\/\\\/laboratoriobioclinic.cr\\\/es\\\/\",\"name\":\"Laboratorio Bioclinic\",\"description\":\"An\u00e1lisis cl\u00ednicos | Puerto Viejo | Lim\u00f3n\",\"potentialAction\":[{\"@type\":\"SearchAction\",\"target\":{\"@type\":\"EntryPoint\",\"urlTemplate\":\"https:\\\/\\\/laboratoriobioclinic.cr\\\/es\\\/?s={search_term_string}\"},\"query-input\":{\"@type\":\"PropertyValueSpecification\",\"valueRequired\":true,\"valueName\":\"search_term_string\"}}],\"inLanguage\":\"es\"},{\"@type\":\"Person\",\"@id\":\"https:\\\/\\\/laboratoriobioclinic.cr\\\/es\\\/#\\\/schema\\\/person\\\/22388802b822cf3b3ff7019581c95721\",\"name\":\"V\u00edctor Hern\u00e1ndez\",\"image\":{\"@type\":\"ImageObject\",\"inLanguage\":\"es\",\"@id\":\"https:\\\/\\\/secure.gravatar.com\\\/avatar\\\/df86c8d5b329d3be6dc959b83558672fb6ce1002eb345c198ef5458738b7ce88?s=96&d=mm&r=g\",\"url\":\"https:\\\/\\\/secure.gravatar.com\\\/avatar\\\/df86c8d5b329d3be6dc959b83558672fb6ce1002eb345c198ef5458738b7ce88?s=96&d=mm&r=g\",\"contentUrl\":\"https:\\\/\\\/secure.gravatar.com\\\/avatar\\\/df86c8d5b329d3be6dc959b83558672fb6ce1002eb345c198ef5458738b7ce88?s=96&d=mm&r=g\",\"caption\":\"V\u00edctor Hern\u00e1ndez\"},\"url\":\"https:\\\/\\\/laboratoriobioclinic.cr\\\/es\\\/author\\\/victor\\\/\"}]}<\/script>\n<!-- \/ Yoast SEO plugin. -->","yoast_head_json":{"title":"D\u00eda Mundial de la Diabetes 2024: Bienestar y Prevenci\u00f3n - Laboratorio Bioclinic","description":"Conozca c\u00f3mo Laboratorio Bioclinic en Puerto Viejo y Lim\u00f3n apoya el bienestar y la prevenci\u00f3n en el D\u00eda Mundial de la Diabetes 2024.","robots":{"index":"index","follow":"follow","max-snippet":"max-snippet:-1","max-image-preview":"max-image-preview:large","max-video-preview":"max-video-preview:-1"},"canonical":"https:\/\/laboratoriobioclinic.cr\/es\/blog-es\/dia-mundial-diabetes-2024-bienestar-prevencion\/","og_locale":"es_ES","og_type":"article","og_title":"D\u00eda Mundial de la Diabetes 2024: Bienestar y Prevenci\u00f3n - Laboratorio Bioclinic","og_description":"Conozca c\u00f3mo Laboratorio Bioclinic en Puerto Viejo y Lim\u00f3n apoya el bienestar y la prevenci\u00f3n en el D\u00eda Mundial de la Diabetes 2024.","og_url":"https:\/\/laboratoriobioclinic.cr\/es\/blog-es\/dia-mundial-diabetes-2024-bienestar-prevencion\/","og_site_name":"Laboratorio Bioclinic","article_published_time":"2024-11-13T17:26:19+00:00","article_modified_time":"2024-11-13T17:27:46+00:00","og_image":[{"width":850,"height":300,"url":"https:\/\/laboratoriobioclinic.cr\/wp-content\/uploads\/2024\/11\/Dia-Mundial-de-la-Diabetes-2024-Promoviendo-el-Bienestar-y-la-Prevencion-en-Costa-Rica.png","type":"image\/png"}],"author":"V\u00edctor Hern\u00e1ndez","twitter_card":"summary_large_image","twitter_misc":{"Escrito por":"V\u00edctor Hern\u00e1ndez","Tiempo de lectura":"4 minutos"},"schema":{"@context":"https:\/\/schema.org","@graph":[{"@type":"Article","@id":"https:\/\/laboratoriobioclinic.cr\/es\/blog-es\/dia-mundial-diabetes-2024-bienestar-prevencion\/#article","isPartOf":{"@id":"https:\/\/laboratoriobioclinic.cr\/es\/blog-es\/dia-mundial-diabetes-2024-bienestar-prevencion\/"},"author":{"name":"V\u00edctor Hern\u00e1ndez","@id":"https:\/\/laboratoriobioclinic.cr\/es\/#\/schema\/person\/22388802b822cf3b3ff7019581c95721"},"headline":"D\u00eda Mundial de la Diabetes 2024: Promoviendo el Bienestar y la Prevenci\u00f3n en Costa Rica","datePublished":"2024-11-13T17:26:19+00:00","dateModified":"2024-11-13T17:27:46+00:00","mainEntityOfPage":{"@id":"https:\/\/laboratoriobioclinic.cr\/es\/blog-es\/dia-mundial-diabetes-2024-bienestar-prevencion\/"},"wordCount":750,"commentCount":0,"image":{"@id":"https:\/\/laboratoriobioclinic.cr\/es\/blog-es\/dia-mundial-diabetes-2024-bienestar-prevencion\/#primaryimage"},"thumbnailUrl":"https:\/\/laboratoriobioclinic.cr\/wp-content\/uploads\/2024\/11\/Dia-Mundial-de-la-Diabetes-2024-Promoviendo-el-Bienestar-y-la-Prevencion-en-Costa-Rica.png","keywords":["an\u00e1lisis cl\u00ednicos","bienestar","control de glucosa","costa rica","D\u00eda Mundial de la Diabetes","educaci\u00f3n en salud","estilo de vida saludable","laboratorio bioclinic","lim\u00f3n","prevenci\u00f3n","puerto viejo"],"articleSection":["Blog ES"],"inLanguage":"es","potentialAction":[{"@type":"CommentAction","name":"Comment","target":["https:\/\/laboratoriobioclinic.cr\/es\/blog-es\/dia-mundial-diabetes-2024-bienestar-prevencion\/#respond"]}]},{"@type":"WebPage","@id":"https:\/\/laboratoriobioclinic.cr\/es\/blog-es\/dia-mundial-diabetes-2024-bienestar-prevencion\/","url":"https:\/\/laboratoriobioclinic.cr\/es\/blog-es\/dia-mundial-diabetes-2024-bienestar-prevencion\/","name":"D\u00eda Mundial de la Diabetes 2024: Bienestar y Prevenci\u00f3n - Laboratorio Bioclinic","isPartOf":{"@id":"https:\/\/laboratoriobioclinic.cr\/es\/#website"},"primaryImageOfPage":{"@id":"https:\/\/laboratoriobioclinic.cr\/es\/blog-es\/dia-mundial-diabetes-2024-bienestar-prevencion\/#primaryimage"},"image":{"@id":"https:\/\/laboratoriobioclinic.cr\/es\/blog-es\/dia-mundial-diabetes-2024-bienestar-prevencion\/#primaryimage"},"thumbnailUrl":"https:\/\/laboratoriobioclinic.cr\/wp-content\/uploads\/2024\/11\/Dia-Mundial-de-la-Diabetes-2024-Promoviendo-el-Bienestar-y-la-Prevencion-en-Costa-Rica.png","datePublished":"2024-11-13T17:26:19+00:00","dateModified":"2024-11-13T17:27:46+00:00","author":{"@id":"https:\/\/laboratoriobioclinic.cr\/es\/#\/schema\/person\/22388802b822cf3b3ff7019581c95721"},"description":"Conozca c\u00f3mo Laboratorio Bioclinic en Puerto Viejo y Lim\u00f3n apoya el bienestar y la prevenci\u00f3n en el D\u00eda Mundial de la Diabetes 2024.","inLanguage":"es","potentialAction":[{"@type":"ReadAction","target":["https:\/\/laboratoriobioclinic.cr\/es\/blog-es\/dia-mundial-diabetes-2024-bienestar-prevencion\/"]}]},{"@type":"ImageObject","inLanguage":"es","@id":"https:\/\/laboratoriobioclinic.cr\/es\/blog-es\/dia-mundial-diabetes-2024-bienestar-prevencion\/#primaryimage","url":"https:\/\/laboratoriobioclinic.cr\/wp-content\/uploads\/2024\/11\/Dia-Mundial-de-la-Diabetes-2024-Promoviendo-el-Bienestar-y-la-Prevencion-en-Costa-Rica.png","contentUrl":"https:\/\/laboratoriobioclinic.cr\/wp-content\/uploads\/2024\/11\/Dia-Mundial-de-la-Diabetes-2024-Promoviendo-el-Bienestar-y-la-Prevencion-en-Costa-Rica.png","width":850,"height":300,"caption":"Laboratorio Bioclinic y D\u00eda Mundial de la Diabetes"},{"@type":"WebSite","@id":"https:\/\/laboratoriobioclinic.cr\/es\/#website","url":"https:\/\/laboratoriobioclinic.cr\/es\/","name":"Laboratorio Bioclinic","description":"An\u00e1lisis cl\u00ednicos | Puerto Viejo | Lim\u00f3n","potentialAction":[{"@type":"SearchAction","target":{"@type":"EntryPoint","urlTemplate":"https:\/\/laboratoriobioclinic.cr\/es\/?s={search_term_string}"},"query-input":{"@type":"PropertyValueSpecification","valueRequired":true,"valueName":"search_term_string"}}],"inLanguage":"es"},{"@type":"Person","@id":"https:\/\/laboratoriobioclinic.cr\/es\/#\/schema\/person\/22388802b822cf3b3ff7019581c95721","name":"V\u00edctor Hern\u00e1ndez","image":{"@type":"ImageObject","inLanguage":"es","@id":"https:\/\/secure.gravatar.com\/avatar\/df86c8d5b329d3be6dc959b83558672fb6ce1002eb345c198ef5458738b7ce88?s=96&d=mm&r=g","url":"https:\/\/secure.gravatar.com\/avatar\/df86c8d5b329d3be6dc959b83558672fb6ce1002eb345c198ef5458738b7ce88?s=96&d=mm&r=g","contentUrl":"https:\/\/secure.gravatar.com\/avatar\/df86c8d5b329d3be6dc959b83558672fb6ce1002eb345c198ef5458738b7ce88?s=96&d=mm&r=g","caption":"V\u00edctor Hern\u00e1ndez"},"url":"https:\/\/laboratoriobioclinic.cr\/es\/author\/victor\/"}]}},"_links":{"self":[{"href":"https:\/\/laboratoriobioclinic.cr\/es\/wp-json\/wp\/v2\/posts\/984","targetHints":{"allow":["GET"]}}],"collection":[{"href":"https:\/\/laboratoriobioclinic.cr\/es\/wp-json\/wp\/v2\/posts"}],"about":[{"href":"https:\/\/laboratoriobioclinic.cr\/es\/wp-json\/wp\/v2\/types\/post"}],"author":[{"embeddable":true,"href":"https:\/\/laboratoriobioclinic.cr\/es\/wp-json\/wp\/v2\/users\/2"}],"replies":[{"embeddable":true,"href":"https:\/\/laboratoriobioclinic.cr\/es\/wp-json\/wp\/v2\/comments?post=984"}],"version-history":[{"count":3,"href":"https:\/\/laboratoriobioclinic.cr\/es\/wp-json\/wp\/v2\/posts\/984\/revisions"}],"predecessor-version":[{"id":989,"href":"https:\/\/laboratoriobioclinic.cr\/es\/wp-json\/wp\/v2\/posts\/984\/revisions\/989"}],"wp:featuredmedia":[{"embeddable":true,"href":"https:\/\/laboratoriobioclinic.cr\/es\/wp-json\/wp\/v2\/media\/985"}],"wp:attachment":[{"href":"https:\/\/laboratoriobioclinic.cr\/es\/wp-json\/wp\/v2\/media?parent=984"}],"wp:term":[{"taxonomy":"category","embeddable":true,"href":"https:\/\/laboratoriobioclinic.cr\/es\/wp-json\/wp\/v2\/categories?post=984"},{"taxonomy":"post_tag","embeddable":true,"href":"https:\/\/laboratoriobioclinic.cr\/es\/wp-json\/wp\/v2\/tags?post=984"}],"curies":[{"name":"wp","href":"https:\/\/api.w.org\/{rel}","templated":true}]}}