{"id":887,"date":"2024-04-01T10:34:33","date_gmt":"2024-04-01T16:34:33","guid":{"rendered":"https:\/\/laboratoriobioclinic.cr\/?p=887"},"modified":"2024-04-01T10:34:33","modified_gmt":"2024-04-01T16:34:33","slug":"cuidados-epoca-seca-costa-rica","status":"publish","type":"post","link":"https:\/\/laboratoriobioclinic.cr\/es\/blog-es\/cuidados-epoca-seca-costa-rica\/","title":{"rendered":"Cuidados Esenciales en la \u00c9poca Seca: Protege tu Salud y Bienestar"},"content":{"rendered":"<h2>Adapt\u00e1ndonos al Calor Tropical: Estrategias para una Vida Saludable<\/h2>\n<p>En Costa Rica, la llegada de la \u00e9poca seca trae consigo un desaf\u00edo \u00fanico para nuestra salud y bienestar. Los <strong>cuidados de salud durante la \u00e9poca seca<\/strong> se convierten en una prioridad para adaptarse al clima cambiante y preservar nuestra calidad de vida. Este art\u00edculo te guiar\u00e1 a trav\u00e9s de estrategias esenciales de cuidado personal que son cruciales para navegar estos meses con vitalidad y seguridad.<\/p>\n<h3>Hidrataci\u00f3n: El Pilar de la Salud en la \u00c9poca Seca<\/h3>\n<p>La deshidrataci\u00f3n es un riesgo com\u00fan durante la \u00e9poca seca. Incrementar la ingesta de l\u00edquidos es fundamental, pero \u00bfsab\u00edas que no solo se trata de beber agua? Incluir frutas y verduras con alto contenido de agua, como sand\u00eda, pepino, y naranjas, puede ser una forma deliciosa de mantenerse hidratado. Adem\u00e1s, reducir el consumo de bebidas con cafe\u00edna y alcohol puede ayudar a evitar <a href=\"https:\/\/muysalud.com\/salud\/consejos-evitar-retencion-liquidos\/\">la p\u00e9rdida de l\u00edquidos<\/a>.<\/p>\n<h3>Protecci\u00f3n Solar: M\u00e1s All\u00e1 del Protector Solar<\/h3>\n<p>La radiaci\u00f3n solar es m\u00e1s intensa durante estos meses, aumentando el riesgo de da\u00f1o cut\u00e1neo y enfermedades de la piel. Aplicar protector solar es esencial, pero tambi\u00e9n lo es vestir ropa ligera y de colores claros, usar sombreros de ala ancha, y buscar sombra durante las horas de mayor radiaci\u00f3n solar (10 a.m. a 4 p.m.).<\/p>\n<h3>Calidad del Aire en el Hogar<\/h3>\n<p>El aire seco puede afectar la calidad del aire en nuestros hogares, exacerbando problemas respiratorios y alergias. Usar humidificadores puede ayudar a mantener un nivel adecuado de humedad en el aire. Adem\u00e1s, es importante ventilar regularmente los espacios cerrados y considerar el uso de purificadores de aire para reducir la presencia de al\u00e9rgenos.<\/p>\n<h3>Prevenci\u00f3n de Enfermedades Estacionales<\/h3>\n<p>Las condiciones de la \u00e9poca seca pueden favorecer la aparici\u00f3n de ciertas enfermedades, como las infecciones respiratorias. Mantener una buena higiene, como lavarse las manos regularmente y evitar el contacto cercano con personas enfermas, es clave. Adem\u00e1s, estar al d\u00eda con las vacunas puede ofrecer una capa adicional de protecci\u00f3n.<\/p>\n<h3>Consejos Pr\u00e1cticos para el Bienestar<\/h3>\n<ul>\n<li>Mant\u00e9n una rutina regular de ejercicio, preferiblemente en horas de menor calor.<\/li>\n<li>Opta por una dieta equilibrada, rica en frutas, verduras, y alimentos ligeros.<\/li>\n<li>No subestimes la importancia del descanso; el calor puede alterar los patrones de sue\u00f1o.<\/li>\n<li>Explora t\u00e9cnicas de relajaci\u00f3n y mindfulness para gestionar el estr\u00e9s que puede acompa\u00f1ar a estos cambios estacionales.<\/li>\n<\/ul>\n<p>Este per\u00edodo del a\u00f1o, si bien desafiante, tambi\u00e9n ofrece la oportunidad de adoptar nuevas pr\u00e1cticas de cuidado personal y de conectarnos m\u00e1s profundamente con las necesidades de nuestro cuerpo. La \u00e9poca seca en Costa Rica no tiene por qu\u00e9 ser sin\u00f3nimo de malestar. Con los cuidados adecuados, podemos disfrutar de esta temporada al m\u00e1ximo, manteniendo nuestra salud y bienestar en \u00f3ptimas condiciones.<\/p>\n","protected":false},"excerpt":{"rendered":"<p>Adapt\u00e1ndonos al Calor Tropical: Estrategias para una Vida Saludable En Costa Rica, la llegada de la \u00e9poca seca trae consigo un desaf\u00edo \u00fanico para nuestra salud y bienestar. Los cuidados de salud durante la \u00e9poca seca se convierten en una prioridad para adaptarse al clima cambiante y preservar nuestra calidad de vida. Este art\u00edculo te [&hellip;]<\/p>\n","protected":false},"author":2,"featured_media":888,"comment_status":"open","ping_status":"open","sticky":false,"template":"","format":"standard","meta":{"footnotes":""},"categories":[15],"tags":[673,670,667,672,43,666,671,665,668,669],"class_list":["post-887","post","type-post","status-publish","format-standard","has-post-thumbnail","hentry","category-blog-es","tag-bienestar","tag-calidad-del-aire","tag-calor-tropical","tag-consejos-prcticos","tag-costa-rica","tag-cuidados-de-salud","tag-enfermedades-estacionales","tag-poca-seca","tag-hidratacin","tag-proteccin-solar"],"yoast_head":"<!-- This site is optimized with the Yoast SEO plugin v27.5 - https:\/\/yoast.com\/product\/yoast-seo-wordpress\/ -->\n<title>Cuidados Salud \u00c9poca Seca Costa Rica: Gu\u00eda de Bienestar - Laboratorio Bioclinic<\/title>\n<meta name=\"description\" content=\"Explora los mejores cuidados de salud en la \u00e9poca seca en Costa Rica. Encuentra consejos pr\u00e1cticos para tu bienestar en el calor tropical.\" \/>\n<meta name=\"robots\" content=\"index, follow, max-snippet:-1, max-image-preview:large, max-video-preview:-1\" \/>\n<link rel=\"canonical\" href=\"https:\/\/laboratoriobioclinic.cr\/en\/blog-es\/cuidados-epoca-seca-costa-rica\/\" \/>\n<meta property=\"og:locale\" content=\"es_ES\" \/>\n<meta property=\"og:type\" content=\"article\" \/>\n<meta property=\"og:title\" content=\"Cuidados Salud \u00c9poca Seca Costa Rica: Gu\u00eda de Bienestar - Laboratorio Bioclinic\" \/>\n<meta property=\"og:description\" content=\"Explora los mejores cuidados de salud en la \u00e9poca seca en Costa Rica. Encuentra consejos pr\u00e1cticos para tu bienestar en el calor tropical.\" \/>\n<meta property=\"og:url\" content=\"https:\/\/laboratoriobioclinic.cr\/en\/blog-es\/cuidados-epoca-seca-costa-rica\/\" \/>\n<meta property=\"og:site_name\" content=\"Laboratorio Bioclinic\" \/>\n<meta property=\"article:published_time\" content=\"2024-04-01T16:34:33+00:00\" \/>\n<meta property=\"og:image\" content=\"https:\/\/laboratoriobioclinic.cr\/wp-content\/uploads\/2024\/04\/Cuidados-Esenciales-en-la-Epoca-Seca-Protege-tu-Salud-y-Bienestar.png\" \/>\n\t<meta property=\"og:image:width\" content=\"851\" \/>\n\t<meta property=\"og:image:height\" content=\"315\" \/>\n\t<meta property=\"og:image:type\" content=\"image\/png\" \/>\n<meta name=\"author\" content=\"V\u00edctor Hern\u00e1ndez\" \/>\n<meta name=\"twitter:card\" content=\"summary_large_image\" \/>\n<meta name=\"twitter:label1\" content=\"Escrito por\" \/>\n\t<meta name=\"twitter:data1\" content=\"V\u00edctor Hern\u00e1ndez\" \/>\n\t<meta name=\"twitter:label2\" content=\"Tiempo de lectura\" \/>\n\t<meta name=\"twitter:data2\" content=\"3 minutos\" \/>\n<script type=\"application\/ld+json\" class=\"yoast-schema-graph\">{\"@context\":\"https:\\\/\\\/schema.org\",\"@graph\":[{\"@type\":\"Article\",\"@id\":\"https:\\\/\\\/laboratoriobioclinic.cr\\\/en\\\/blog-es\\\/cuidados-epoca-seca-costa-rica\\\/#article\",\"isPartOf\":{\"@id\":\"https:\\\/\\\/laboratoriobioclinic.cr\\\/en\\\/blog-es\\\/cuidados-epoca-seca-costa-rica\\\/\"},\"author\":{\"name\":\"V\u00edctor Hern\u00e1ndez\",\"@id\":\"https:\\\/\\\/laboratoriobioclinic.cr\\\/es\\\/#\\\/schema\\\/person\\\/22388802b822cf3b3ff7019581c95721\"},\"headline\":\"Cuidados Esenciales en la \u00c9poca Seca: Protege tu Salud y Bienestar\",\"datePublished\":\"2024-04-01T16:34:33+00:00\",\"mainEntityOfPage\":{\"@id\":\"https:\\\/\\\/laboratoriobioclinic.cr\\\/en\\\/blog-es\\\/cuidados-epoca-seca-costa-rica\\\/\"},\"wordCount\":504,\"commentCount\":0,\"image\":{\"@id\":\"https:\\\/\\\/laboratoriobioclinic.cr\\\/en\\\/blog-es\\\/cuidados-epoca-seca-costa-rica\\\/#primaryimage\"},\"thumbnailUrl\":\"https:\\\/\\\/laboratoriobioclinic.cr\\\/wp-content\\\/uploads\\\/2024\\\/04\\\/Cuidados-Esenciales-en-la-Epoca-Seca-Protege-tu-Salud-y-Bienestar.png\",\"keywords\":[\"bienestar\",\"calidad del aire\",\"calor tropical\",\"consejos pr\u00e1cticos\",\"costa rica\",\"cuidados de salud\",\"enfermedades estacionales\",\"\u00e9poca seca\",\"hidrataci\u00f3n\",\"protecci\u00f3n solar\"],\"articleSection\":[\"Blog ES\"],\"inLanguage\":\"es\",\"potentialAction\":[{\"@type\":\"CommentAction\",\"name\":\"Comment\",\"target\":[\"https:\\\/\\\/laboratoriobioclinic.cr\\\/en\\\/blog-es\\\/cuidados-epoca-seca-costa-rica\\\/#respond\"]}]},{\"@type\":\"WebPage\",\"@id\":\"https:\\\/\\\/laboratoriobioclinic.cr\\\/en\\\/blog-es\\\/cuidados-epoca-seca-costa-rica\\\/\",\"url\":\"https:\\\/\\\/laboratoriobioclinic.cr\\\/en\\\/blog-es\\\/cuidados-epoca-seca-costa-rica\\\/\",\"name\":\"Cuidados Salud \u00c9poca Seca Costa Rica: Gu\u00eda de Bienestar - Laboratorio Bioclinic\",\"isPartOf\":{\"@id\":\"https:\\\/\\\/laboratoriobioclinic.cr\\\/es\\\/#website\"},\"primaryImageOfPage\":{\"@id\":\"https:\\\/\\\/laboratoriobioclinic.cr\\\/en\\\/blog-es\\\/cuidados-epoca-seca-costa-rica\\\/#primaryimage\"},\"image\":{\"@id\":\"https:\\\/\\\/laboratoriobioclinic.cr\\\/en\\\/blog-es\\\/cuidados-epoca-seca-costa-rica\\\/#primaryimage\"},\"thumbnailUrl\":\"https:\\\/\\\/laboratoriobioclinic.cr\\\/wp-content\\\/uploads\\\/2024\\\/04\\\/Cuidados-Esenciales-en-la-Epoca-Seca-Protege-tu-Salud-y-Bienestar.png\",\"datePublished\":\"2024-04-01T16:34:33+00:00\",\"author\":{\"@id\":\"https:\\\/\\\/laboratoriobioclinic.cr\\\/es\\\/#\\\/schema\\\/person\\\/22388802b822cf3b3ff7019581c95721\"},\"description\":\"Explora los mejores cuidados de salud en la \u00e9poca seca en Costa Rica. Encuentra consejos pr\u00e1cticos para tu bienestar en el calor tropical.\",\"inLanguage\":\"es\",\"potentialAction\":[{\"@type\":\"ReadAction\",\"target\":[\"https:\\\/\\\/laboratoriobioclinic.cr\\\/en\\\/blog-es\\\/cuidados-epoca-seca-costa-rica\\\/\"]}]},{\"@type\":\"ImageObject\",\"inLanguage\":\"es\",\"@id\":\"https:\\\/\\\/laboratoriobioclinic.cr\\\/en\\\/blog-es\\\/cuidados-epoca-seca-costa-rica\\\/#primaryimage\",\"url\":\"https:\\\/\\\/laboratoriobioclinic.cr\\\/wp-content\\\/uploads\\\/2024\\\/04\\\/Cuidados-Esenciales-en-la-Epoca-Seca-Protege-tu-Salud-y-Bienestar.png\",\"contentUrl\":\"https:\\\/\\\/laboratoriobioclinic.cr\\\/wp-content\\\/uploads\\\/2024\\\/04\\\/Cuidados-Esenciales-en-la-Epoca-Seca-Protege-tu-Salud-y-Bienestar.png\",\"width\":851,\"height\":315,\"caption\":\"Cuidados Salud \u00c9poca Seca\"},{\"@type\":\"WebSite\",\"@id\":\"https:\\\/\\\/laboratoriobioclinic.cr\\\/es\\\/#website\",\"url\":\"https:\\\/\\\/laboratoriobioclinic.cr\\\/es\\\/\",\"name\":\"Laboratorio Bioclinic\",\"description\":\"An\u00e1lisis cl\u00ednicos | Puerto Viejo | Lim\u00f3n\",\"potentialAction\":[{\"@type\":\"SearchAction\",\"target\":{\"@type\":\"EntryPoint\",\"urlTemplate\":\"https:\\\/\\\/laboratoriobioclinic.cr\\\/es\\\/?s={search_term_string}\"},\"query-input\":{\"@type\":\"PropertyValueSpecification\",\"valueRequired\":true,\"valueName\":\"search_term_string\"}}],\"inLanguage\":\"es\"},{\"@type\":\"Person\",\"@id\":\"https:\\\/\\\/laboratoriobioclinic.cr\\\/es\\\/#\\\/schema\\\/person\\\/22388802b822cf3b3ff7019581c95721\",\"name\":\"V\u00edctor Hern\u00e1ndez\",\"image\":{\"@type\":\"ImageObject\",\"inLanguage\":\"es\",\"@id\":\"https:\\\/\\\/secure.gravatar.com\\\/avatar\\\/df86c8d5b329d3be6dc959b83558672fb6ce1002eb345c198ef5458738b7ce88?s=96&d=mm&r=g\",\"url\":\"https:\\\/\\\/secure.gravatar.com\\\/avatar\\\/df86c8d5b329d3be6dc959b83558672fb6ce1002eb345c198ef5458738b7ce88?s=96&d=mm&r=g\",\"contentUrl\":\"https:\\\/\\\/secure.gravatar.com\\\/avatar\\\/df86c8d5b329d3be6dc959b83558672fb6ce1002eb345c198ef5458738b7ce88?s=96&d=mm&r=g\",\"caption\":\"V\u00edctor Hern\u00e1ndez\"},\"url\":\"https:\\\/\\\/laboratoriobioclinic.cr\\\/es\\\/author\\\/victor\\\/\"}]}<\/script>\n<!-- \/ Yoast SEO plugin. -->","yoast_head_json":{"title":"Cuidados Salud \u00c9poca Seca Costa Rica: Gu\u00eda de Bienestar - Laboratorio Bioclinic","description":"Explora los mejores cuidados de salud en la \u00e9poca seca en Costa Rica. Encuentra consejos pr\u00e1cticos para tu bienestar en el calor tropical.","robots":{"index":"index","follow":"follow","max-snippet":"max-snippet:-1","max-image-preview":"max-image-preview:large","max-video-preview":"max-video-preview:-1"},"canonical":"https:\/\/laboratoriobioclinic.cr\/en\/blog-es\/cuidados-epoca-seca-costa-rica\/","og_locale":"es_ES","og_type":"article","og_title":"Cuidados Salud \u00c9poca Seca Costa Rica: Gu\u00eda de Bienestar - Laboratorio Bioclinic","og_description":"Explora los mejores cuidados de salud en la \u00e9poca seca en Costa Rica. Encuentra consejos pr\u00e1cticos para tu bienestar en el calor tropical.","og_url":"https:\/\/laboratoriobioclinic.cr\/en\/blog-es\/cuidados-epoca-seca-costa-rica\/","og_site_name":"Laboratorio Bioclinic","article_published_time":"2024-04-01T16:34:33+00:00","og_image":[{"width":851,"height":315,"url":"https:\/\/laboratoriobioclinic.cr\/wp-content\/uploads\/2024\/04\/Cuidados-Esenciales-en-la-Epoca-Seca-Protege-tu-Salud-y-Bienestar.png","type":"image\/png"}],"author":"V\u00edctor Hern\u00e1ndez","twitter_card":"summary_large_image","twitter_misc":{"Escrito por":"V\u00edctor Hern\u00e1ndez","Tiempo de lectura":"3 minutos"},"schema":{"@context":"https:\/\/schema.org","@graph":[{"@type":"Article","@id":"https:\/\/laboratoriobioclinic.cr\/en\/blog-es\/cuidados-epoca-seca-costa-rica\/#article","isPartOf":{"@id":"https:\/\/laboratoriobioclinic.cr\/en\/blog-es\/cuidados-epoca-seca-costa-rica\/"},"author":{"name":"V\u00edctor Hern\u00e1ndez","@id":"https:\/\/laboratoriobioclinic.cr\/es\/#\/schema\/person\/22388802b822cf3b3ff7019581c95721"},"headline":"Cuidados Esenciales en la \u00c9poca Seca: Protege tu Salud y Bienestar","datePublished":"2024-04-01T16:34:33+00:00","mainEntityOfPage":{"@id":"https:\/\/laboratoriobioclinic.cr\/en\/blog-es\/cuidados-epoca-seca-costa-rica\/"},"wordCount":504,"commentCount":0,"image":{"@id":"https:\/\/laboratoriobioclinic.cr\/en\/blog-es\/cuidados-epoca-seca-costa-rica\/#primaryimage"},"thumbnailUrl":"https:\/\/laboratoriobioclinic.cr\/wp-content\/uploads\/2024\/04\/Cuidados-Esenciales-en-la-Epoca-Seca-Protege-tu-Salud-y-Bienestar.png","keywords":["bienestar","calidad del aire","calor tropical","consejos pr\u00e1cticos","costa rica","cuidados de salud","enfermedades estacionales","\u00e9poca seca","hidrataci\u00f3n","protecci\u00f3n solar"],"articleSection":["Blog ES"],"inLanguage":"es","potentialAction":[{"@type":"CommentAction","name":"Comment","target":["https:\/\/laboratoriobioclinic.cr\/en\/blog-es\/cuidados-epoca-seca-costa-rica\/#respond"]}]},{"@type":"WebPage","@id":"https:\/\/laboratoriobioclinic.cr\/en\/blog-es\/cuidados-epoca-seca-costa-rica\/","url":"https:\/\/laboratoriobioclinic.cr\/en\/blog-es\/cuidados-epoca-seca-costa-rica\/","name":"Cuidados Salud \u00c9poca Seca Costa Rica: Gu\u00eda de Bienestar - Laboratorio Bioclinic","isPartOf":{"@id":"https:\/\/laboratoriobioclinic.cr\/es\/#website"},"primaryImageOfPage":{"@id":"https:\/\/laboratoriobioclinic.cr\/en\/blog-es\/cuidados-epoca-seca-costa-rica\/#primaryimage"},"image":{"@id":"https:\/\/laboratoriobioclinic.cr\/en\/blog-es\/cuidados-epoca-seca-costa-rica\/#primaryimage"},"thumbnailUrl":"https:\/\/laboratoriobioclinic.cr\/wp-content\/uploads\/2024\/04\/Cuidados-Esenciales-en-la-Epoca-Seca-Protege-tu-Salud-y-Bienestar.png","datePublished":"2024-04-01T16:34:33+00:00","author":{"@id":"https:\/\/laboratoriobioclinic.cr\/es\/#\/schema\/person\/22388802b822cf3b3ff7019581c95721"},"description":"Explora los mejores cuidados de salud en la \u00e9poca seca en Costa Rica. Encuentra consejos pr\u00e1cticos para tu bienestar en el calor tropical.","inLanguage":"es","potentialAction":[{"@type":"ReadAction","target":["https:\/\/laboratoriobioclinic.cr\/en\/blog-es\/cuidados-epoca-seca-costa-rica\/"]}]},{"@type":"ImageObject","inLanguage":"es","@id":"https:\/\/laboratoriobioclinic.cr\/en\/blog-es\/cuidados-epoca-seca-costa-rica\/#primaryimage","url":"https:\/\/laboratoriobioclinic.cr\/wp-content\/uploads\/2024\/04\/Cuidados-Esenciales-en-la-Epoca-Seca-Protege-tu-Salud-y-Bienestar.png","contentUrl":"https:\/\/laboratoriobioclinic.cr\/wp-content\/uploads\/2024\/04\/Cuidados-Esenciales-en-la-Epoca-Seca-Protege-tu-Salud-y-Bienestar.png","width":851,"height":315,"caption":"Cuidados Salud \u00c9poca Seca"},{"@type":"WebSite","@id":"https:\/\/laboratoriobioclinic.cr\/es\/#website","url":"https:\/\/laboratoriobioclinic.cr\/es\/","name":"Laboratorio Bioclinic","description":"An\u00e1lisis cl\u00ednicos | Puerto Viejo | Lim\u00f3n","potentialAction":[{"@type":"SearchAction","target":{"@type":"EntryPoint","urlTemplate":"https:\/\/laboratoriobioclinic.cr\/es\/?s={search_term_string}"},"query-input":{"@type":"PropertyValueSpecification","valueRequired":true,"valueName":"search_term_string"}}],"inLanguage":"es"},{"@type":"Person","@id":"https:\/\/laboratoriobioclinic.cr\/es\/#\/schema\/person\/22388802b822cf3b3ff7019581c95721","name":"V\u00edctor Hern\u00e1ndez","image":{"@type":"ImageObject","inLanguage":"es","@id":"https:\/\/secure.gravatar.com\/avatar\/df86c8d5b329d3be6dc959b83558672fb6ce1002eb345c198ef5458738b7ce88?s=96&d=mm&r=g","url":"https:\/\/secure.gravatar.com\/avatar\/df86c8d5b329d3be6dc959b83558672fb6ce1002eb345c198ef5458738b7ce88?s=96&d=mm&r=g","contentUrl":"https:\/\/secure.gravatar.com\/avatar\/df86c8d5b329d3be6dc959b83558672fb6ce1002eb345c198ef5458738b7ce88?s=96&d=mm&r=g","caption":"V\u00edctor Hern\u00e1ndez"},"url":"https:\/\/laboratoriobioclinic.cr\/es\/author\/victor\/"}]}},"_links":{"self":[{"href":"https:\/\/laboratoriobioclinic.cr\/es\/wp-json\/wp\/v2\/posts\/887","targetHints":{"allow":["GET"]}}],"collection":[{"href":"https:\/\/laboratoriobioclinic.cr\/es\/wp-json\/wp\/v2\/posts"}],"about":[{"href":"https:\/\/laboratoriobioclinic.cr\/es\/wp-json\/wp\/v2\/types\/post"}],"author":[{"embeddable":true,"href":"https:\/\/laboratoriobioclinic.cr\/es\/wp-json\/wp\/v2\/users\/2"}],"replies":[{"embeddable":true,"href":"https:\/\/laboratoriobioclinic.cr\/es\/wp-json\/wp\/v2\/comments?post=887"}],"version-history":[{"count":1,"href":"https:\/\/laboratoriobioclinic.cr\/es\/wp-json\/wp\/v2\/posts\/887\/revisions"}],"predecessor-version":[{"id":889,"href":"https:\/\/laboratoriobioclinic.cr\/es\/wp-json\/wp\/v2\/posts\/887\/revisions\/889"}],"wp:featuredmedia":[{"embeddable":true,"href":"https:\/\/laboratoriobioclinic.cr\/es\/wp-json\/wp\/v2\/media\/888"}],"wp:attachment":[{"href":"https:\/\/laboratoriobioclinic.cr\/es\/wp-json\/wp\/v2\/media?parent=887"}],"wp:term":[{"taxonomy":"category","embeddable":true,"href":"https:\/\/laboratoriobioclinic.cr\/es\/wp-json\/wp\/v2\/categories?post=887"},{"taxonomy":"post_tag","embeddable":true,"href":"https:\/\/laboratoriobioclinic.cr\/es\/wp-json\/wp\/v2\/tags?post=887"}],"curies":[{"name":"wp","href":"https:\/\/api.w.org\/{rel}","templated":true}]}}