{"id":882,"date":"2024-02-22T15:35:17","date_gmt":"2024-02-22T21:35:17","guid":{"rendered":"https:\/\/laboratoriobioclinic.cr\/?p=882"},"modified":"2024-02-23T09:02:50","modified_gmt":"2024-02-23T15:02:50","slug":"lucha-cancer-mama-costa-rica","status":"publish","type":"post","link":"https:\/\/laboratoriobioclinic.cr\/es\/blog-es\/lucha-cancer-mama-costa-rica\/","title":{"rendered":"La Lucha Contra el C\u00e1ncer de Mama en Costa Rica"},"content":{"rendered":"<p>Costa Rica enfrenta un reto significativo en la incidencia y tratamiento del c\u00e1ncer de mama, una enfermedad que no solo afecta a una gran parte de la poblaci\u00f3n femenina, sino que tambi\u00e9n moviliza a toda la sociedad en busca de soluciones efectivas. Este art\u00edculo explora c\u00f3mo, a trav\u00e9s de esfuerzos conjuntos y la intervenci\u00f3n de organizaciones como FUNDESO, el pa\u00eds est\u00e1 avanzando en la detecci\u00f3n temprana, el tratamiento adecuado y la prevenci\u00f3n de esta condici\u00f3n, destacando las estrategias que est\u00e1n marcando la diferencia en la vida de muchas mujeres.<\/p>\n<h2>Avances en el Tratamiento y la Incidencia del C\u00e1ncer de Mama en Costa Rica<\/h2>\n<p>La <a href=\"https:\/\/www.facebook.com\/fundacionfundeso\/?locale=es_LA\">Fundaci\u00f3n Nacional de Solidaridad contra el C\u00e1ncer de Mama (FUNDESO)<\/a>, fundada por Elena Sikora de Schifter y un grupo de mujeres comprometidas, ha sido un pilar en la lucha contra el c\u00e1ncer de mama en Costa Rica. A trav\u00e9s de programas de educaci\u00f3n, campa\u00f1as de sensibilizaci\u00f3n y soporte a mujeres diagnosticadas, FUNDESO trabaja incansablemente para reducir la incidencia de esta enfermedad y mejorar el bienestar de las pacientes.<\/p>\n<h3>Estrategias Efectivas para Reducir la Incidencia del C\u00e1ncer de Mama<\/h3>\n<p>En 2022, se registraron 1,337 casos nuevos de c\u00e1ncer de mama en Costa Rica, con 420 muertes. La mayor\u00eda de los casos nuevos y muertes ocurren en mujeres mayores de 50 a\u00f1os, lo que resalta la importancia de la detecci\u00f3n temprana y el acceso a tratamientos adecuados. Sin embargo, la sobrevida despu\u00e9s de cinco a\u00f1os del diagn\u00f3stico alcanza el 87%, una de las m\u00e1s altas a nivel mundial, gracias a los avances en el tratamiento y manejo de esta enfermedad<\/p>\n<p>El c\u00e1ncer, siendo la segunda causa de muerte en el pa\u00eds, requiere de una detecci\u00f3n temprana crucial, con un potencial de curaci\u00f3n del 90% a un plazo de cinco a\u00f1os si se diagnostica en etapas tempranas. La Organizaci\u00f3n Mundial de la Salud (OMS) estima que uno de cada tres casos de c\u00e1ncer se puede prevenir mediante h\u00e1bitos saludables, subrayando la importancia de la prevenci\u00f3n.<\/p>\n<h3>Avances en Tratamiento y Prevenci\u00f3n<\/h3>\n<p>Costa Rica ha hecho esfuerzos significativos en mejorar la atenci\u00f3n integral a pacientes con c\u00e1ncer de mama, utilizando un enfoque de equipo interdisciplinario para determinar la mejor ruta terap\u00e9utica. La implementaci\u00f3n de tecnolog\u00edas avanzadas como la t\u00e9cnica del ganglio centinela en cirug\u00edas conservadoras y un enfoque interdisciplinario para el tratamiento han sido clave. Adem\u00e1s, se ha logrado una reducci\u00f3n en la mortalidad prematura gracias a la detecci\u00f3n de casos en estadios m\u00e1s tempranos, mejor accesibilidad a los m\u00e9todos diagn\u00f3sticos y un fortalecimiento en los procesos de abordaje terap\u00e9utico.<\/p>\n<h3>Desaf\u00edos Persistentes<\/h3>\n<p>A pesar de los avances, Costa Rica enfrenta desaf\u00edos significativos en la atenci\u00f3n a pacientes con c\u00e1ncer de mama en todas las etapas de la enfermedad, principalmente por la escasez de personal especializado. Adem\u00e1s, la cobertura de vacunaci\u00f3n contra el virus del papiloma humano (VPH) ha mostrado una baja en a\u00f1os recientes, un factor cr\u00edtico en la prevenci\u00f3n del c\u00e1ncer de c\u00e9rvix, otro de los c\u00e1nceres prioritarios en el pa\u00eds.<\/p>\n<h3>La Importancia de la Prevenci\u00f3n<\/h3>\n<p>La <a href=\"https:\/\/laboratoriobioclinic.cr\/blog-es\/prevenci%c3%93n-factores-de-riesgo-y-prevenci%c3%93n-del-c%c3%81ncer-de-mama\/\">prevenci\u00f3n del c\u00e1ncer de mama<\/a> no solo se centra en la detecci\u00f3n temprana sino tambi\u00e9n en la promoci\u00f3n de h\u00e1bitos saludables. La OMS y expertos locales enfatizan la importancia de mantener un peso adecuado, ser f\u00edsicamente activo, y adoptar una dieta saludable. La educaci\u00f3n y el empoderamiento de las mujeres para que realicen autoex\u00e1menes y participen en programas de tamizaje son fundamentales para una <a href=\"https:\/\/laboratoriobioclinic.cr\/blog-es\/diagnostico-cancer-detecci%c3%b3n-temprana\/\">detecci\u00f3n precoz y efectiva.<\/a><\/p>\n<h3>Conclusi\u00f3n: Un Esfuerzo Conjunto<\/h3>\n<p>La lucha contra el c\u00e1ncer de mama en Costa Rica es un reflejo del compromiso del pa\u00eds con la salud de sus ciudadanas. Organizaciones como <a href=\"https:\/\/www.facebook.com\/fundacionfundeso\/?locale=es_LA\">FUNDESO<\/a>, junto con los espectro social y el sistema de salud p\u00fablica, est\u00e1n haciendo frente a este desaf\u00edo con determinaci\u00f3n y esperanza. Los avances en el tratamiento y la detecci\u00f3n temprana, junto con las iniciativas de prevenci\u00f3n, est\u00e1n marcando una diferencia significativa en la vida de muchas mujeres.<\/p>\n<p>Sin embargo, la lucha est\u00e1 lejos de terminar. Los desaf\u00edos persistentes en el acceso al tratamiento, la necesidad de m\u00e1s personal especializado, y la importancia de aumentar la cobertura de vacunaci\u00f3n contra el VPH requieren una atenci\u00f3n continua. La educaci\u00f3n para la salud y la promoci\u00f3n de estilos de vida saludables son esenciales para prevenir no solo el c\u00e1ncer de mama sino tambi\u00e9n otros tipos de c\u00e1ncer.<\/p>\n<p>La solidaridad y el apoyo comunitario son fundamentales en esta batalla. FUNDESO y otras organizaciones juegan un papel crucial en proporcionar apoyo emocional y psicol\u00f3gico a las pacientes y sus familias, contribuyendo a una mejor calidad de vida y a una mayor tasa de supervivencia.<\/p>\n<p>El camino hacia la reducci\u00f3n de la incidencia y mortalidad del c\u00e1ncer de mama en Costa Rica es un esfuerzo conjunto que involucra a toda la sociedad. La educaci\u00f3n, la prevenci\u00f3n, y el tratamiento adecuado son las claves para continuar avanzando en esta lucha. Con el compromiso continuo de todos los sectores, se puede aspirar a un futuro donde el c\u00e1ncer de mama sea detectado en etapas cada vez m\u00e1s tempranas y tratado de manera m\u00e1s efectiva, asegurando una mejor sobrevida para las mujeres costarricenses.<\/p>\n<p>La conmemoraci\u00f3n del D\u00eda Internacional de la Lucha contra el <a href=\"https:\/\/laboratoriobioclinic.cr\/blog-es\/octubre-sensibilizaci%c3%b3n-sobre-el-c%c3%a1ncer-de-mama\/\">C\u00e1ncer de Mama el 19 de octubre<\/a> de cada a\u00f1o sirve como un recordatorio de la importancia de esta lucha y del trabajo que a\u00fan queda por hacer. Costa Rica, con el apoyo de organizaciones como FUNDESO, profesionales de la salud, y la comunidad en general, contin\u00faa avanzando hacia ese objetivo, demostrando que la uni\u00f3n, la educaci\u00f3n y el compromiso son herramientas poderosas en la lucha contra el c\u00e1ncer de mama.<\/p>\n","protected":false},"excerpt":{"rendered":"<p>Costa Rica enfrenta un reto significativo en la incidencia y tratamiento del c\u00e1ncer de mama, una enfermedad que no solo afecta a una gran parte de la poblaci\u00f3n femenina, sino que tambi\u00e9n moviliza a toda la sociedad en busca de soluciones efectivas. Este art\u00edculo explora c\u00f3mo, a trav\u00e9s de esfuerzos conjuntos y la intervenci\u00f3n de [&hellip;]<\/p>\n","protected":false},"author":2,"featured_media":334,"comment_status":"open","ping_status":"open","sticky":false,"template":"","format":"standard","meta":{"footnotes":""},"categories":[15],"tags":[662,39,43,538,663,660,54,503,664,661],"class_list":["post-882","post","type-post","status-publish","format-standard","has-post-thumbnail","hentry","category-blog-es","tag-apoyo-a-pacientes","tag-cncer-de-mama","tag-costa-rica","tag-deteccin-temprana","tag-educacin-para-la-salud","tag-fundeso","tag-prevencin","tag-salud-femenina","tag-solidaridad","tag-tratamiento"],"yoast_head":"<!-- This site is optimized with the Yoast SEO plugin v27.5 - https:\/\/yoast.com\/product\/yoast-seo-wordpress\/ -->\n<title>C\u00e1ncer de Mama: Esperanza en Costa Rica - Laboratorio Bioclinic<\/title>\n<meta name=\"description\" content=\"Descubre la incidencia y tratamiento del c\u00e1ncer de mama en Costa Rica, destacando el papel de FUNDESO en prevenci\u00f3n y apoyo.\" \/>\n<meta name=\"robots\" content=\"index, follow, max-snippet:-1, max-image-preview:large, max-video-preview:-1\" \/>\n<link rel=\"canonical\" href=\"https:\/\/www.laboratoriobioclinic.cr\/es\/blog-es\/lucha-cancer-mama-costa-rica\/\" \/>\n<meta property=\"og:locale\" content=\"es_ES\" \/>\n<meta property=\"og:type\" content=\"article\" \/>\n<meta property=\"og:title\" content=\"C\u00e1ncer de Mama: Esperanza en Costa Rica - Laboratorio Bioclinic\" \/>\n<meta property=\"og:description\" content=\"Descubre la incidencia y tratamiento del c\u00e1ncer de mama en Costa Rica, destacando el papel de FUNDESO en prevenci\u00f3n y apoyo.\" \/>\n<meta property=\"og:url\" content=\"https:\/\/www.laboratoriobioclinic.cr\/es\/blog-es\/lucha-cancer-mama-costa-rica\/\" \/>\n<meta property=\"og:site_name\" content=\"Laboratorio Bioclinic\" \/>\n<meta property=\"article:published_time\" content=\"2024-02-22T21:35:17+00:00\" \/>\n<meta property=\"article:modified_time\" content=\"2024-02-23T15:02:50+00:00\" \/>\n<meta property=\"og:image\" content=\"https:\/\/www.laboratoriobioclinic.cr\/wp-content\/uploads\/2021\/10\/Octubre-Sensibilizacio\u0301n-sobre-el-Ca\u0301ncer-de-Mama.jpg\" \/>\n\t<meta property=\"og:image:width\" content=\"1\" \/>\n\t<meta property=\"og:image:height\" content=\"1\" \/>\n\t<meta property=\"og:image:type\" content=\"image\/jpeg\" \/>\n<meta name=\"author\" content=\"V\u00edctor Hern\u00e1ndez\" \/>\n<meta name=\"twitter:card\" content=\"summary_large_image\" \/>\n<meta name=\"twitter:label1\" content=\"Escrito por\" \/>\n\t<meta name=\"twitter:data1\" content=\"V\u00edctor Hern\u00e1ndez\" \/>\n\t<meta name=\"twitter:label2\" content=\"Tiempo de lectura\" \/>\n\t<meta name=\"twitter:data2\" content=\"5 minutos\" \/>\n<script type=\"application\/ld+json\" class=\"yoast-schema-graph\">{\"@context\":\"https:\\\/\\\/schema.org\",\"@graph\":[{\"@type\":\"Article\",\"@id\":\"https:\\\/\\\/www.laboratoriobioclinic.cr\\\/es\\\/blog-es\\\/lucha-cancer-mama-costa-rica\\\/#article\",\"isPartOf\":{\"@id\":\"https:\\\/\\\/www.laboratoriobioclinic.cr\\\/es\\\/blog-es\\\/lucha-cancer-mama-costa-rica\\\/\"},\"author\":{\"name\":\"V\u00edctor Hern\u00e1ndez\",\"@id\":\"https:\\\/\\\/laboratoriobioclinic.cr\\\/es\\\/#\\\/schema\\\/person\\\/22388802b822cf3b3ff7019581c95721\"},\"headline\":\"La Lucha Contra el C\u00e1ncer de Mama en Costa Rica\",\"datePublished\":\"2024-02-22T21:35:17+00:00\",\"dateModified\":\"2024-02-23T15:02:50+00:00\",\"mainEntityOfPage\":{\"@id\":\"https:\\\/\\\/www.laboratoriobioclinic.cr\\\/es\\\/blog-es\\\/lucha-cancer-mama-costa-rica\\\/\"},\"wordCount\":1037,\"commentCount\":0,\"image\":{\"@id\":\"https:\\\/\\\/www.laboratoriobioclinic.cr\\\/es\\\/blog-es\\\/lucha-cancer-mama-costa-rica\\\/#primaryimage\"},\"thumbnailUrl\":\"https:\\\/\\\/laboratoriobioclinic.cr\\\/wp-content\\\/uploads\\\/2021\\\/10\\\/Octubre-Sensibilizacio\u0301n-sobre-el-Ca\u0301ncer-de-Mama.jpg\",\"keywords\":[\"apoyo a pacientes\",\"c\u00e1ncer de mama\",\"costa rica\",\"Detecci\u00f3n temprana\",\"educaci\u00f3n para la salud\",\"FUNDESO\",\"prevenci\u00f3n\",\"Salud femenina\",\"solidaridad\",\"tratamiento\"],\"articleSection\":[\"Blog ES\"],\"inLanguage\":\"es\",\"potentialAction\":[{\"@type\":\"CommentAction\",\"name\":\"Comment\",\"target\":[\"https:\\\/\\\/www.laboratoriobioclinic.cr\\\/es\\\/blog-es\\\/lucha-cancer-mama-costa-rica\\\/#respond\"]}]},{\"@type\":\"WebPage\",\"@id\":\"https:\\\/\\\/www.laboratoriobioclinic.cr\\\/es\\\/blog-es\\\/lucha-cancer-mama-costa-rica\\\/\",\"url\":\"https:\\\/\\\/www.laboratoriobioclinic.cr\\\/es\\\/blog-es\\\/lucha-cancer-mama-costa-rica\\\/\",\"name\":\"C\u00e1ncer de Mama: Esperanza en Costa Rica - Laboratorio Bioclinic\",\"isPartOf\":{\"@id\":\"https:\\\/\\\/laboratoriobioclinic.cr\\\/es\\\/#website\"},\"primaryImageOfPage\":{\"@id\":\"https:\\\/\\\/www.laboratoriobioclinic.cr\\\/es\\\/blog-es\\\/lucha-cancer-mama-costa-rica\\\/#primaryimage\"},\"image\":{\"@id\":\"https:\\\/\\\/www.laboratoriobioclinic.cr\\\/es\\\/blog-es\\\/lucha-cancer-mama-costa-rica\\\/#primaryimage\"},\"thumbnailUrl\":\"https:\\\/\\\/laboratoriobioclinic.cr\\\/wp-content\\\/uploads\\\/2021\\\/10\\\/Octubre-Sensibilizacio\u0301n-sobre-el-Ca\u0301ncer-de-Mama.jpg\",\"datePublished\":\"2024-02-22T21:35:17+00:00\",\"dateModified\":\"2024-02-23T15:02:50+00:00\",\"author\":{\"@id\":\"https:\\\/\\\/laboratoriobioclinic.cr\\\/es\\\/#\\\/schema\\\/person\\\/22388802b822cf3b3ff7019581c95721\"},\"description\":\"Descubre la incidencia y tratamiento del c\u00e1ncer de mama en Costa Rica, destacando el papel de FUNDESO en prevenci\u00f3n y apoyo.\",\"inLanguage\":\"es\",\"potentialAction\":[{\"@type\":\"ReadAction\",\"target\":[\"https:\\\/\\\/www.laboratoriobioclinic.cr\\\/es\\\/blog-es\\\/lucha-cancer-mama-costa-rica\\\/\"]}]},{\"@type\":\"ImageObject\",\"inLanguage\":\"es\",\"@id\":\"https:\\\/\\\/www.laboratoriobioclinic.cr\\\/es\\\/blog-es\\\/lucha-cancer-mama-costa-rica\\\/#primaryimage\",\"url\":\"https:\\\/\\\/laboratoriobioclinic.cr\\\/wp-content\\\/uploads\\\/2021\\\/10\\\/Octubre-Sensibilizacio\u0301n-sobre-el-Ca\u0301ncer-de-Mama.jpg\",\"contentUrl\":\"https:\\\/\\\/laboratoriobioclinic.cr\\\/wp-content\\\/uploads\\\/2021\\\/10\\\/Octubre-Sensibilizacio\u0301n-sobre-el-Ca\u0301ncer-de-Mama.jpg\"},{\"@type\":\"WebSite\",\"@id\":\"https:\\\/\\\/laboratoriobioclinic.cr\\\/es\\\/#website\",\"url\":\"https:\\\/\\\/laboratoriobioclinic.cr\\\/es\\\/\",\"name\":\"Laboratorio Bioclinic\",\"description\":\"An\u00e1lisis cl\u00ednicos | Puerto Viejo | Lim\u00f3n\",\"potentialAction\":[{\"@type\":\"SearchAction\",\"target\":{\"@type\":\"EntryPoint\",\"urlTemplate\":\"https:\\\/\\\/laboratoriobioclinic.cr\\\/es\\\/?s={search_term_string}\"},\"query-input\":{\"@type\":\"PropertyValueSpecification\",\"valueRequired\":true,\"valueName\":\"search_term_string\"}}],\"inLanguage\":\"es\"},{\"@type\":\"Person\",\"@id\":\"https:\\\/\\\/laboratoriobioclinic.cr\\\/es\\\/#\\\/schema\\\/person\\\/22388802b822cf3b3ff7019581c95721\",\"name\":\"V\u00edctor Hern\u00e1ndez\",\"image\":{\"@type\":\"ImageObject\",\"inLanguage\":\"es\",\"@id\":\"https:\\\/\\\/secure.gravatar.com\\\/avatar\\\/df86c8d5b329d3be6dc959b83558672fb6ce1002eb345c198ef5458738b7ce88?s=96&d=mm&r=g\",\"url\":\"https:\\\/\\\/secure.gravatar.com\\\/avatar\\\/df86c8d5b329d3be6dc959b83558672fb6ce1002eb345c198ef5458738b7ce88?s=96&d=mm&r=g\",\"contentUrl\":\"https:\\\/\\\/secure.gravatar.com\\\/avatar\\\/df86c8d5b329d3be6dc959b83558672fb6ce1002eb345c198ef5458738b7ce88?s=96&d=mm&r=g\",\"caption\":\"V\u00edctor Hern\u00e1ndez\"},\"url\":\"https:\\\/\\\/laboratoriobioclinic.cr\\\/es\\\/author\\\/victor\\\/\"}]}<\/script>\n<!-- \/ Yoast SEO plugin. -->","yoast_head_json":{"title":"C\u00e1ncer de Mama: Esperanza en Costa Rica - Laboratorio Bioclinic","description":"Descubre la incidencia y tratamiento del c\u00e1ncer de mama en Costa Rica, destacando el papel de FUNDESO en prevenci\u00f3n y apoyo.","robots":{"index":"index","follow":"follow","max-snippet":"max-snippet:-1","max-image-preview":"max-image-preview:large","max-video-preview":"max-video-preview:-1"},"canonical":"https:\/\/www.laboratoriobioclinic.cr\/es\/blog-es\/lucha-cancer-mama-costa-rica\/","og_locale":"es_ES","og_type":"article","og_title":"C\u00e1ncer de Mama: Esperanza en Costa Rica - Laboratorio Bioclinic","og_description":"Descubre la incidencia y tratamiento del c\u00e1ncer de mama en Costa Rica, destacando el papel de FUNDESO en prevenci\u00f3n y apoyo.","og_url":"https:\/\/www.laboratoriobioclinic.cr\/es\/blog-es\/lucha-cancer-mama-costa-rica\/","og_site_name":"Laboratorio Bioclinic","article_published_time":"2024-02-22T21:35:17+00:00","article_modified_time":"2024-02-23T15:02:50+00:00","og_image":[{"url":"https:\/\/www.laboratoriobioclinic.cr\/wp-content\/uploads\/2021\/10\/Octubre-Sensibilizacio\u0301n-sobre-el-Ca\u0301ncer-de-Mama.jpg","width":1,"height":1,"type":"image\/jpeg"}],"author":"V\u00edctor Hern\u00e1ndez","twitter_card":"summary_large_image","twitter_misc":{"Escrito por":"V\u00edctor Hern\u00e1ndez","Tiempo de lectura":"5 minutos"},"schema":{"@context":"https:\/\/schema.org","@graph":[{"@type":"Article","@id":"https:\/\/www.laboratoriobioclinic.cr\/es\/blog-es\/lucha-cancer-mama-costa-rica\/#article","isPartOf":{"@id":"https:\/\/www.laboratoriobioclinic.cr\/es\/blog-es\/lucha-cancer-mama-costa-rica\/"},"author":{"name":"V\u00edctor Hern\u00e1ndez","@id":"https:\/\/laboratoriobioclinic.cr\/es\/#\/schema\/person\/22388802b822cf3b3ff7019581c95721"},"headline":"La Lucha Contra el C\u00e1ncer de Mama en Costa Rica","datePublished":"2024-02-22T21:35:17+00:00","dateModified":"2024-02-23T15:02:50+00:00","mainEntityOfPage":{"@id":"https:\/\/www.laboratoriobioclinic.cr\/es\/blog-es\/lucha-cancer-mama-costa-rica\/"},"wordCount":1037,"commentCount":0,"image":{"@id":"https:\/\/www.laboratoriobioclinic.cr\/es\/blog-es\/lucha-cancer-mama-costa-rica\/#primaryimage"},"thumbnailUrl":"https:\/\/laboratoriobioclinic.cr\/wp-content\/uploads\/2021\/10\/Octubre-Sensibilizacio\u0301n-sobre-el-Ca\u0301ncer-de-Mama.jpg","keywords":["apoyo a pacientes","c\u00e1ncer de mama","costa rica","Detecci\u00f3n temprana","educaci\u00f3n para la salud","FUNDESO","prevenci\u00f3n","Salud femenina","solidaridad","tratamiento"],"articleSection":["Blog ES"],"inLanguage":"es","potentialAction":[{"@type":"CommentAction","name":"Comment","target":["https:\/\/www.laboratoriobioclinic.cr\/es\/blog-es\/lucha-cancer-mama-costa-rica\/#respond"]}]},{"@type":"WebPage","@id":"https:\/\/www.laboratoriobioclinic.cr\/es\/blog-es\/lucha-cancer-mama-costa-rica\/","url":"https:\/\/www.laboratoriobioclinic.cr\/es\/blog-es\/lucha-cancer-mama-costa-rica\/","name":"C\u00e1ncer de Mama: Esperanza en Costa Rica - Laboratorio Bioclinic","isPartOf":{"@id":"https:\/\/laboratoriobioclinic.cr\/es\/#website"},"primaryImageOfPage":{"@id":"https:\/\/www.laboratoriobioclinic.cr\/es\/blog-es\/lucha-cancer-mama-costa-rica\/#primaryimage"},"image":{"@id":"https:\/\/www.laboratoriobioclinic.cr\/es\/blog-es\/lucha-cancer-mama-costa-rica\/#primaryimage"},"thumbnailUrl":"https:\/\/laboratoriobioclinic.cr\/wp-content\/uploads\/2021\/10\/Octubre-Sensibilizacio\u0301n-sobre-el-Ca\u0301ncer-de-Mama.jpg","datePublished":"2024-02-22T21:35:17+00:00","dateModified":"2024-02-23T15:02:50+00:00","author":{"@id":"https:\/\/laboratoriobioclinic.cr\/es\/#\/schema\/person\/22388802b822cf3b3ff7019581c95721"},"description":"Descubre la incidencia y tratamiento del c\u00e1ncer de mama en Costa Rica, destacando el papel de FUNDESO en prevenci\u00f3n y apoyo.","inLanguage":"es","potentialAction":[{"@type":"ReadAction","target":["https:\/\/www.laboratoriobioclinic.cr\/es\/blog-es\/lucha-cancer-mama-costa-rica\/"]}]},{"@type":"ImageObject","inLanguage":"es","@id":"https:\/\/www.laboratoriobioclinic.cr\/es\/blog-es\/lucha-cancer-mama-costa-rica\/#primaryimage","url":"https:\/\/laboratoriobioclinic.cr\/wp-content\/uploads\/2021\/10\/Octubre-Sensibilizacio\u0301n-sobre-el-Ca\u0301ncer-de-Mama.jpg","contentUrl":"https:\/\/laboratoriobioclinic.cr\/wp-content\/uploads\/2021\/10\/Octubre-Sensibilizacio\u0301n-sobre-el-Ca\u0301ncer-de-Mama.jpg"},{"@type":"WebSite","@id":"https:\/\/laboratoriobioclinic.cr\/es\/#website","url":"https:\/\/laboratoriobioclinic.cr\/es\/","name":"Laboratorio Bioclinic","description":"An\u00e1lisis cl\u00ednicos | Puerto Viejo | Lim\u00f3n","potentialAction":[{"@type":"SearchAction","target":{"@type":"EntryPoint","urlTemplate":"https:\/\/laboratoriobioclinic.cr\/es\/?s={search_term_string}"},"query-input":{"@type":"PropertyValueSpecification","valueRequired":true,"valueName":"search_term_string"}}],"inLanguage":"es"},{"@type":"Person","@id":"https:\/\/laboratoriobioclinic.cr\/es\/#\/schema\/person\/22388802b822cf3b3ff7019581c95721","name":"V\u00edctor Hern\u00e1ndez","image":{"@type":"ImageObject","inLanguage":"es","@id":"https:\/\/secure.gravatar.com\/avatar\/df86c8d5b329d3be6dc959b83558672fb6ce1002eb345c198ef5458738b7ce88?s=96&d=mm&r=g","url":"https:\/\/secure.gravatar.com\/avatar\/df86c8d5b329d3be6dc959b83558672fb6ce1002eb345c198ef5458738b7ce88?s=96&d=mm&r=g","contentUrl":"https:\/\/secure.gravatar.com\/avatar\/df86c8d5b329d3be6dc959b83558672fb6ce1002eb345c198ef5458738b7ce88?s=96&d=mm&r=g","caption":"V\u00edctor Hern\u00e1ndez"},"url":"https:\/\/laboratoriobioclinic.cr\/es\/author\/victor\/"}]}},"_links":{"self":[{"href":"https:\/\/laboratoriobioclinic.cr\/es\/wp-json\/wp\/v2\/posts\/882","targetHints":{"allow":["GET"]}}],"collection":[{"href":"https:\/\/laboratoriobioclinic.cr\/es\/wp-json\/wp\/v2\/posts"}],"about":[{"href":"https:\/\/laboratoriobioclinic.cr\/es\/wp-json\/wp\/v2\/types\/post"}],"author":[{"embeddable":true,"href":"https:\/\/laboratoriobioclinic.cr\/es\/wp-json\/wp\/v2\/users\/2"}],"replies":[{"embeddable":true,"href":"https:\/\/laboratoriobioclinic.cr\/es\/wp-json\/wp\/v2\/comments?post=882"}],"version-history":[{"count":3,"href":"https:\/\/laboratoriobioclinic.cr\/es\/wp-json\/wp\/v2\/posts\/882\/revisions"}],"predecessor-version":[{"id":885,"href":"https:\/\/laboratoriobioclinic.cr\/es\/wp-json\/wp\/v2\/posts\/882\/revisions\/885"}],"wp:featuredmedia":[{"embeddable":true,"href":"https:\/\/laboratoriobioclinic.cr\/es\/wp-json\/wp\/v2\/media\/334"}],"wp:attachment":[{"href":"https:\/\/laboratoriobioclinic.cr\/es\/wp-json\/wp\/v2\/media?parent=882"}],"wp:term":[{"taxonomy":"category","embeddable":true,"href":"https:\/\/laboratoriobioclinic.cr\/es\/wp-json\/wp\/v2\/categories?post=882"},{"taxonomy":"post_tag","embeddable":true,"href":"https:\/\/laboratoriobioclinic.cr\/es\/wp-json\/wp\/v2\/tags?post=882"}],"curies":[{"name":"wp","href":"https:\/\/api.w.org\/{rel}","templated":true}]}}