{"id":357,"date":"2021-10-25T14:11:27","date_gmt":"2021-10-25T14:11:27","guid":{"rendered":"https:\/\/laboratoriobioclinic.cr\/?p=357"},"modified":"2021-10-25T14:15:05","modified_gmt":"2021-10-25T14:15:05","slug":"qu%c3%a9-es-la-enfermadad-renal","status":"publish","type":"post","link":"https:\/\/laboratoriobioclinic.cr\/es\/blog-es\/qu%c3%a9-es-la-enfermadad-renal\/","title":{"rendered":"\u00bfQu\u00e9 es la enfermedad renal?"},"content":{"rendered":"<h4>\u00bfQu\u00e9 es la enfermedad renal?<\/h4>\n<h5>Es la p\u00e9rdida lenta o r\u00e1pida de la funci\u00f3n normal de los ri\u00f1ones en un per\u00edodo de tiempo, que lleva a la acumulaci\u00f3n de l\u00edquido y productos de desecho en el cuerpo.<\/h5>\n<p>En la mayor\u00eda de los casos, la enfermedad renal es causada por problemas de salud que han hecho da\u00f1o constante a los ri\u00f1ones a largo plazo.<br \/>\nUn control inadecuado de la enfermedad podr\u00eda requerir un tratamiento de di\u00e1lisis o trasplante renal.<\/p>\n<p>La <strong>diabetes<\/strong> y la <strong>presi\u00f3n arterial alt<\/strong>a son las principales causas de enfermedad renal, ya que van da\u00f1ando lentamente los <strong>ri\u00f1ones<\/strong>. Existen otras condiciones que pueden causarla como enfermedades autoinmunes, defectos del nacimiento y enfermedades adquiridas.<\/p>\n<p><strong>S\u00cdNTOMAS DE LA ENFERMEDAD RENAL<\/strong>:<\/p>\n<ol>\n<li>N\u00e1useas y v\u00f3mitos<\/li>\n<li>Hinchaz\u00f3n de pies y tobillos<\/li>\n<li>Cambio en la cantidad de orina<\/li>\n<li>Fatiga o debilidad<\/li>\n<\/ol>\n<p><strong>IMPORTANTE<\/strong>: Tener <strong>diabetes<\/strong>, <strong>presi\u00f3n arterial alta<\/strong> o alguna de las otras causas de enfermedad renal, no quiere decir que definitivamente tendr\u00e1 enfermedad renal. Lo m\u00e1s importante es que consulte a su m\u00e9dico de forma temprana para que le pueda apoya a cuidar sus ri\u00f1ones.<\/p>\n<p>Consulte a su m\u00e9dico para la interpretaci\u00f3n de los resultados, que puede realizar en <a href=\"https:\/\/laboratoriobioclinic.cr\/\">Laboratorio Bioclinic<\/a> en <strong>Puerto Viejo<\/strong> o si tiene alguno de los s\u00edntomas de enfermedad renal y , m\u00e1s a\u00fan, si actualmente padece alg\u00fan problema de salud que aumente el riesgo de enfermedad.<\/p>\n<p>Fuente: Medineplus\/Kidneyfund\/Mayoclinic\/Astrazeneca<\/p>\n<p>&nbsp;<\/p>\n","protected":false},"excerpt":{"rendered":"<p>\u00bfQu\u00e9 es la enfermedad renal? Es la p\u00e9rdida lenta o r\u00e1pida de la funci\u00f3n normal de los ri\u00f1ones en un per\u00edodo de tiempo, que lleva a la acumulaci\u00f3n de l\u00edquido y productos de desecho en el cuerpo. En la mayor\u00eda de los casos, la enfermedad renal es causada por problemas de salud que han hecho [&hellip;]<\/p>\n","protected":false},"author":2,"featured_media":358,"comment_status":"open","ping_status":"open","sticky":false,"template":"","format":"standard","meta":{"footnotes":""},"categories":[15],"tags":[66,61,62,59,65,48,63,67,60,64],"class_list":["post-357","post","type-post","status-publish","format-standard","has-post-thumbnail","hentry","category-blog-es","tag-debilidad","tag-diabetes","tag-dilisis","tag-enfermedad-renal","tag-fatiga","tag-laboratorio-bioclinic","tag-nuseas","tag-orina","tag-riones","tag-vmitos"],"yoast_head":"<!-- This site is optimized with the Yoast SEO plugin v27.5 - https:\/\/yoast.com\/product\/yoast-seo-wordpress\/ -->\n<title>Qu\u00e9 es la enfermedad renal - Laboratorio Bioclinic<\/title>\n<meta name=\"description\" content=\"Es la p\u00e9rdida lenta o r\u00e1pida de la funci\u00f3n normal de los ri\u00f1ones, que lleva a la acumulaci\u00f3n de l\u00edquido y productos de desecho en el cuerpo.\" \/>\n<meta name=\"robots\" content=\"index, follow, max-snippet:-1, max-image-preview:large, max-video-preview:-1\" \/>\n<link rel=\"canonical\" href=\"https:\/\/laboratoriobioclinic.cr\/es\/blog-es\/qu\u00e9-es-la-enfermadad-renal\/\" \/>\n<meta property=\"og:locale\" content=\"es_ES\" \/>\n<meta property=\"og:type\" content=\"article\" \/>\n<meta property=\"og:title\" content=\"Qu\u00e9 es la enfermedad renal - Laboratorio Bioclinic\" \/>\n<meta property=\"og:description\" content=\"Es la p\u00e9rdida lenta o r\u00e1pida de la funci\u00f3n normal de los ri\u00f1ones, que lleva a la acumulaci\u00f3n de l\u00edquido y productos de desecho en el cuerpo.\" \/>\n<meta property=\"og:url\" content=\"https:\/\/laboratoriobioclinic.cr\/es\/blog-es\/qu\u00e9-es-la-enfermadad-renal\/\" \/>\n<meta property=\"og:site_name\" content=\"Laboratorio Bioclinic\" \/>\n<meta property=\"article:published_time\" content=\"2021-10-25T14:11:27+00:00\" \/>\n<meta property=\"article:modified_time\" content=\"2021-10-25T14:15:05+00:00\" \/>\n<meta property=\"og:image\" content=\"https:\/\/laboratoriobioclinic.cr\/wp-content\/uploads\/2021\/10\/Que-es-la-enfermadad-renal-laboratorio-bioclinic-puerto-viejo.jpg\" \/>\n\t<meta property=\"og:image:width\" content=\"653\" \/>\n\t<meta property=\"og:image:height\" content=\"356\" \/>\n\t<meta property=\"og:image:type\" content=\"image\/jpeg\" \/>\n<meta name=\"author\" content=\"V\u00edctor Hern\u00e1ndez\" \/>\n<meta name=\"twitter:card\" content=\"summary_large_image\" \/>\n<meta name=\"twitter:label1\" content=\"Escrito por\" \/>\n\t<meta name=\"twitter:data1\" content=\"V\u00edctor Hern\u00e1ndez\" \/>\n\t<meta name=\"twitter:label2\" content=\"Tiempo de lectura\" \/>\n\t<meta name=\"twitter:data2\" content=\"1 minuto\" \/>\n<script type=\"application\/ld+json\" class=\"yoast-schema-graph\">{\"@context\":\"https:\\\/\\\/schema.org\",\"@graph\":[{\"@type\":\"Article\",\"@id\":\"https:\\\/\\\/laboratoriobioclinic.cr\\\/es\\\/blog-es\\\/qu%c3%a9-es-la-enfermadad-renal\\\/#article\",\"isPartOf\":{\"@id\":\"https:\\\/\\\/laboratoriobioclinic.cr\\\/es\\\/blog-es\\\/qu%c3%a9-es-la-enfermadad-renal\\\/\"},\"author\":{\"name\":\"V\u00edctor Hern\u00e1ndez\",\"@id\":\"https:\\\/\\\/www.laboratoriobioclinic.cr\\\/en\\\/#\\\/schema\\\/person\\\/22388802b822cf3b3ff7019581c95721\"},\"headline\":\"\u00bfQu\u00e9 es la enfermedad renal?\",\"datePublished\":\"2021-10-25T14:11:27+00:00\",\"dateModified\":\"2021-10-25T14:15:05+00:00\",\"mainEntityOfPage\":{\"@id\":\"https:\\\/\\\/laboratoriobioclinic.cr\\\/es\\\/blog-es\\\/qu%c3%a9-es-la-enfermadad-renal\\\/\"},\"wordCount\":265,\"commentCount\":0,\"image\":{\"@id\":\"https:\\\/\\\/laboratoriobioclinic.cr\\\/es\\\/blog-es\\\/qu%c3%a9-es-la-enfermadad-renal\\\/#primaryimage\"},\"thumbnailUrl\":\"https:\\\/\\\/laboratoriobioclinic.cr\\\/wp-content\\\/uploads\\\/2021\\\/10\\\/Que-es-la-enfermadad-renal-laboratorio-bioclinic-puerto-viejo.jpg\",\"keywords\":[\"debilidad\",\"diabetes\",\"di\u00e1lisis\",\"enfermedad renal\",\"fatiga\",\"laboratorio bioclinic\",\"n\u00e1useas\",\"orina\",\"ri\u00f1ones\",\"v\u00f3mitos\"],\"articleSection\":[\"Blog ES\"],\"inLanguage\":\"es\",\"potentialAction\":[{\"@type\":\"CommentAction\",\"name\":\"Comment\",\"target\":[\"https:\\\/\\\/laboratoriobioclinic.cr\\\/es\\\/blog-es\\\/qu%c3%a9-es-la-enfermadad-renal\\\/#respond\"]}]},{\"@type\":\"WebPage\",\"@id\":\"https:\\\/\\\/laboratoriobioclinic.cr\\\/es\\\/blog-es\\\/qu%c3%a9-es-la-enfermadad-renal\\\/\",\"url\":\"https:\\\/\\\/laboratoriobioclinic.cr\\\/es\\\/blog-es\\\/qu%c3%a9-es-la-enfermadad-renal\\\/\",\"name\":\"Qu\u00e9 es la enfermedad renal - Laboratorio Bioclinic\",\"isPartOf\":{\"@id\":\"https:\\\/\\\/www.laboratoriobioclinic.cr\\\/en\\\/#website\"},\"primaryImageOfPage\":{\"@id\":\"https:\\\/\\\/laboratoriobioclinic.cr\\\/es\\\/blog-es\\\/qu%c3%a9-es-la-enfermadad-renal\\\/#primaryimage\"},\"image\":{\"@id\":\"https:\\\/\\\/laboratoriobioclinic.cr\\\/es\\\/blog-es\\\/qu%c3%a9-es-la-enfermadad-renal\\\/#primaryimage\"},\"thumbnailUrl\":\"https:\\\/\\\/laboratoriobioclinic.cr\\\/wp-content\\\/uploads\\\/2021\\\/10\\\/Que-es-la-enfermadad-renal-laboratorio-bioclinic-puerto-viejo.jpg\",\"datePublished\":\"2021-10-25T14:11:27+00:00\",\"dateModified\":\"2021-10-25T14:15:05+00:00\",\"author\":{\"@id\":\"https:\\\/\\\/www.laboratoriobioclinic.cr\\\/en\\\/#\\\/schema\\\/person\\\/22388802b822cf3b3ff7019581c95721\"},\"description\":\"Es la p\u00e9rdida lenta o r\u00e1pida de la funci\u00f3n normal de los ri\u00f1ones, que lleva a la acumulaci\u00f3n de l\u00edquido y productos de desecho en el cuerpo.\",\"inLanguage\":\"es\",\"potentialAction\":[{\"@type\":\"ReadAction\",\"target\":[\"https:\\\/\\\/laboratoriobioclinic.cr\\\/es\\\/blog-es\\\/qu%c3%a9-es-la-enfermadad-renal\\\/\"]}]},{\"@type\":\"ImageObject\",\"inLanguage\":\"es\",\"@id\":\"https:\\\/\\\/laboratoriobioclinic.cr\\\/es\\\/blog-es\\\/qu%c3%a9-es-la-enfermadad-renal\\\/#primaryimage\",\"url\":\"https:\\\/\\\/laboratoriobioclinic.cr\\\/wp-content\\\/uploads\\\/2021\\\/10\\\/Que-es-la-enfermadad-renal-laboratorio-bioclinic-puerto-viejo.jpg\",\"contentUrl\":\"https:\\\/\\\/laboratoriobioclinic.cr\\\/wp-content\\\/uploads\\\/2021\\\/10\\\/Que-es-la-enfermadad-renal-laboratorio-bioclinic-puerto-viejo.jpg\",\"width\":653,\"height\":356,\"caption\":\"enfermedad renal\"},{\"@type\":\"WebSite\",\"@id\":\"https:\\\/\\\/www.laboratoriobioclinic.cr\\\/en\\\/#website\",\"url\":\"https:\\\/\\\/www.laboratoriobioclinic.cr\\\/en\\\/\",\"name\":\"Laboratorio Bioclinic\",\"description\":\"An\u00e1lisis cl\u00ednicos | Puerto Viejo | Lim\u00f3n\",\"potentialAction\":[{\"@type\":\"SearchAction\",\"target\":{\"@type\":\"EntryPoint\",\"urlTemplate\":\"https:\\\/\\\/www.laboratoriobioclinic.cr\\\/en\\\/?s={search_term_string}\"},\"query-input\":{\"@type\":\"PropertyValueSpecification\",\"valueRequired\":true,\"valueName\":\"search_term_string\"}}],\"inLanguage\":\"es\"},{\"@type\":\"Person\",\"@id\":\"https:\\\/\\\/www.laboratoriobioclinic.cr\\\/en\\\/#\\\/schema\\\/person\\\/22388802b822cf3b3ff7019581c95721\",\"name\":\"V\u00edctor Hern\u00e1ndez\",\"image\":{\"@type\":\"ImageObject\",\"inLanguage\":\"es\",\"@id\":\"https:\\\/\\\/secure.gravatar.com\\\/avatar\\\/df86c8d5b329d3be6dc959b83558672fb6ce1002eb345c198ef5458738b7ce88?s=96&d=mm&r=g\",\"url\":\"https:\\\/\\\/secure.gravatar.com\\\/avatar\\\/df86c8d5b329d3be6dc959b83558672fb6ce1002eb345c198ef5458738b7ce88?s=96&d=mm&r=g\",\"contentUrl\":\"https:\\\/\\\/secure.gravatar.com\\\/avatar\\\/df86c8d5b329d3be6dc959b83558672fb6ce1002eb345c198ef5458738b7ce88?s=96&d=mm&r=g\",\"caption\":\"V\u00edctor Hern\u00e1ndez\"},\"url\":\"https:\\\/\\\/laboratoriobioclinic.cr\\\/es\\\/author\\\/victor\\\/\"}]}<\/script>\n<!-- \/ Yoast SEO plugin. -->","yoast_head_json":{"title":"Qu\u00e9 es la enfermedad renal - Laboratorio Bioclinic","description":"Es la p\u00e9rdida lenta o r\u00e1pida de la funci\u00f3n normal de los ri\u00f1ones, que lleva a la acumulaci\u00f3n de l\u00edquido y productos de desecho en el cuerpo.","robots":{"index":"index","follow":"follow","max-snippet":"max-snippet:-1","max-image-preview":"max-image-preview:large","max-video-preview":"max-video-preview:-1"},"canonical":"https:\/\/laboratoriobioclinic.cr\/es\/blog-es\/qu\u00e9-es-la-enfermadad-renal\/","og_locale":"es_ES","og_type":"article","og_title":"Qu\u00e9 es la enfermedad renal - Laboratorio Bioclinic","og_description":"Es la p\u00e9rdida lenta o r\u00e1pida de la funci\u00f3n normal de los ri\u00f1ones, que lleva a la acumulaci\u00f3n de l\u00edquido y productos de desecho en el cuerpo.","og_url":"https:\/\/laboratoriobioclinic.cr\/es\/blog-es\/qu\u00e9-es-la-enfermadad-renal\/","og_site_name":"Laboratorio Bioclinic","article_published_time":"2021-10-25T14:11:27+00:00","article_modified_time":"2021-10-25T14:15:05+00:00","og_image":[{"width":653,"height":356,"url":"https:\/\/laboratoriobioclinic.cr\/wp-content\/uploads\/2021\/10\/Que-es-la-enfermadad-renal-laboratorio-bioclinic-puerto-viejo.jpg","type":"image\/jpeg"}],"author":"V\u00edctor Hern\u00e1ndez","twitter_card":"summary_large_image","twitter_misc":{"Escrito por":"V\u00edctor Hern\u00e1ndez","Tiempo de lectura":"1 minuto"},"schema":{"@context":"https:\/\/schema.org","@graph":[{"@type":"Article","@id":"https:\/\/laboratoriobioclinic.cr\/es\/blog-es\/qu%c3%a9-es-la-enfermadad-renal\/#article","isPartOf":{"@id":"https:\/\/laboratoriobioclinic.cr\/es\/blog-es\/qu%c3%a9-es-la-enfermadad-renal\/"},"author":{"name":"V\u00edctor Hern\u00e1ndez","@id":"https:\/\/www.laboratoriobioclinic.cr\/en\/#\/schema\/person\/22388802b822cf3b3ff7019581c95721"},"headline":"\u00bfQu\u00e9 es la enfermedad renal?","datePublished":"2021-10-25T14:11:27+00:00","dateModified":"2021-10-25T14:15:05+00:00","mainEntityOfPage":{"@id":"https:\/\/laboratoriobioclinic.cr\/es\/blog-es\/qu%c3%a9-es-la-enfermadad-renal\/"},"wordCount":265,"commentCount":0,"image":{"@id":"https:\/\/laboratoriobioclinic.cr\/es\/blog-es\/qu%c3%a9-es-la-enfermadad-renal\/#primaryimage"},"thumbnailUrl":"https:\/\/laboratoriobioclinic.cr\/wp-content\/uploads\/2021\/10\/Que-es-la-enfermadad-renal-laboratorio-bioclinic-puerto-viejo.jpg","keywords":["debilidad","diabetes","di\u00e1lisis","enfermedad renal","fatiga","laboratorio bioclinic","n\u00e1useas","orina","ri\u00f1ones","v\u00f3mitos"],"articleSection":["Blog ES"],"inLanguage":"es","potentialAction":[{"@type":"CommentAction","name":"Comment","target":["https:\/\/laboratoriobioclinic.cr\/es\/blog-es\/qu%c3%a9-es-la-enfermadad-renal\/#respond"]}]},{"@type":"WebPage","@id":"https:\/\/laboratoriobioclinic.cr\/es\/blog-es\/qu%c3%a9-es-la-enfermadad-renal\/","url":"https:\/\/laboratoriobioclinic.cr\/es\/blog-es\/qu%c3%a9-es-la-enfermadad-renal\/","name":"Qu\u00e9 es la enfermedad renal - Laboratorio Bioclinic","isPartOf":{"@id":"https:\/\/www.laboratoriobioclinic.cr\/en\/#website"},"primaryImageOfPage":{"@id":"https:\/\/laboratoriobioclinic.cr\/es\/blog-es\/qu%c3%a9-es-la-enfermadad-renal\/#primaryimage"},"image":{"@id":"https:\/\/laboratoriobioclinic.cr\/es\/blog-es\/qu%c3%a9-es-la-enfermadad-renal\/#primaryimage"},"thumbnailUrl":"https:\/\/laboratoriobioclinic.cr\/wp-content\/uploads\/2021\/10\/Que-es-la-enfermadad-renal-laboratorio-bioclinic-puerto-viejo.jpg","datePublished":"2021-10-25T14:11:27+00:00","dateModified":"2021-10-25T14:15:05+00:00","author":{"@id":"https:\/\/www.laboratoriobioclinic.cr\/en\/#\/schema\/person\/22388802b822cf3b3ff7019581c95721"},"description":"Es la p\u00e9rdida lenta o r\u00e1pida de la funci\u00f3n normal de los ri\u00f1ones, que lleva a la acumulaci\u00f3n de l\u00edquido y productos de desecho en el cuerpo.","inLanguage":"es","potentialAction":[{"@type":"ReadAction","target":["https:\/\/laboratoriobioclinic.cr\/es\/blog-es\/qu%c3%a9-es-la-enfermadad-renal\/"]}]},{"@type":"ImageObject","inLanguage":"es","@id":"https:\/\/laboratoriobioclinic.cr\/es\/blog-es\/qu%c3%a9-es-la-enfermadad-renal\/#primaryimage","url":"https:\/\/laboratoriobioclinic.cr\/wp-content\/uploads\/2021\/10\/Que-es-la-enfermadad-renal-laboratorio-bioclinic-puerto-viejo.jpg","contentUrl":"https:\/\/laboratoriobioclinic.cr\/wp-content\/uploads\/2021\/10\/Que-es-la-enfermadad-renal-laboratorio-bioclinic-puerto-viejo.jpg","width":653,"height":356,"caption":"enfermedad renal"},{"@type":"WebSite","@id":"https:\/\/www.laboratoriobioclinic.cr\/en\/#website","url":"https:\/\/www.laboratoriobioclinic.cr\/en\/","name":"Laboratorio Bioclinic","description":"An\u00e1lisis cl\u00ednicos | Puerto Viejo | Lim\u00f3n","potentialAction":[{"@type":"SearchAction","target":{"@type":"EntryPoint","urlTemplate":"https:\/\/www.laboratoriobioclinic.cr\/en\/?s={search_term_string}"},"query-input":{"@type":"PropertyValueSpecification","valueRequired":true,"valueName":"search_term_string"}}],"inLanguage":"es"},{"@type":"Person","@id":"https:\/\/www.laboratoriobioclinic.cr\/en\/#\/schema\/person\/22388802b822cf3b3ff7019581c95721","name":"V\u00edctor Hern\u00e1ndez","image":{"@type":"ImageObject","inLanguage":"es","@id":"https:\/\/secure.gravatar.com\/avatar\/df86c8d5b329d3be6dc959b83558672fb6ce1002eb345c198ef5458738b7ce88?s=96&d=mm&r=g","url":"https:\/\/secure.gravatar.com\/avatar\/df86c8d5b329d3be6dc959b83558672fb6ce1002eb345c198ef5458738b7ce88?s=96&d=mm&r=g","contentUrl":"https:\/\/secure.gravatar.com\/avatar\/df86c8d5b329d3be6dc959b83558672fb6ce1002eb345c198ef5458738b7ce88?s=96&d=mm&r=g","caption":"V\u00edctor Hern\u00e1ndez"},"url":"https:\/\/laboratoriobioclinic.cr\/es\/author\/victor\/"}]}},"_links":{"self":[{"href":"https:\/\/laboratoriobioclinic.cr\/es\/wp-json\/wp\/v2\/posts\/357","targetHints":{"allow":["GET"]}}],"collection":[{"href":"https:\/\/laboratoriobioclinic.cr\/es\/wp-json\/wp\/v2\/posts"}],"about":[{"href":"https:\/\/laboratoriobioclinic.cr\/es\/wp-json\/wp\/v2\/types\/post"}],"author":[{"embeddable":true,"href":"https:\/\/laboratoriobioclinic.cr\/es\/wp-json\/wp\/v2\/users\/2"}],"replies":[{"embeddable":true,"href":"https:\/\/laboratoriobioclinic.cr\/es\/wp-json\/wp\/v2\/comments?post=357"}],"version-history":[{"count":3,"href":"https:\/\/laboratoriobioclinic.cr\/es\/wp-json\/wp\/v2\/posts\/357\/revisions"}],"predecessor-version":[{"id":361,"href":"https:\/\/laboratoriobioclinic.cr\/es\/wp-json\/wp\/v2\/posts\/357\/revisions\/361"}],"wp:featuredmedia":[{"embeddable":true,"href":"https:\/\/laboratoriobioclinic.cr\/es\/wp-json\/wp\/v2\/media\/358"}],"wp:attachment":[{"href":"https:\/\/laboratoriobioclinic.cr\/es\/wp-json\/wp\/v2\/media?parent=357"}],"wp:term":[{"taxonomy":"category","embeddable":true,"href":"https:\/\/laboratoriobioclinic.cr\/es\/wp-json\/wp\/v2\/categories?post=357"},{"taxonomy":"post_tag","embeddable":true,"href":"https:\/\/laboratoriobioclinic.cr\/es\/wp-json\/wp\/v2\/tags?post=357"}],"curies":[{"name":"wp","href":"https:\/\/api.w.org\/{rel}","templated":true}]}}