{"id":318,"date":"2021-09-20T18:11:14","date_gmt":"2021-09-20T18:11:14","guid":{"rendered":"https:\/\/laboratoriobioclinic.cr\/?p=318"},"modified":"2021-09-23T16:30:56","modified_gmt":"2021-09-23T16:30:56","slug":"qu%c3%a9-documentos-de-vacunaci%c3%b3n-covid19-o-pruebas-debo-aportar-al-realizar-mi-viaje","status":"publish","type":"post","link":"https:\/\/laboratoriobioclinic.cr\/es\/blog-es\/qu%c3%a9-documentos-de-vacunaci%c3%b3n-covid19-o-pruebas-debo-aportar-al-realizar-mi-viaje\/","title":{"rendered":"\u00bfQu\u00e9 documentos de vacunaci\u00f3n COVID19 o pruebas debo aportar al realizar mi viaje?"},"content":{"rendered":"<p class=\"p1\">En estos momentos que se levantan restricciones en todos los pa\u00edses y poder hacer viajes no esenciales, es importante tener en cuenta varias cosas.<\/p>\n<p class=\"p1\">No todos los pa\u00edses siguen el mismo patr\u00f3n y es muy importante que revisen las p\u00e1ginas oficiales de pa\u00eds a visitar.<\/p>\n<p class=\"p1\">Aqu\u00ed les aportamos varios pa\u00edses de los cuales tenemos informaci\u00f3n.<\/p>\n<p class=\"p1\"><b>EE.UU<\/b><\/p>\n<p class=\"p1\">Los viajeros que est\u00e9n completamente vacunados contra la covid-19 podr\u00e1n viajar a EE. UU. desde cualquier parte del mundo a partir de noviembre, seg\u00fan anunci\u00f3 la Casa Blanca. La Casa Blanca anunci\u00f3 este lunes que a partir de noviembre cualquier persona que quiera volar a Estados Unidos tendr\u00e1 que mostrar<b>\u00a0prueba de haber sido completamente vacunada y una prueba negativa\u00a0de covid-19<\/b>\u00a0<b>realizada\u00a0en los tres d\u00edas anteriores<\/b>\u00a0al viaje.<\/p>\n<p class=\"p1\">Los Centros para el Control de Enfermedades de EE. UU. aprobaron las siguientes vacunas, ver imagen.<\/p>\n<p><img loading=\"lazy\" decoding=\"async\" class=\"alignnone size-medium wp-image-325\" src=\"https:\/\/laboratoriobioclinic.cr\/wp-content\/uploads\/2021\/09\/WhatsApp-Image-2021-09-23-at-09.53.40-300x293.jpeg\" alt=\"vacunas aprobadas EEUU\" width=\"300\" height=\"293\" srcset=\"https:\/\/laboratoriobioclinic.cr\/wp-content\/uploads\/2021\/09\/WhatsApp-Image-2021-09-23-at-09.53.40-300x293.jpeg 300w, https:\/\/laboratoriobioclinic.cr\/wp-content\/uploads\/2021\/09\/WhatsApp-Image-2021-09-23-at-09.53.40-768x749.jpeg 768w, https:\/\/laboratoriobioclinic.cr\/wp-content\/uploads\/2021\/09\/WhatsApp-Image-2021-09-23-at-09.53.40.jpeg 1024w\" sizes=\"auto, (max-width: 300px) 100vw, 300px\" \/><\/p>\n<p class=\"p1\"><b>Canad\u00e1<span class=\"Apple-converted-space\">\u00a0<\/span><\/b><\/p>\n<p class=\"p1\">Desde el 7 de septiembre de 2021, vuelve a ser posible viajar a Canad\u00e1 para pasar unas vacaciones, un viaje de negocios o para visitar a amigos o familiares. Sin embargo, debe presentar una prueba de vacunaci\u00f3n completa contra el coronavirus (COVID-19) antes de la salida y solicitar una\u00a0<a href=\"https:\/\/e-visado.es\/canada\"><span class=\"s1\">eTA Canad\u00e1<\/span><\/a>.<\/p>\n<p class=\"p1\"><b>Europa<\/b><\/p>\n<p class=\"p1\">Es importante que se acceda a su destino final, ya que Europa, si bien funciona como un \u00fanico pa\u00eds en muchas cosas, la pandemia ha hecho, que cada pa\u00eds funcione de manera diferente.<span class=\"Apple-converted-space\">\u00a0<\/span><\/p>\n<p class=\"p1\">Para la entrada a Europa en vuelo directo desde Costa Rica, se debe pensar en si el <a href=\"https:\/\/reopen.europa.eu\/en\">destino final<\/a> es el pa\u00eds del billete de avi\u00f3n o es simplemente tr\u00e1nsito hacia otro pa\u00eds. Al ser el primer pa\u00eds la puerta de entrada a Europa (Tratado Schengen), debe contemplarse los requerimientos de dicho primer pa\u00eds.<\/p>\n<p class=\"p1\">De forma generalizada se est\u00e1 solicitando cualquiera de las cuatro opciones, que enumeramos a continuaci\u00f3n:<\/p>\n<ol class=\"ol1\">\n<li class=\"li1\">Certificado sanitario de vacunaci\u00f3n completa<\/li>\n<li class=\"li1\">Certificado sanitario de haber pasado el COVID<\/li>\n<li class=\"li1\">Prueba PCR negativa no superior a 72 horas<\/li>\n<li class=\"li1\">Prueba Ant\u00edgenos negativa no superior a 72 horas<\/li>\n<\/ol>\n<p class=\"p1\"><b>Nicaragua<\/b><\/p>\n<p class=\"p1\">Para ingresar a Nicaragua, deben presentar un examen con resultado negativo de la prueba COVID 19 realizada en las \u00faltimas 72 horas, as\u00ed como el pasaporte y el pago de los impuestos de salida, esto porque Nicaragua s\u00f3lo est\u00e1 permitiendo el ingreso de ciudadanos de nacionales y extranjeros hacia su pa\u00eds, con el resultado negativo de la prueba por COVID- 19.<\/p>\n<p class=\"p1\">Por eso, se hace un llamado a los ciudadanos nicarag\u00fcenses y de cualquier nacionalidad que requieran viajar hacia Nicaragua, que deber\u00e1n presentar este requisito de salida de Costa Rica, adem\u00e1s de los otros requisitos migratorios, y que si no la tiene, se abstengan a viajar o proceda a solicitarla en cl\u00ednicas y hospitales privados.<\/p>\n<p class=\"p1\"><b>Panam\u00e1<\/b><\/p>\n<p class=\"p4\">Las fronteras de Panam\u00e1 est\u00e1n abiertas para viajeros internacionales, manteniendo la seguridad y salud de ambos turistas y locales como prioridad.<\/p>\n<ul class=\"ul1\">\n<li class=\"li1\"><b>Quedar\u00e1n exonerados de presentar una prueba COVID-19 negativa al momento de ingreso los viajeros que puedan presentar una tarjeta o certificaci\u00f3n digital de esquema completo de vacunaci\u00f3n avalado por OMS, EMA y FDA, igual o mayor a 14 d\u00edas posterior a su \u00faltima dosis.<\/b><\/li>\n<\/ul>\n<ul class=\"ul1\">\n<li class=\"li1\"><b>Viajeros no vacunados o con un esquema de vacunaci\u00f3n incompleto deber\u00e1n presentar una prueba negativa de COVID-19 PCR o ant\u00edgeno de m\u00e1ximo 72 horas al momento de su llegada a Panam\u00e1.<\/b>\n<ul class=\"ul1\">\n<li class=\"li1\">De no ser posible presentar una prueba dentro del plazo establecido, deber\u00e1 realizarse obligatoriamente una prueba r\u00e1pida de COVID-19 en el aeropuerto, la cual correr\u00e1 por cuenta del viajero, previo a su paso por migraci\u00f3n. (Valor US $50)\n<ul class=\"ul1\">\n<li class=\"li1\">Si la prueba da resultado positivo, el Ministerio de Salud asignar\u00e1 la estad\u00eda de un Hotel Hospital por un periodo de 14 d\u00edas. El costo de la estad\u00eda deber\u00e1 ser cubierto en su totalidad por el viajero.<\/li>\n<\/ul>\n<\/li>\n<\/ul>\n<\/li>\n<li class=\"li1\"><b>TODOS los viajeros deber\u00e1n presentar a la aerol\u00ednea su Declaraci\u00f3n Jurada de Salud completa (en forma f\u00edsica o digital) ANTES de abordar hacia Panam\u00e1.<\/b>\n<ul class=\"ul1\">\n<li class=\"li1\"><b>Para registrarte y completar tu Declaraci\u00f3n Jurada del Viajero,\u00a0<\/b><a href=\"https:\/\/www.panamadigital.gob.pa\/RegistroPacoViajero\"><span class=\"s1\"><b>HAZ CLICK AQUI<\/b><\/span><\/a><\/li>\n<\/ul>\n<\/li>\n<\/ul>\n<p class=\"p7\"><b>PARA VIAJEROS ENTRANTES PROVENIENTES DE O QUE HAYAN TRANSITADO POR PA\u00cdSES DE ALTO RIESGO EN LOS \u00daLTIMOS 15 D\u00cdAS<\/b><\/p>\n<p class=\"p4\"><b>PA\u00cdSES DE ALTO RIESGO A PARTIR DEL 16 DE SEPTIEMBRE:<\/b>\u00a0Estados Unidos, Cuba, Guatemala, Costa Rica, Guyana Francesa, Reino Unido, Grecia, Georgia, Estonia, Serbia, Macedonia, Montenegro, Azerbaiy\u00e1n, Israel, Malasia y Mongolia, Sud\u00e1frica, Guinea Bissau, Tunicia y Fiji.<\/p>\n<ul class=\"ul1\">\n<li class=\"li1\"><b>Los viajeros no vacunados o con un esquema de vacunaci\u00f3n incompleto:<\/b>\n<ul class=\"ul1\">\n<li class=\"li1\">Deber\u00e1n cumplir una cuarentena obligatoria de 72 horas en:\n<ul class=\"ul1\">\n<li class=\"li1\"><b>Un hotel autorizado de su elecci\u00f3n<\/b>\u00a0con una reserva confirmada previo a su llegada que deber\u00e1 presentar impresa al llegar a Panam\u00e1.\u00a0<b>El costo completo de cada reserva deber\u00e1 ser cubierto por el viajero.<\/b><\/li>\n<\/ul>\n<\/li>\n<\/ul>\n<\/li>\n<\/ul>\n<ul class=\"ul1\">\n<li class=\"li1\"><b>Quedar\u00e1n exonerados de la cuarentena de 72 horas los viajeros que puedan presentar su tarjeta f\u00edsica o certificaci\u00f3n digital de esquema completo de vacunaci\u00f3n avalado por OMS, EMA y FDA, igual o mayor a 14 d\u00edas posterior a su \u00faltima dosis.<\/b><\/li>\n<\/ul>\n","protected":false},"excerpt":{"rendered":"<p>En estos momentos que se levantan restricciones en todos los pa\u00edses y poder hacer viajes no esenciales, es importante tener en cuenta varias cosas. No todos los pa\u00edses siguen el mismo patr\u00f3n y es muy importante que revisen las p\u00e1ginas oficiales de pa\u00eds a visitar. Aqu\u00ed les aportamos varios pa\u00edses de los cuales tenemos informaci\u00f3n. [&hellip;]<\/p>\n","protected":false},"author":2,"featured_media":319,"comment_status":"open","ping_status":"open","sticky":false,"template":"","format":"standard","meta":{"footnotes":""},"categories":[15],"tags":[33,32,31],"class_list":["post-318","post","type-post","status-publish","format-standard","has-post-thumbnail","hentry","category-blog-es","tag-covid","tag-covid-19","tag-documentos-vacunacin"],"yoast_head":"<!-- This site is optimized with the Yoast SEO plugin v27.5 - https:\/\/yoast.com\/product\/yoast-seo-wordpress\/ -->\n<title>Documentos de vacunaci\u00f3n COVID19 - Laboratorio Bioclinic<\/title>\n<meta name=\"description\" content=\"En estos momentos que se levantan restricciones en todos los pa\u00edses y poder hacer viajes no esenciales, deben tener en cuenta varias cosas.\" \/>\n<meta name=\"robots\" content=\"index, follow, max-snippet:-1, max-image-preview:large, max-video-preview:-1\" \/>\n<link rel=\"canonical\" href=\"https:\/\/laboratoriobioclinic.cr\/es\/blog-es\/qu\u00e9-documentos-de-vacunaci\u00f3n-covid19-o-pruebas-debo-aportar-al-realizar-mi-viaje\/\" \/>\n<meta property=\"og:locale\" content=\"es_ES\" \/>\n<meta property=\"og:type\" content=\"article\" \/>\n<meta property=\"og:title\" content=\"Documentos de vacunaci\u00f3n COVID19 - Laboratorio Bioclinic\" \/>\n<meta property=\"og:description\" content=\"En estos momentos que se levantan restricciones en todos los pa\u00edses y poder hacer viajes no esenciales, deben tener en cuenta varias cosas.\" \/>\n<meta property=\"og:url\" content=\"https:\/\/laboratoriobioclinic.cr\/es\/blog-es\/qu\u00e9-documentos-de-vacunaci\u00f3n-covid19-o-pruebas-debo-aportar-al-realizar-mi-viaje\/\" \/>\n<meta property=\"og:site_name\" content=\"Laboratorio Bioclinic\" \/>\n<meta property=\"article:published_time\" content=\"2021-09-20T18:11:14+00:00\" \/>\n<meta property=\"article:modified_time\" content=\"2021-09-23T16:30:56+00:00\" \/>\n<meta property=\"og:image\" content=\"https:\/\/laboratoriobioclinic.cr\/wp-content\/uploads\/2021\/09\/reopen-europe.jpeg\" \/>\n\t<meta property=\"og:image:width\" content=\"1200\" \/>\n\t<meta property=\"og:image:height\" content=\"630\" \/>\n\t<meta property=\"og:image:type\" content=\"image\/jpeg\" \/>\n<meta name=\"author\" content=\"V\u00edctor Hern\u00e1ndez\" \/>\n<meta name=\"twitter:card\" content=\"summary_large_image\" \/>\n<meta name=\"twitter:label1\" content=\"Escrito por\" \/>\n\t<meta name=\"twitter:data1\" content=\"V\u00edctor Hern\u00e1ndez\" \/>\n\t<meta name=\"twitter:label2\" content=\"Tiempo de lectura\" \/>\n\t<meta name=\"twitter:data2\" content=\"4 minutos\" \/>\n<script type=\"application\/ld+json\" class=\"yoast-schema-graph\">{\"@context\":\"https:\\\/\\\/schema.org\",\"@graph\":[{\"@type\":\"Article\",\"@id\":\"https:\\\/\\\/laboratoriobioclinic.cr\\\/es\\\/blog-es\\\/qu%c3%a9-documentos-de-vacunaci%c3%b3n-covid19-o-pruebas-debo-aportar-al-realizar-mi-viaje\\\/#article\",\"isPartOf\":{\"@id\":\"https:\\\/\\\/laboratoriobioclinic.cr\\\/es\\\/blog-es\\\/qu%c3%a9-documentos-de-vacunaci%c3%b3n-covid19-o-pruebas-debo-aportar-al-realizar-mi-viaje\\\/\"},\"author\":{\"name\":\"V\u00edctor Hern\u00e1ndez\",\"@id\":\"https:\\\/\\\/laboratoriobioclinic.cr\\\/es\\\/#\\\/schema\\\/person\\\/22388802b822cf3b3ff7019581c95721\"},\"headline\":\"\u00bfQu\u00e9 documentos de vacunaci\u00f3n COVID19 o pruebas debo aportar al realizar mi viaje?\",\"datePublished\":\"2021-09-20T18:11:14+00:00\",\"dateModified\":\"2021-09-23T16:30:56+00:00\",\"mainEntityOfPage\":{\"@id\":\"https:\\\/\\\/laboratoriobioclinic.cr\\\/es\\\/blog-es\\\/qu%c3%a9-documentos-de-vacunaci%c3%b3n-covid19-o-pruebas-debo-aportar-al-realizar-mi-viaje\\\/\"},\"wordCount\":860,\"commentCount\":0,\"image\":{\"@id\":\"https:\\\/\\\/laboratoriobioclinic.cr\\\/es\\\/blog-es\\\/qu%c3%a9-documentos-de-vacunaci%c3%b3n-covid19-o-pruebas-debo-aportar-al-realizar-mi-viaje\\\/#primaryimage\"},\"thumbnailUrl\":\"https:\\\/\\\/laboratoriobioclinic.cr\\\/wp-content\\\/uploads\\\/2021\\\/09\\\/reopen-europe.jpeg\",\"keywords\":[\"covid\",\"covid 19\",\"documentos vacunaci\u00f3n\"],\"articleSection\":[\"Blog ES\"],\"inLanguage\":\"es\",\"potentialAction\":[{\"@type\":\"CommentAction\",\"name\":\"Comment\",\"target\":[\"https:\\\/\\\/laboratoriobioclinic.cr\\\/es\\\/blog-es\\\/qu%c3%a9-documentos-de-vacunaci%c3%b3n-covid19-o-pruebas-debo-aportar-al-realizar-mi-viaje\\\/#respond\"]}]},{\"@type\":\"WebPage\",\"@id\":\"https:\\\/\\\/laboratoriobioclinic.cr\\\/es\\\/blog-es\\\/qu%c3%a9-documentos-de-vacunaci%c3%b3n-covid19-o-pruebas-debo-aportar-al-realizar-mi-viaje\\\/\",\"url\":\"https:\\\/\\\/laboratoriobioclinic.cr\\\/es\\\/blog-es\\\/qu%c3%a9-documentos-de-vacunaci%c3%b3n-covid19-o-pruebas-debo-aportar-al-realizar-mi-viaje\\\/\",\"name\":\"Documentos de vacunaci\u00f3n COVID19 - Laboratorio Bioclinic\",\"isPartOf\":{\"@id\":\"https:\\\/\\\/laboratoriobioclinic.cr\\\/es\\\/#website\"},\"primaryImageOfPage\":{\"@id\":\"https:\\\/\\\/laboratoriobioclinic.cr\\\/es\\\/blog-es\\\/qu%c3%a9-documentos-de-vacunaci%c3%b3n-covid19-o-pruebas-debo-aportar-al-realizar-mi-viaje\\\/#primaryimage\"},\"image\":{\"@id\":\"https:\\\/\\\/laboratoriobioclinic.cr\\\/es\\\/blog-es\\\/qu%c3%a9-documentos-de-vacunaci%c3%b3n-covid19-o-pruebas-debo-aportar-al-realizar-mi-viaje\\\/#primaryimage\"},\"thumbnailUrl\":\"https:\\\/\\\/laboratoriobioclinic.cr\\\/wp-content\\\/uploads\\\/2021\\\/09\\\/reopen-europe.jpeg\",\"datePublished\":\"2021-09-20T18:11:14+00:00\",\"dateModified\":\"2021-09-23T16:30:56+00:00\",\"author\":{\"@id\":\"https:\\\/\\\/laboratoriobioclinic.cr\\\/es\\\/#\\\/schema\\\/person\\\/22388802b822cf3b3ff7019581c95721\"},\"description\":\"En estos momentos que se levantan restricciones en todos los pa\u00edses y poder hacer viajes no esenciales, deben tener en cuenta varias cosas.\",\"inLanguage\":\"es\",\"potentialAction\":[{\"@type\":\"ReadAction\",\"target\":[\"https:\\\/\\\/laboratoriobioclinic.cr\\\/es\\\/blog-es\\\/qu%c3%a9-documentos-de-vacunaci%c3%b3n-covid19-o-pruebas-debo-aportar-al-realizar-mi-viaje\\\/\"]}]},{\"@type\":\"ImageObject\",\"inLanguage\":\"es\",\"@id\":\"https:\\\/\\\/laboratoriobioclinic.cr\\\/es\\\/blog-es\\\/qu%c3%a9-documentos-de-vacunaci%c3%b3n-covid19-o-pruebas-debo-aportar-al-realizar-mi-viaje\\\/#primaryimage\",\"url\":\"https:\\\/\\\/laboratoriobioclinic.cr\\\/wp-content\\\/uploads\\\/2021\\\/09\\\/reopen-europe.jpeg\",\"contentUrl\":\"https:\\\/\\\/laboratoriobioclinic.cr\\\/wp-content\\\/uploads\\\/2021\\\/09\\\/reopen-europe.jpeg\",\"width\":1200,\"height\":630,\"caption\":\"Europe reapertura\"},{\"@type\":\"WebSite\",\"@id\":\"https:\\\/\\\/laboratoriobioclinic.cr\\\/es\\\/#website\",\"url\":\"https:\\\/\\\/laboratoriobioclinic.cr\\\/es\\\/\",\"name\":\"Laboratorio Bioclinic\",\"description\":\"An\u00e1lisis cl\u00ednicos | Puerto Viejo | Lim\u00f3n\",\"potentialAction\":[{\"@type\":\"SearchAction\",\"target\":{\"@type\":\"EntryPoint\",\"urlTemplate\":\"https:\\\/\\\/laboratoriobioclinic.cr\\\/es\\\/?s={search_term_string}\"},\"query-input\":{\"@type\":\"PropertyValueSpecification\",\"valueRequired\":true,\"valueName\":\"search_term_string\"}}],\"inLanguage\":\"es\"},{\"@type\":\"Person\",\"@id\":\"https:\\\/\\\/laboratoriobioclinic.cr\\\/es\\\/#\\\/schema\\\/person\\\/22388802b822cf3b3ff7019581c95721\",\"name\":\"V\u00edctor Hern\u00e1ndez\",\"image\":{\"@type\":\"ImageObject\",\"inLanguage\":\"es\",\"@id\":\"https:\\\/\\\/secure.gravatar.com\\\/avatar\\\/df86c8d5b329d3be6dc959b83558672fb6ce1002eb345c198ef5458738b7ce88?s=96&d=mm&r=g\",\"url\":\"https:\\\/\\\/secure.gravatar.com\\\/avatar\\\/df86c8d5b329d3be6dc959b83558672fb6ce1002eb345c198ef5458738b7ce88?s=96&d=mm&r=g\",\"contentUrl\":\"https:\\\/\\\/secure.gravatar.com\\\/avatar\\\/df86c8d5b329d3be6dc959b83558672fb6ce1002eb345c198ef5458738b7ce88?s=96&d=mm&r=g\",\"caption\":\"V\u00edctor Hern\u00e1ndez\"},\"url\":\"https:\\\/\\\/laboratoriobioclinic.cr\\\/es\\\/author\\\/victor\\\/\"}]}<\/script>\n<!-- \/ Yoast SEO plugin. -->","yoast_head_json":{"title":"Documentos de vacunaci\u00f3n COVID19 - Laboratorio Bioclinic","description":"En estos momentos que se levantan restricciones en todos los pa\u00edses y poder hacer viajes no esenciales, deben tener en cuenta varias cosas.","robots":{"index":"index","follow":"follow","max-snippet":"max-snippet:-1","max-image-preview":"max-image-preview:large","max-video-preview":"max-video-preview:-1"},"canonical":"https:\/\/laboratoriobioclinic.cr\/es\/blog-es\/qu\u00e9-documentos-de-vacunaci\u00f3n-covid19-o-pruebas-debo-aportar-al-realizar-mi-viaje\/","og_locale":"es_ES","og_type":"article","og_title":"Documentos de vacunaci\u00f3n COVID19 - Laboratorio Bioclinic","og_description":"En estos momentos que se levantan restricciones en todos los pa\u00edses y poder hacer viajes no esenciales, deben tener en cuenta varias cosas.","og_url":"https:\/\/laboratoriobioclinic.cr\/es\/blog-es\/qu\u00e9-documentos-de-vacunaci\u00f3n-covid19-o-pruebas-debo-aportar-al-realizar-mi-viaje\/","og_site_name":"Laboratorio Bioclinic","article_published_time":"2021-09-20T18:11:14+00:00","article_modified_time":"2021-09-23T16:30:56+00:00","og_image":[{"width":1200,"height":630,"url":"https:\/\/laboratoriobioclinic.cr\/wp-content\/uploads\/2021\/09\/reopen-europe.jpeg","type":"image\/jpeg"}],"author":"V\u00edctor Hern\u00e1ndez","twitter_card":"summary_large_image","twitter_misc":{"Escrito por":"V\u00edctor Hern\u00e1ndez","Tiempo de lectura":"4 minutos"},"schema":{"@context":"https:\/\/schema.org","@graph":[{"@type":"Article","@id":"https:\/\/laboratoriobioclinic.cr\/es\/blog-es\/qu%c3%a9-documentos-de-vacunaci%c3%b3n-covid19-o-pruebas-debo-aportar-al-realizar-mi-viaje\/#article","isPartOf":{"@id":"https:\/\/laboratoriobioclinic.cr\/es\/blog-es\/qu%c3%a9-documentos-de-vacunaci%c3%b3n-covid19-o-pruebas-debo-aportar-al-realizar-mi-viaje\/"},"author":{"name":"V\u00edctor Hern\u00e1ndez","@id":"https:\/\/laboratoriobioclinic.cr\/es\/#\/schema\/person\/22388802b822cf3b3ff7019581c95721"},"headline":"\u00bfQu\u00e9 documentos de vacunaci\u00f3n COVID19 o pruebas debo aportar al realizar mi viaje?","datePublished":"2021-09-20T18:11:14+00:00","dateModified":"2021-09-23T16:30:56+00:00","mainEntityOfPage":{"@id":"https:\/\/laboratoriobioclinic.cr\/es\/blog-es\/qu%c3%a9-documentos-de-vacunaci%c3%b3n-covid19-o-pruebas-debo-aportar-al-realizar-mi-viaje\/"},"wordCount":860,"commentCount":0,"image":{"@id":"https:\/\/laboratoriobioclinic.cr\/es\/blog-es\/qu%c3%a9-documentos-de-vacunaci%c3%b3n-covid19-o-pruebas-debo-aportar-al-realizar-mi-viaje\/#primaryimage"},"thumbnailUrl":"https:\/\/laboratoriobioclinic.cr\/wp-content\/uploads\/2021\/09\/reopen-europe.jpeg","keywords":["covid","covid 19","documentos vacunaci\u00f3n"],"articleSection":["Blog ES"],"inLanguage":"es","potentialAction":[{"@type":"CommentAction","name":"Comment","target":["https:\/\/laboratoriobioclinic.cr\/es\/blog-es\/qu%c3%a9-documentos-de-vacunaci%c3%b3n-covid19-o-pruebas-debo-aportar-al-realizar-mi-viaje\/#respond"]}]},{"@type":"WebPage","@id":"https:\/\/laboratoriobioclinic.cr\/es\/blog-es\/qu%c3%a9-documentos-de-vacunaci%c3%b3n-covid19-o-pruebas-debo-aportar-al-realizar-mi-viaje\/","url":"https:\/\/laboratoriobioclinic.cr\/es\/blog-es\/qu%c3%a9-documentos-de-vacunaci%c3%b3n-covid19-o-pruebas-debo-aportar-al-realizar-mi-viaje\/","name":"Documentos de vacunaci\u00f3n COVID19 - Laboratorio Bioclinic","isPartOf":{"@id":"https:\/\/laboratoriobioclinic.cr\/es\/#website"},"primaryImageOfPage":{"@id":"https:\/\/laboratoriobioclinic.cr\/es\/blog-es\/qu%c3%a9-documentos-de-vacunaci%c3%b3n-covid19-o-pruebas-debo-aportar-al-realizar-mi-viaje\/#primaryimage"},"image":{"@id":"https:\/\/laboratoriobioclinic.cr\/es\/blog-es\/qu%c3%a9-documentos-de-vacunaci%c3%b3n-covid19-o-pruebas-debo-aportar-al-realizar-mi-viaje\/#primaryimage"},"thumbnailUrl":"https:\/\/laboratoriobioclinic.cr\/wp-content\/uploads\/2021\/09\/reopen-europe.jpeg","datePublished":"2021-09-20T18:11:14+00:00","dateModified":"2021-09-23T16:30:56+00:00","author":{"@id":"https:\/\/laboratoriobioclinic.cr\/es\/#\/schema\/person\/22388802b822cf3b3ff7019581c95721"},"description":"En estos momentos que se levantan restricciones en todos los pa\u00edses y poder hacer viajes no esenciales, deben tener en cuenta varias cosas.","inLanguage":"es","potentialAction":[{"@type":"ReadAction","target":["https:\/\/laboratoriobioclinic.cr\/es\/blog-es\/qu%c3%a9-documentos-de-vacunaci%c3%b3n-covid19-o-pruebas-debo-aportar-al-realizar-mi-viaje\/"]}]},{"@type":"ImageObject","inLanguage":"es","@id":"https:\/\/laboratoriobioclinic.cr\/es\/blog-es\/qu%c3%a9-documentos-de-vacunaci%c3%b3n-covid19-o-pruebas-debo-aportar-al-realizar-mi-viaje\/#primaryimage","url":"https:\/\/laboratoriobioclinic.cr\/wp-content\/uploads\/2021\/09\/reopen-europe.jpeg","contentUrl":"https:\/\/laboratoriobioclinic.cr\/wp-content\/uploads\/2021\/09\/reopen-europe.jpeg","width":1200,"height":630,"caption":"Europe reapertura"},{"@type":"WebSite","@id":"https:\/\/laboratoriobioclinic.cr\/es\/#website","url":"https:\/\/laboratoriobioclinic.cr\/es\/","name":"Laboratorio Bioclinic","description":"An\u00e1lisis cl\u00ednicos | Puerto Viejo | Lim\u00f3n","potentialAction":[{"@type":"SearchAction","target":{"@type":"EntryPoint","urlTemplate":"https:\/\/laboratoriobioclinic.cr\/es\/?s={search_term_string}"},"query-input":{"@type":"PropertyValueSpecification","valueRequired":true,"valueName":"search_term_string"}}],"inLanguage":"es"},{"@type":"Person","@id":"https:\/\/laboratoriobioclinic.cr\/es\/#\/schema\/person\/22388802b822cf3b3ff7019581c95721","name":"V\u00edctor Hern\u00e1ndez","image":{"@type":"ImageObject","inLanguage":"es","@id":"https:\/\/secure.gravatar.com\/avatar\/df86c8d5b329d3be6dc959b83558672fb6ce1002eb345c198ef5458738b7ce88?s=96&d=mm&r=g","url":"https:\/\/secure.gravatar.com\/avatar\/df86c8d5b329d3be6dc959b83558672fb6ce1002eb345c198ef5458738b7ce88?s=96&d=mm&r=g","contentUrl":"https:\/\/secure.gravatar.com\/avatar\/df86c8d5b329d3be6dc959b83558672fb6ce1002eb345c198ef5458738b7ce88?s=96&d=mm&r=g","caption":"V\u00edctor Hern\u00e1ndez"},"url":"https:\/\/laboratoriobioclinic.cr\/es\/author\/victor\/"}]}},"_links":{"self":[{"href":"https:\/\/laboratoriobioclinic.cr\/es\/wp-json\/wp\/v2\/posts\/318","targetHints":{"allow":["GET"]}}],"collection":[{"href":"https:\/\/laboratoriobioclinic.cr\/es\/wp-json\/wp\/v2\/posts"}],"about":[{"href":"https:\/\/laboratoriobioclinic.cr\/es\/wp-json\/wp\/v2\/types\/post"}],"author":[{"embeddable":true,"href":"https:\/\/laboratoriobioclinic.cr\/es\/wp-json\/wp\/v2\/users\/2"}],"replies":[{"embeddable":true,"href":"https:\/\/laboratoriobioclinic.cr\/es\/wp-json\/wp\/v2\/comments?post=318"}],"version-history":[{"count":5,"href":"https:\/\/laboratoriobioclinic.cr\/es\/wp-json\/wp\/v2\/posts\/318\/revisions"}],"predecessor-version":[{"id":327,"href":"https:\/\/laboratoriobioclinic.cr\/es\/wp-json\/wp\/v2\/posts\/318\/revisions\/327"}],"wp:featuredmedia":[{"embeddable":true,"href":"https:\/\/laboratoriobioclinic.cr\/es\/wp-json\/wp\/v2\/media\/319"}],"wp:attachment":[{"href":"https:\/\/laboratoriobioclinic.cr\/es\/wp-json\/wp\/v2\/media?parent=318"}],"wp:term":[{"taxonomy":"category","embeddable":true,"href":"https:\/\/laboratoriobioclinic.cr\/es\/wp-json\/wp\/v2\/categories?post=318"},{"taxonomy":"post_tag","embeddable":true,"href":"https:\/\/laboratoriobioclinic.cr\/es\/wp-json\/wp\/v2\/tags?post=318"}],"curies":[{"name":"wp","href":"https:\/\/api.w.org\/{rel}","templated":true}]}}