{"id":1347,"date":"2025-09-24T11:09:24","date_gmt":"2025-09-24T17:09:24","guid":{"rendered":"https:\/\/laboratoriobioclinic.cr\/?p=1347"},"modified":"2025-09-24T11:09:24","modified_gmt":"2025-09-24T17:09:24","slug":"evaluacion-nutritional-limon-bioclinic","status":"publish","type":"post","link":"https:\/\/laboratoriobioclinic.cr\/es\/blog-es\/evaluacion-nutritional-limon-bioclinic\/","title":{"rendered":"Evaluaci\u00f3n nutricional: detecci\u00f3n y prevenci\u00f3n en Lim\u00f3n"},"content":{"rendered":"<h2>Seguimiento con pruebas de laboratorio<\/h2>\n<p class=\"p1\">Una evaluaci\u00f3n nutricional peri\u00f3dica permite <b>detectar a tiempo deficiencias o excesos<\/b>, ofrece una <b>valoraci\u00f3n objetiva de tu salud<\/b>, facilita el <b>seguimiento de cambios<\/b> y <b>previene complicaciones<\/b>. En Lim\u00f3n y todo Costa Rica, esto se traduce en m\u00e1s energ\u00eda para el d\u00eda a d\u00eda y menos riesgo cardiometab\u00f3lico.<\/p>\n<ul>\n<li class=\"p1\">\n<h3><b>\u00bfPor qu\u00e9 es importante?<\/b><\/h3>\n<\/li>\n<\/ul>\n<p class=\"p2\">La evaluaci\u00f3n integra <b>mediciones antropom\u00e9tricas<\/b> (peso, talla, IMC) y <b>per\u00edmetro de cintura<\/b>, m\u00e1s an\u00e1lisis de laboratorio cuando aplica (hierro, perfil lip\u00eddico, glucosa, vitaminas). Usar <b>cintura junto al IMC<\/b> mejora la identificaci\u00f3n de riesgo cardiometab\u00f3lico, seg\u00fan la OMS\/OPS y consensos t\u00e9cnicos internacionales. (<a href=\"https:\/\/www.who.int\/publications\/i\/item\/9789241501491\"><span class=\"s1\">Organizaci\u00f3n Mundial de la Salud<\/span><\/a>)<\/p>\n<p class=\"p2\">Umbrales de cintura frecuentemente utilizados en adultos: <b>&gt;88 cm en mujeres<\/b> y <b>&gt;102 cm en hombres<\/b> se asocian a mayor riesgo cardiometab\u00f3lico. (<a href=\"https:\/\/www.nhlbi.nih.gov\/health\/heart-healthy-living\/healthy-weight\"><span class=\"s1\">NHLBI, NIH<\/span><\/a>)<\/p>\n<ul>\n<li class=\"p1\">\n<h3><b>Detecci\u00f3n temprana de deficiencias o excesos<\/b><\/h3>\n<\/li>\n<\/ul>\n<ul>\n<li style=\"list-style-type: none;\">\n<ul class=\"ul1\">\n<li class=\"li2\"><b>Deficiencias<\/b>: hierro (anemia ferrop\u00e9nica), folato, B12, vitamina D. En la regi\u00f3n, la anemia infantil es un reto; Costa Rica figura entre los pa\u00edses con menores prevalencias, pero <b>la detecci\u00f3n oportuna<\/b> sigue siendo clave para evitar fatiga, bajo rendimiento y susceptibilidad a infecciones. (<a href=\"https:\/\/pmc.ncbi.nlm.nih.gov\/articles\/PMC6356363\/?utm_source=chatgpt.com\"><span class=\"s2\">PMC<\/span><\/a>)<\/li>\n<li class=\"li2\"><b>Excesos<\/b>: exceso cal\u00f3rico y grasa abdominal elevan el riesgo de diabetes e hipertensi\u00f3n; medir cintura y controlar l\u00edpidos y glucosa ayuda a intervenir <b>antes<\/b> de que aparezcan complicaciones. (<a href=\"https:\/\/www.who.int\/publications\/i\/item\/9789241501491\"><span class=\"s2\">Organizaci\u00f3n Mundial de la Salud<\/span><\/a>)<\/li>\n<\/ul>\n<\/li>\n<\/ul>\n<ul>\n<li class=\"p1\">\n<h3><b>Valoraci\u00f3n objetiva del estado de salud<\/b><\/h3>\n<\/li>\n<\/ul>\n<p class=\"p2\">Usamos referencias estandarizadas (ej., categor\u00edas de IMC en adultos) y criterios cl\u00ednicos validados (GLIM\/ESPEN) para pasar del \u201cme siento bien\u201d a <b>evidencia medible<\/b> y planes personalizados.<\/p>\n<ul>\n<li class=\"p1\">\n<h3><b>Seguimiento: peque\u00f1os cambios, grandes resultados<\/b><\/h3>\n<\/li>\n<\/ul>\n<p class=\"p2\">El <b>control seriado<\/b> (p. ej., reducci\u00f3n de cintura, mejora de ferritina\/hemograma) confirma si el plan nutricional y de actividad f\u00edsica va por buen camino. En <b>personas mayores<\/b> se recomienda <b>tamizaje rutinario de desnutrici\u00f3n<\/b> con herramientas validadas (p. ej., MNA\/MNA-SF).<\/p>\n<ul>\n<li class=\"p1\">\n<h3><b>Prevenci\u00f3n de complicaciones<\/b><\/h3>\n<\/li>\n<\/ul>\n<p class=\"p2\">Identificar y corregir a tiempo evita progresi\u00f3n hacia <b>enfermedad <a href=\"https:\/\/laboratoriobioclinic.cr\/packages\/paquetes-de-control\/control-cardiovascular\/\">cardiovascular,<\/a> <a href=\"https:\/\/laboratoriobioclinic.cr\/packages\/paquetes-de-control\/control-diabetico\/\">diabetes<\/a>, fragilidad<\/b> y hospitalizaciones. La combinaci\u00f3n de <b>alimentaci\u00f3n saludable<\/b>, actividad f\u00edsica y control de cintura es una estrategia costo-efectiva de prevenci\u00f3n.<\/p>\n<ul>\n<li class=\"p1\">\n<h3><b>\u00bfCada cu\u00e1nto evaluarme?<\/b><\/h3>\n<\/li>\n<li><b>Adultos sanos:<\/b> 1 vez al a\u00f1o o ante cambios de peso\/h\u00e1bitos.<\/li>\n<li><b>Ni\u00f1ez y adolescencia:<\/b> seg\u00fan controles de crecimiento.<\/li>\n<li><b>Mayores de 65 a\u00f1os:<\/b> <b>tamizaje peri\u00f3dico<\/b> de riesgo nutricional.<\/li>\n<\/ul>\n<h4><b>Recursos confiables para ampliar<\/b><\/h4>\n<ul class=\"ul1\">\n<li class=\"li2\"><b>Gu\u00edas alimentarias de Costa Rica<\/b> (recomendaciones por etapa de vida). (<a href=\"https:\/\/www.ministeriodesalud.go.cr\/guiasalimentarias\/\"><span class=\"s2\">Ministerio de Salud Costa Rica<\/span><\/a>)<\/li>\n<li class=\"li2\"><b>OMS\/OPS<\/b> sobre IMC y cintura como marcadores de riesgo. (<a href=\"https:\/\/www.who.int\/data\/gho\/data\/themes\/topics\/topic-details\/GHO\/body-mass-index\"><span class=\"s2\">Organizaci\u00f3n Mundial de la Salud<\/span><\/a>)<\/li>\n<li class=\"li2\"><b>Evidencia regional de anemia<\/b> en poblaci\u00f3n infantil y mujeres. (<a href=\"https:\/\/pmc.ncbi.nlm.nih.gov\/articles\/PMC6356363\/\"><span class=\"s2\">PMC<\/span><\/a>)<\/li>\n<\/ul>\n<h4 class=\"p1\"><b>En Bioclinic (Puerto Viejo y Lim\u00f3n Centro)<\/b><\/h4>\n<p class=\"p2\">Realizamos <b>pruebas<\/b> como hemograma y ferritina, <a href=\"https:\/\/laboratoriobioclinic.cr\/packages\/paquetes-de-control\/perfil-lipidico\/\">perfil lip\u00eddico<\/a>, glucosa y vitaminas seleccionadas, con <b>plan de seguimiento<\/b> claro en ambas <a href=\"https:\/\/laboratoriobioclinic.cr\/empresa\/sedes-laboratorio-bioclinic-limon\/\"><strong>sedes<\/strong><\/a>.<\/p>\n<p class=\"p2\">\u00bfTe acompa\u00f1amos en tu <b>evaluaci\u00f3n nutricional<\/b> este mes?<\/p>\n","protected":false},"excerpt":{"rendered":"<p>Seguimiento con pruebas de laboratorio Una evaluaci\u00f3n nutricional peri\u00f3dica permite detectar a tiempo deficiencias o excesos, ofrece una valoraci\u00f3n objetiva de tu salud, facilita el seguimiento de cambios y previene complicaciones. En Lim\u00f3n y todo Costa Rica, esto se traduce en m\u00e1s energ\u00eda para el d\u00eda a d\u00eda y menos riesgo cardiometab\u00f3lico. \u00bfPor qu\u00e9 es [&hellip;]<\/p>\n","protected":false},"author":2,"featured_media":1348,"comment_status":"open","ping_status":"open","sticky":false,"template":"","format":"standard","meta":{"footnotes":""},"categories":[15],"tags":[365,868,1182,1185,706,1183,615,1184,54,1186],"class_list":["post-1347","post","type-post","status-publish","format-standard","has-post-thumbnail","hentry","category-blog-es","tag-anemia","tag-bioclinic-limn","tag-evaluacin-nutricional","tag-ferritina","tag-glucosa","tag-imc","tag-perfil-lipdico","tag-permetro-de-cintura","tag-prevencin","tag-vitaminas"],"yoast_head":"<!-- This site is optimized with the Yoast SEO plugin v27.5 - https:\/\/yoast.com\/product\/yoast-seo-wordpress\/ -->\n<title>Evaluaci\u00f3n nutricional en Lim\u00f3n | Bioclinic - Laboratorio Bioclinic<\/title>\n<meta name=\"description\" content=\"Evaluaci\u00f3n nutricional Lim\u00f3n: detecci\u00f3n temprana, seguimiento y prevenci\u00f3n. Agenda tu cita en Bioclinic. Agenda en Bioclinic hoy.\" \/>\n<meta name=\"robots\" content=\"index, follow, max-snippet:-1, max-image-preview:large, max-video-preview:-1\" \/>\n<link rel=\"canonical\" href=\"https:\/\/www.laboratoriobioclinic.cr\/en\/blog-es\/evaluacion-nutritional-limon-bioclinic\/\" \/>\n<meta property=\"og:locale\" content=\"es_ES\" \/>\n<meta property=\"og:type\" content=\"article\" \/>\n<meta property=\"og:title\" content=\"Evaluaci\u00f3n nutricional en Lim\u00f3n | Bioclinic - Laboratorio Bioclinic\" \/>\n<meta property=\"og:description\" content=\"Evaluaci\u00f3n nutricional Lim\u00f3n: detecci\u00f3n temprana, seguimiento y prevenci\u00f3n. Agenda tu cita en Bioclinic. Agenda en Bioclinic hoy.\" \/>\n<meta property=\"og:url\" content=\"https:\/\/www.laboratoriobioclinic.cr\/en\/blog-es\/evaluacion-nutritional-limon-bioclinic\/\" \/>\n<meta property=\"og:site_name\" content=\"Laboratorio Bioclinic\" \/>\n<meta property=\"article:published_time\" content=\"2025-09-24T17:09:24+00:00\" \/>\n<meta property=\"og:image\" content=\"https:\/\/www.laboratoriobioclinic.cr\/wp-content\/uploads\/2025\/09\/Evaluacion-nutricional.png\" \/>\n\t<meta property=\"og:image:width\" content=\"1080\" \/>\n\t<meta property=\"og:image:height\" content=\"1080\" \/>\n\t<meta property=\"og:image:type\" content=\"image\/png\" \/>\n<meta name=\"author\" content=\"V\u00edctor Hern\u00e1ndez\" \/>\n<meta name=\"twitter:card\" content=\"summary_large_image\" \/>\n<meta name=\"twitter:label1\" content=\"Escrito por\" \/>\n\t<meta name=\"twitter:data1\" content=\"V\u00edctor Hern\u00e1ndez\" \/>\n\t<meta name=\"twitter:label2\" content=\"Tiempo de lectura\" \/>\n\t<meta name=\"twitter:data2\" content=\"3 minutos\" \/>\n<script type=\"application\/ld+json\" class=\"yoast-schema-graph\">{\"@context\":\"https:\\\/\\\/schema.org\",\"@graph\":[{\"@type\":\"Article\",\"@id\":\"https:\\\/\\\/www.laboratoriobioclinic.cr\\\/en\\\/blog-es\\\/evaluacion-nutritional-limon-bioclinic\\\/#article\",\"isPartOf\":{\"@id\":\"https:\\\/\\\/www.laboratoriobioclinic.cr\\\/en\\\/blog-es\\\/evaluacion-nutritional-limon-bioclinic\\\/\"},\"author\":{\"name\":\"V\u00edctor Hern\u00e1ndez\",\"@id\":\"https:\\\/\\\/laboratoriobioclinic.cr\\\/es\\\/#\\\/schema\\\/person\\\/22388802b822cf3b3ff7019581c95721\"},\"headline\":\"Evaluaci\u00f3n nutricional: detecci\u00f3n y prevenci\u00f3n en Lim\u00f3n\",\"datePublished\":\"2025-09-24T17:09:24+00:00\",\"mainEntityOfPage\":{\"@id\":\"https:\\\/\\\/www.laboratoriobioclinic.cr\\\/en\\\/blog-es\\\/evaluacion-nutritional-limon-bioclinic\\\/\"},\"wordCount\":498,\"commentCount\":0,\"image\":{\"@id\":\"https:\\\/\\\/www.laboratoriobioclinic.cr\\\/en\\\/blog-es\\\/evaluacion-nutritional-limon-bioclinic\\\/#primaryimage\"},\"thumbnailUrl\":\"https:\\\/\\\/laboratoriobioclinic.cr\\\/wp-content\\\/uploads\\\/2025\\\/09\\\/Evaluacion-nutricional.png\",\"keywords\":[\"anemia\",\"Bioclinic Lim\u00f3n\",\"evaluaci\u00f3n nutricional\",\"ferritina\",\"Glucosa\",\"IMC\",\"perfil lip\u00eddico\",\"per\u00edmetro de cintura\",\"prevenci\u00f3n\",\"vitaminas\"],\"articleSection\":[\"Blog ES\"],\"inLanguage\":\"es\",\"potentialAction\":[{\"@type\":\"CommentAction\",\"name\":\"Comment\",\"target\":[\"https:\\\/\\\/www.laboratoriobioclinic.cr\\\/en\\\/blog-es\\\/evaluacion-nutritional-limon-bioclinic\\\/#respond\"]}]},{\"@type\":\"WebPage\",\"@id\":\"https:\\\/\\\/www.laboratoriobioclinic.cr\\\/en\\\/blog-es\\\/evaluacion-nutritional-limon-bioclinic\\\/\",\"url\":\"https:\\\/\\\/www.laboratoriobioclinic.cr\\\/en\\\/blog-es\\\/evaluacion-nutritional-limon-bioclinic\\\/\",\"name\":\"Evaluaci\u00f3n nutricional en Lim\u00f3n | Bioclinic - Laboratorio Bioclinic\",\"isPartOf\":{\"@id\":\"https:\\\/\\\/laboratoriobioclinic.cr\\\/es\\\/#website\"},\"primaryImageOfPage\":{\"@id\":\"https:\\\/\\\/www.laboratoriobioclinic.cr\\\/en\\\/blog-es\\\/evaluacion-nutritional-limon-bioclinic\\\/#primaryimage\"},\"image\":{\"@id\":\"https:\\\/\\\/www.laboratoriobioclinic.cr\\\/en\\\/blog-es\\\/evaluacion-nutritional-limon-bioclinic\\\/#primaryimage\"},\"thumbnailUrl\":\"https:\\\/\\\/laboratoriobioclinic.cr\\\/wp-content\\\/uploads\\\/2025\\\/09\\\/Evaluacion-nutricional.png\",\"datePublished\":\"2025-09-24T17:09:24+00:00\",\"author\":{\"@id\":\"https:\\\/\\\/laboratoriobioclinic.cr\\\/es\\\/#\\\/schema\\\/person\\\/22388802b822cf3b3ff7019581c95721\"},\"description\":\"Evaluaci\u00f3n nutricional Lim\u00f3n: detecci\u00f3n temprana, seguimiento y prevenci\u00f3n. Agenda tu cita en Bioclinic. Agenda en Bioclinic hoy.\",\"inLanguage\":\"es\",\"potentialAction\":[{\"@type\":\"ReadAction\",\"target\":[\"https:\\\/\\\/www.laboratoriobioclinic.cr\\\/en\\\/blog-es\\\/evaluacion-nutritional-limon-bioclinic\\\/\"]}]},{\"@type\":\"ImageObject\",\"inLanguage\":\"es\",\"@id\":\"https:\\\/\\\/www.laboratoriobioclinic.cr\\\/en\\\/blog-es\\\/evaluacion-nutritional-limon-bioclinic\\\/#primaryimage\",\"url\":\"https:\\\/\\\/laboratoriobioclinic.cr\\\/wp-content\\\/uploads\\\/2025\\\/09\\\/Evaluacion-nutricional.png\",\"contentUrl\":\"https:\\\/\\\/laboratoriobioclinic.cr\\\/wp-content\\\/uploads\\\/2025\\\/09\\\/Evaluacion-nutricional.png\",\"width\":1080,\"height\":1080,\"caption\":\"Hemograma, ferritina y perfil metab\u00f3lico\"},{\"@type\":\"WebSite\",\"@id\":\"https:\\\/\\\/laboratoriobioclinic.cr\\\/es\\\/#website\",\"url\":\"https:\\\/\\\/laboratoriobioclinic.cr\\\/es\\\/\",\"name\":\"Laboratorio Bioclinic\",\"description\":\"An\u00e1lisis cl\u00ednicos | Puerto Viejo | Lim\u00f3n\",\"potentialAction\":[{\"@type\":\"SearchAction\",\"target\":{\"@type\":\"EntryPoint\",\"urlTemplate\":\"https:\\\/\\\/laboratoriobioclinic.cr\\\/es\\\/?s={search_term_string}\"},\"query-input\":{\"@type\":\"PropertyValueSpecification\",\"valueRequired\":true,\"valueName\":\"search_term_string\"}}],\"inLanguage\":\"es\"},{\"@type\":\"Person\",\"@id\":\"https:\\\/\\\/laboratoriobioclinic.cr\\\/es\\\/#\\\/schema\\\/person\\\/22388802b822cf3b3ff7019581c95721\",\"name\":\"V\u00edctor Hern\u00e1ndez\",\"image\":{\"@type\":\"ImageObject\",\"inLanguage\":\"es\",\"@id\":\"https:\\\/\\\/secure.gravatar.com\\\/avatar\\\/df86c8d5b329d3be6dc959b83558672fb6ce1002eb345c198ef5458738b7ce88?s=96&d=mm&r=g\",\"url\":\"https:\\\/\\\/secure.gravatar.com\\\/avatar\\\/df86c8d5b329d3be6dc959b83558672fb6ce1002eb345c198ef5458738b7ce88?s=96&d=mm&r=g\",\"contentUrl\":\"https:\\\/\\\/secure.gravatar.com\\\/avatar\\\/df86c8d5b329d3be6dc959b83558672fb6ce1002eb345c198ef5458738b7ce88?s=96&d=mm&r=g\",\"caption\":\"V\u00edctor Hern\u00e1ndez\"},\"url\":\"https:\\\/\\\/laboratoriobioclinic.cr\\\/es\\\/author\\\/victor\\\/\"}]}<\/script>\n<!-- \/ Yoast SEO plugin. -->","yoast_head_json":{"title":"Evaluaci\u00f3n nutricional en Lim\u00f3n | Bioclinic - Laboratorio Bioclinic","description":"Evaluaci\u00f3n nutricional Lim\u00f3n: detecci\u00f3n temprana, seguimiento y prevenci\u00f3n. Agenda tu cita en Bioclinic. Agenda en Bioclinic hoy.","robots":{"index":"index","follow":"follow","max-snippet":"max-snippet:-1","max-image-preview":"max-image-preview:large","max-video-preview":"max-video-preview:-1"},"canonical":"https:\/\/www.laboratoriobioclinic.cr\/en\/blog-es\/evaluacion-nutritional-limon-bioclinic\/","og_locale":"es_ES","og_type":"article","og_title":"Evaluaci\u00f3n nutricional en Lim\u00f3n | Bioclinic - Laboratorio Bioclinic","og_description":"Evaluaci\u00f3n nutricional Lim\u00f3n: detecci\u00f3n temprana, seguimiento y prevenci\u00f3n. Agenda tu cita en Bioclinic. Agenda en Bioclinic hoy.","og_url":"https:\/\/www.laboratoriobioclinic.cr\/en\/blog-es\/evaluacion-nutritional-limon-bioclinic\/","og_site_name":"Laboratorio Bioclinic","article_published_time":"2025-09-24T17:09:24+00:00","og_image":[{"width":1080,"height":1080,"url":"https:\/\/www.laboratoriobioclinic.cr\/wp-content\/uploads\/2025\/09\/Evaluacion-nutricional.png","type":"image\/png"}],"author":"V\u00edctor Hern\u00e1ndez","twitter_card":"summary_large_image","twitter_misc":{"Escrito por":"V\u00edctor Hern\u00e1ndez","Tiempo de lectura":"3 minutos"},"schema":{"@context":"https:\/\/schema.org","@graph":[{"@type":"Article","@id":"https:\/\/www.laboratoriobioclinic.cr\/en\/blog-es\/evaluacion-nutritional-limon-bioclinic\/#article","isPartOf":{"@id":"https:\/\/www.laboratoriobioclinic.cr\/en\/blog-es\/evaluacion-nutritional-limon-bioclinic\/"},"author":{"name":"V\u00edctor Hern\u00e1ndez","@id":"https:\/\/laboratoriobioclinic.cr\/es\/#\/schema\/person\/22388802b822cf3b3ff7019581c95721"},"headline":"Evaluaci\u00f3n nutricional: detecci\u00f3n y prevenci\u00f3n en Lim\u00f3n","datePublished":"2025-09-24T17:09:24+00:00","mainEntityOfPage":{"@id":"https:\/\/www.laboratoriobioclinic.cr\/en\/blog-es\/evaluacion-nutritional-limon-bioclinic\/"},"wordCount":498,"commentCount":0,"image":{"@id":"https:\/\/www.laboratoriobioclinic.cr\/en\/blog-es\/evaluacion-nutritional-limon-bioclinic\/#primaryimage"},"thumbnailUrl":"https:\/\/laboratoriobioclinic.cr\/wp-content\/uploads\/2025\/09\/Evaluacion-nutricional.png","keywords":["anemia","Bioclinic Lim\u00f3n","evaluaci\u00f3n nutricional","ferritina","Glucosa","IMC","perfil lip\u00eddico","per\u00edmetro de cintura","prevenci\u00f3n","vitaminas"],"articleSection":["Blog ES"],"inLanguage":"es","potentialAction":[{"@type":"CommentAction","name":"Comment","target":["https:\/\/www.laboratoriobioclinic.cr\/en\/blog-es\/evaluacion-nutritional-limon-bioclinic\/#respond"]}]},{"@type":"WebPage","@id":"https:\/\/www.laboratoriobioclinic.cr\/en\/blog-es\/evaluacion-nutritional-limon-bioclinic\/","url":"https:\/\/www.laboratoriobioclinic.cr\/en\/blog-es\/evaluacion-nutritional-limon-bioclinic\/","name":"Evaluaci\u00f3n nutricional en Lim\u00f3n | Bioclinic - Laboratorio Bioclinic","isPartOf":{"@id":"https:\/\/laboratoriobioclinic.cr\/es\/#website"},"primaryImageOfPage":{"@id":"https:\/\/www.laboratoriobioclinic.cr\/en\/blog-es\/evaluacion-nutritional-limon-bioclinic\/#primaryimage"},"image":{"@id":"https:\/\/www.laboratoriobioclinic.cr\/en\/blog-es\/evaluacion-nutritional-limon-bioclinic\/#primaryimage"},"thumbnailUrl":"https:\/\/laboratoriobioclinic.cr\/wp-content\/uploads\/2025\/09\/Evaluacion-nutricional.png","datePublished":"2025-09-24T17:09:24+00:00","author":{"@id":"https:\/\/laboratoriobioclinic.cr\/es\/#\/schema\/person\/22388802b822cf3b3ff7019581c95721"},"description":"Evaluaci\u00f3n nutricional Lim\u00f3n: detecci\u00f3n temprana, seguimiento y prevenci\u00f3n. Agenda tu cita en Bioclinic. Agenda en Bioclinic hoy.","inLanguage":"es","potentialAction":[{"@type":"ReadAction","target":["https:\/\/www.laboratoriobioclinic.cr\/en\/blog-es\/evaluacion-nutritional-limon-bioclinic\/"]}]},{"@type":"ImageObject","inLanguage":"es","@id":"https:\/\/www.laboratoriobioclinic.cr\/en\/blog-es\/evaluacion-nutritional-limon-bioclinic\/#primaryimage","url":"https:\/\/laboratoriobioclinic.cr\/wp-content\/uploads\/2025\/09\/Evaluacion-nutricional.png","contentUrl":"https:\/\/laboratoriobioclinic.cr\/wp-content\/uploads\/2025\/09\/Evaluacion-nutricional.png","width":1080,"height":1080,"caption":"Hemograma, ferritina y perfil metab\u00f3lico"},{"@type":"WebSite","@id":"https:\/\/laboratoriobioclinic.cr\/es\/#website","url":"https:\/\/laboratoriobioclinic.cr\/es\/","name":"Laboratorio Bioclinic","description":"An\u00e1lisis cl\u00ednicos | Puerto Viejo | Lim\u00f3n","potentialAction":[{"@type":"SearchAction","target":{"@type":"EntryPoint","urlTemplate":"https:\/\/laboratoriobioclinic.cr\/es\/?s={search_term_string}"},"query-input":{"@type":"PropertyValueSpecification","valueRequired":true,"valueName":"search_term_string"}}],"inLanguage":"es"},{"@type":"Person","@id":"https:\/\/laboratoriobioclinic.cr\/es\/#\/schema\/person\/22388802b822cf3b3ff7019581c95721","name":"V\u00edctor Hern\u00e1ndez","image":{"@type":"ImageObject","inLanguage":"es","@id":"https:\/\/secure.gravatar.com\/avatar\/df86c8d5b329d3be6dc959b83558672fb6ce1002eb345c198ef5458738b7ce88?s=96&d=mm&r=g","url":"https:\/\/secure.gravatar.com\/avatar\/df86c8d5b329d3be6dc959b83558672fb6ce1002eb345c198ef5458738b7ce88?s=96&d=mm&r=g","contentUrl":"https:\/\/secure.gravatar.com\/avatar\/df86c8d5b329d3be6dc959b83558672fb6ce1002eb345c198ef5458738b7ce88?s=96&d=mm&r=g","caption":"V\u00edctor Hern\u00e1ndez"},"url":"https:\/\/laboratoriobioclinic.cr\/es\/author\/victor\/"}]}},"_links":{"self":[{"href":"https:\/\/laboratoriobioclinic.cr\/es\/wp-json\/wp\/v2\/posts\/1347","targetHints":{"allow":["GET"]}}],"collection":[{"href":"https:\/\/laboratoriobioclinic.cr\/es\/wp-json\/wp\/v2\/posts"}],"about":[{"href":"https:\/\/laboratoriobioclinic.cr\/es\/wp-json\/wp\/v2\/types\/post"}],"author":[{"embeddable":true,"href":"https:\/\/laboratoriobioclinic.cr\/es\/wp-json\/wp\/v2\/users\/2"}],"replies":[{"embeddable":true,"href":"https:\/\/laboratoriobioclinic.cr\/es\/wp-json\/wp\/v2\/comments?post=1347"}],"version-history":[{"count":2,"href":"https:\/\/laboratoriobioclinic.cr\/es\/wp-json\/wp\/v2\/posts\/1347\/revisions"}],"predecessor-version":[{"id":1350,"href":"https:\/\/laboratoriobioclinic.cr\/es\/wp-json\/wp\/v2\/posts\/1347\/revisions\/1350"}],"wp:featuredmedia":[{"embeddable":true,"href":"https:\/\/laboratoriobioclinic.cr\/es\/wp-json\/wp\/v2\/media\/1348"}],"wp:attachment":[{"href":"https:\/\/laboratoriobioclinic.cr\/es\/wp-json\/wp\/v2\/media?parent=1347"}],"wp:term":[{"taxonomy":"category","embeddable":true,"href":"https:\/\/laboratoriobioclinic.cr\/es\/wp-json\/wp\/v2\/categories?post=1347"},{"taxonomy":"post_tag","embeddable":true,"href":"https:\/\/laboratoriobioclinic.cr\/es\/wp-json\/wp\/v2\/tags?post=1347"}],"curies":[{"name":"wp","href":"https:\/\/api.w.org\/{rel}","templated":true}]}}