{"id":1304,"date":"2025-08-14T13:46:43","date_gmt":"2025-08-14T19:46:43","guid":{"rendered":"https:\/\/laboratoriobioclinic.cr\/?p=1304"},"modified":"2025-08-14T13:46:43","modified_gmt":"2025-08-14T19:46:43","slug":"control-de-anemia-costa-rica","status":"publish","type":"post","link":"https:\/\/laboratoriobioclinic.cr\/es\/blog-es\/control-de-anemia-costa-rica\/","title":{"rendered":"Control de anemia en Costa Rica: b\u00e1sico y general"},"content":{"rendered":"<h2>Control de anemia en Costa Rica: b\u00e1sico y general<\/h2>\n<p>En el <a class=\"cursor-pointer\" target=\"_new\" rel=\"noopener\" data-start=\"1093\" data-end=\"1158\">Laboratorio Cl\u00ednico Bioclinic<\/a> sabemos que la anemia es una condici\u00f3n que puede afectar tu energ\u00eda, concentraci\u00f3n y bienestar general. Por eso ofrecemos <strong data-start=\"1281\" data-end=\"1338\">dos paquetes especializados para el control de anemia<\/strong>, adaptados a tus necesidades: el <strong data-start=\"1372\" data-end=\"1390\">paquete b\u00e1sico<\/strong>, ideal para una evaluaci\u00f3n inicial, y el <strong data-start=\"1432\" data-end=\"1451\">paquete general<\/strong>, con un an\u00e1lisis m\u00e1s completo para identificar causas espec\u00edficas.<br data-start=\"1518\" data-end=\"1521\" \/>Seg\u00fan la <a class=\"\" href=\"https:\/\/www.who.int\/es\/news-room\/fact-sheets\/detail\/anaemia\" target=\"_new\" rel=\"noopener\" data-start=\"1530\" data-end=\"1631\">Organizaci\u00f3n Mundial de la Salud (OMS)<\/a>, la anemia afecta a m\u00e1s de 1.600 millones de personas en el mundo, lo que refuerza la importancia de su diagn\u00f3stico temprano.<\/p>\n<h2>Paquete b\u00e1sico de control de anemia<\/h2>\n<p data-start=\"1819\" data-end=\"2113\">Incluye un <strong data-start=\"1830\" data-end=\"1852\">hemograma completo<\/strong>, que mide la cantidad de hemoglobina en la sangre y eval\u00faa par\u00e1metros como gl\u00f3bulos rojos, gl\u00f3bulos blancos y plaquetas.<br data-start=\"1973\" data-end=\"1976\" \/>Tambi\u00e9n incorpora la <strong data-start=\"1997\" data-end=\"2050\">prueba de hierro s\u00e9rico con capacidad de fijaci\u00f3n<\/strong>, fundamental para detectar anemia por deficiencia de hierro.<\/p>\n<p data-start=\"2115\" data-end=\"2129\"><strong data-start=\"2115\" data-end=\"2127\">Incluye:<\/strong><\/p>\n<ul>\n<li data-start=\"2132\" data-end=\"2162\">Hemograma completo \u2013 \u20a113,520<\/li>\n<li data-start=\"2132\" data-end=\"2162\">Hierro s\u00e9rico + capacidad de fijaci\u00f3n \u2013 \u20a119,240<br data-start=\"2212\" data-end=\"2215\" \/><strong data-start=\"2215\" data-end=\"2231\">Costo total:<\/strong> \u20a132,760<\/li>\n<\/ul>\n<p data-start=\"2243\" data-end=\"2369\">Este paquete es recomendado para un control r\u00e1pido y eficaz, ideal si buscas una evaluaci\u00f3n inicial o seguimiento peri\u00f3dico.<\/p>\n<h2 data-start=\"2243\" data-end=\"2369\">Paquete general de control de anemia<\/h2>\n<p data-start=\"2390\" data-end=\"2428\">Paquete general de control de anemia<\/p>\n<p data-start=\"2430\" data-end=\"2529\">Para un diagn\u00f3stico m\u00e1s detallado, este paquete incluye todo lo del b\u00e1sico m\u00e1s pruebas avanzadas:<\/p>\n<ul>\n<li data-start=\"2533\" data-end=\"2645\"><strong data-start=\"2533\" data-end=\"2567\">Electroforesis de hemoglobina:<\/strong> Detecta hemoglobinas anormales como en la anemia falciforme o la talasemia.<\/li>\n<li data-start=\"2533\" data-end=\"2645\"><strong data-start=\"2648\" data-end=\"2665\">Vitamina B12:<\/strong> Eval\u00faa la deficiencia de esta vitamina esencial para producir gl\u00f3bulos rojos.<\/li>\n<li data-start=\"2533\" data-end=\"2645\"><strong data-start=\"2748\" data-end=\"2765\">\u00c1cido f\u00f3lico:<\/strong> Determina si la falta de este nutriente contribuye a la anemia.<\/li>\n<\/ul>\n<p data-start=\"2833\" data-end=\"2847\"><strong data-start=\"2833\" data-end=\"2845\">Incluye:<\/strong><\/p>\n<ul>\n<li data-start=\"2850\" data-end=\"2880\">Hemograma completo \u2013 \u20a113,520<\/li>\n<li data-start=\"2850\" data-end=\"2880\">Electroforesis de hemoglobina \u2013 \u20a163,440<\/li>\n<li data-start=\"2850\" data-end=\"2880\">Hierro s\u00e9rico + capacidad de fijaci\u00f3n \u2013 \u20a119,240<\/li>\n<li data-start=\"2850\" data-end=\"2880\">Vitamina B12 \u2013 \u20a122,880<\/li>\n<li data-start=\"2850\" data-end=\"2880\">\u00c1cido f\u00f3lico \u2013 \u20a122,880<\/li>\n<\/ul>\n<p data-start=\"3032\" data-end=\"3059\"><strong data-start=\"3032\" data-end=\"3048\">Costo total:<\/strong> \u20a1141,960<\/p>\n<p data-start=\"3061\" data-end=\"3191\">Este es el estudio m\u00e1s completo, recomendado si presentas s\u00edntomas persistentes o antecedentes familiares de anemia hereditaria<\/p>\n<h2 data-start=\"3061\" data-end=\"3191\">\u00bfPor qu\u00e9 realizar tu control de anemia en Bioclinic?<\/h2>\n<ul>\n<li data-start=\"3270\" data-end=\"3304\">Resultados confiables y r\u00e1pidos.<\/li>\n<li data-start=\"3270\" data-end=\"3304\">Tecnolog\u00eda de laboratorio avanzada.<\/li>\n<li data-start=\"3270\" data-end=\"3304\">Atenci\u00f3n profesional personalizada.<\/li>\n<li data-start=\"3270\" data-end=\"3304\">Paquetes con precios claros y competitivos.<\/li>\n<\/ul>\n<p data-start=\"3387\" data-end=\"3432\">Encuentra m\u00e1s an\u00e1lisis en nuestro cat\u00e1logo de <a class=\"cursor-pointer\" href=\"https:\/\/laboratoriobioclinic.cr\/servicios\/\" target=\"_new\" rel=\"noopener\" data-start=\"3483\" data-end=\"3550\">pruebas de laboratorio<\/a>.<\/p>\n<h2>Agenda tu cita hoy mismo<\/h2>\n<p data-start=\"3602\" data-end=\"3759\">No dejes que la anemia afecte tu calidad de vida. Ac\u00e9rcate a nuestro laboratorio en <strong data-start=\"3686\" data-end=\"3710\">Lim\u00f3n y Puerto Viejo<\/strong> y realiza el paquete que mejor se adapte a ti.<\/p>\n<p data-start=\"3602\" data-end=\"3759\"><strong data-start=\"3839\" data-end=\"3861\">Reserva online:<\/strong> <a class=\"cursor-pointer\" href=\"https:\/\/laboratoriobioclinic.cr\/contacto\/\" target=\"_new\" rel=\"noopener\" data-start=\"3862\" data-end=\"3928\">Formulario de contacto<\/a><\/p>\n<p>&nbsp;<\/p>\n","protected":false},"excerpt":{"rendered":"<p>Control de anemia en Costa Rica: b\u00e1sico y general En el Laboratorio Cl\u00ednico Bioclinic sabemos que la anemia es una condici\u00f3n que puede afectar tu energ\u00eda, concentraci\u00f3n y bienestar general. Por eso ofrecemos dos paquetes especializados para el control de anemia, adaptados a tus necesidades: el paquete b\u00e1sico, ideal para una evaluaci\u00f3n inicial, y el [&hellip;]<\/p>\n","protected":false},"author":2,"featured_media":1305,"comment_status":"open","ping_status":"open","sticky":false,"template":"","format":"standard","meta":{"footnotes":""},"categories":[15],"tags":[1157,365,1163,1158,1156,85,1147,46,211,897],"class_list":["post-1304","post","type-post","status-publish","format-standard","has-post-thumbnail","hentry","category-blog-es","tag-cido-flico","tag-anemia","tag-control-de-anemia","tag-diagnstico-anemia","tag-electroforesis","tag-hemograma","tag-hierro-srico","tag-laboratorio","tag-salud","tag-vitamina-b12"],"yoast_head":"<!-- This site is optimized with the Yoast SEO plugin v27.5 - https:\/\/yoast.com\/product\/yoast-seo-wordpress\/ -->\n<title>Control de anemia en Bioclinic - Laboratorio Bioclinic<\/title>\n<meta name=\"description\" content=\"Detecta anemia con hemograma y pruebas especializadas. Paquetes b\u00e1sico y general en Laboratorio Cl\u00ednico Bioclinic.\" \/>\n<meta name=\"robots\" content=\"index, follow, max-snippet:-1, max-image-preview:large, max-video-preview:-1\" \/>\n<link rel=\"canonical\" href=\"https:\/\/laboratoriobioclinic.cr\/es\/blog-es\/control-de-anemia-costa-rica\/\" \/>\n<meta property=\"og:locale\" content=\"es_ES\" \/>\n<meta property=\"og:type\" content=\"article\" \/>\n<meta property=\"og:title\" content=\"Control de anemia en Bioclinic - Laboratorio Bioclinic\" \/>\n<meta property=\"og:description\" content=\"Detecta anemia con hemograma y pruebas especializadas. Paquetes b\u00e1sico y general en Laboratorio Cl\u00ednico Bioclinic.\" \/>\n<meta property=\"og:url\" content=\"https:\/\/laboratoriobioclinic.cr\/es\/blog-es\/control-de-anemia-costa-rica\/\" \/>\n<meta property=\"og:site_name\" content=\"Laboratorio Bioclinic\" \/>\n<meta property=\"article:published_time\" content=\"2025-08-14T19:46:43+00:00\" \/>\n<meta property=\"og:image\" content=\"https:\/\/laboratoriobioclinic.cr\/wp-content\/uploads\/2025\/08\/Control-basico-de-anemia-en-Bioclinic.png\" \/>\n\t<meta property=\"og:image:width\" content=\"850\" \/>\n\t<meta property=\"og:image:height\" content=\"300\" \/>\n\t<meta property=\"og:image:type\" content=\"image\/png\" \/>\n<meta name=\"author\" content=\"V\u00edctor Hern\u00e1ndez\" \/>\n<meta name=\"twitter:card\" content=\"summary_large_image\" \/>\n<meta name=\"twitter:label1\" content=\"Escrito por\" \/>\n\t<meta name=\"twitter:data1\" content=\"V\u00edctor Hern\u00e1ndez\" \/>\n\t<meta name=\"twitter:label2\" content=\"Tiempo de lectura\" \/>\n\t<meta name=\"twitter:data2\" content=\"2 minutos\" \/>\n<script type=\"application\/ld+json\" class=\"yoast-schema-graph\">{\"@context\":\"https:\\\/\\\/schema.org\",\"@graph\":[{\"@type\":\"Article\",\"@id\":\"https:\\\/\\\/laboratoriobioclinic.cr\\\/es\\\/blog-es\\\/control-de-anemia-costa-rica\\\/#article\",\"isPartOf\":{\"@id\":\"https:\\\/\\\/laboratoriobioclinic.cr\\\/es\\\/blog-es\\\/control-de-anemia-costa-rica\\\/\"},\"author\":{\"name\":\"V\u00edctor Hern\u00e1ndez\",\"@id\":\"https:\\\/\\\/laboratoriobioclinic.cr\\\/es\\\/#\\\/schema\\\/person\\\/22388802b822cf3b3ff7019581c95721\"},\"headline\":\"Control de anemia en Costa Rica: b\u00e1sico y general\",\"datePublished\":\"2025-08-14T19:46:43+00:00\",\"mainEntityOfPage\":{\"@id\":\"https:\\\/\\\/laboratoriobioclinic.cr\\\/es\\\/blog-es\\\/control-de-anemia-costa-rica\\\/\"},\"wordCount\":406,\"commentCount\":0,\"image\":{\"@id\":\"https:\\\/\\\/laboratoriobioclinic.cr\\\/es\\\/blog-es\\\/control-de-anemia-costa-rica\\\/#primaryimage\"},\"thumbnailUrl\":\"https:\\\/\\\/laboratoriobioclinic.cr\\\/wp-content\\\/uploads\\\/2025\\\/08\\\/Control-basico-de-anemia-en-Bioclinic.png\",\"keywords\":[\"\u00e1cido f\u00f3lico\",\"anemia\",\"control de anemia\",\"diagn\u00f3stico anemia\",\"electroforesis\",\"hemograma\",\"hierro s\u00e9rico\",\"laboratorio\",\"salud\",\"vitamina B12\"],\"articleSection\":[\"Blog ES\"],\"inLanguage\":\"es\",\"potentialAction\":[{\"@type\":\"CommentAction\",\"name\":\"Comment\",\"target\":[\"https:\\\/\\\/laboratoriobioclinic.cr\\\/es\\\/blog-es\\\/control-de-anemia-costa-rica\\\/#respond\"]}]},{\"@type\":\"WebPage\",\"@id\":\"https:\\\/\\\/laboratoriobioclinic.cr\\\/es\\\/blog-es\\\/control-de-anemia-costa-rica\\\/\",\"url\":\"https:\\\/\\\/laboratoriobioclinic.cr\\\/es\\\/blog-es\\\/control-de-anemia-costa-rica\\\/\",\"name\":\"Control de anemia en Bioclinic - Laboratorio Bioclinic\",\"isPartOf\":{\"@id\":\"https:\\\/\\\/laboratoriobioclinic.cr\\\/es\\\/#website\"},\"primaryImageOfPage\":{\"@id\":\"https:\\\/\\\/laboratoriobioclinic.cr\\\/es\\\/blog-es\\\/control-de-anemia-costa-rica\\\/#primaryimage\"},\"image\":{\"@id\":\"https:\\\/\\\/laboratoriobioclinic.cr\\\/es\\\/blog-es\\\/control-de-anemia-costa-rica\\\/#primaryimage\"},\"thumbnailUrl\":\"https:\\\/\\\/laboratoriobioclinic.cr\\\/wp-content\\\/uploads\\\/2025\\\/08\\\/Control-basico-de-anemia-en-Bioclinic.png\",\"datePublished\":\"2025-08-14T19:46:43+00:00\",\"author\":{\"@id\":\"https:\\\/\\\/laboratoriobioclinic.cr\\\/es\\\/#\\\/schema\\\/person\\\/22388802b822cf3b3ff7019581c95721\"},\"description\":\"Detecta anemia con hemograma y pruebas especializadas. Paquetes b\u00e1sico y general en Laboratorio Cl\u00ednico Bioclinic.\",\"inLanguage\":\"es\",\"potentialAction\":[{\"@type\":\"ReadAction\",\"target\":[\"https:\\\/\\\/laboratoriobioclinic.cr\\\/es\\\/blog-es\\\/control-de-anemia-costa-rica\\\/\"]}]},{\"@type\":\"ImageObject\",\"inLanguage\":\"es\",\"@id\":\"https:\\\/\\\/laboratoriobioclinic.cr\\\/es\\\/blog-es\\\/control-de-anemia-costa-rica\\\/#primaryimage\",\"url\":\"https:\\\/\\\/laboratoriobioclinic.cr\\\/wp-content\\\/uploads\\\/2025\\\/08\\\/Control-basico-de-anemia-en-Bioclinic.png\",\"contentUrl\":\"https:\\\/\\\/laboratoriobioclinic.cr\\\/wp-content\\\/uploads\\\/2025\\\/08\\\/Control-basico-de-anemia-en-Bioclinic.png\",\"width\":850,\"height\":300,\"caption\":\"Hemograma y hierro s\u00e9rico para detectar anemia\"},{\"@type\":\"WebSite\",\"@id\":\"https:\\\/\\\/laboratoriobioclinic.cr\\\/es\\\/#website\",\"url\":\"https:\\\/\\\/laboratoriobioclinic.cr\\\/es\\\/\",\"name\":\"Laboratorio Bioclinic\",\"description\":\"An\u00e1lisis cl\u00ednicos | Puerto Viejo | Lim\u00f3n\",\"potentialAction\":[{\"@type\":\"SearchAction\",\"target\":{\"@type\":\"EntryPoint\",\"urlTemplate\":\"https:\\\/\\\/laboratoriobioclinic.cr\\\/es\\\/?s={search_term_string}\"},\"query-input\":{\"@type\":\"PropertyValueSpecification\",\"valueRequired\":true,\"valueName\":\"search_term_string\"}}],\"inLanguage\":\"es\"},{\"@type\":\"Person\",\"@id\":\"https:\\\/\\\/laboratoriobioclinic.cr\\\/es\\\/#\\\/schema\\\/person\\\/22388802b822cf3b3ff7019581c95721\",\"name\":\"V\u00edctor Hern\u00e1ndez\",\"image\":{\"@type\":\"ImageObject\",\"inLanguage\":\"es\",\"@id\":\"https:\\\/\\\/secure.gravatar.com\\\/avatar\\\/df86c8d5b329d3be6dc959b83558672fb6ce1002eb345c198ef5458738b7ce88?s=96&d=mm&r=g\",\"url\":\"https:\\\/\\\/secure.gravatar.com\\\/avatar\\\/df86c8d5b329d3be6dc959b83558672fb6ce1002eb345c198ef5458738b7ce88?s=96&d=mm&r=g\",\"contentUrl\":\"https:\\\/\\\/secure.gravatar.com\\\/avatar\\\/df86c8d5b329d3be6dc959b83558672fb6ce1002eb345c198ef5458738b7ce88?s=96&d=mm&r=g\",\"caption\":\"V\u00edctor Hern\u00e1ndez\"},\"url\":\"https:\\\/\\\/laboratoriobioclinic.cr\\\/es\\\/author\\\/victor\\\/\"}]}<\/script>\n<!-- \/ Yoast SEO plugin. -->","yoast_head_json":{"title":"Control de anemia en Bioclinic - Laboratorio Bioclinic","description":"Detecta anemia con hemograma y pruebas especializadas. Paquetes b\u00e1sico y general en Laboratorio Cl\u00ednico Bioclinic.","robots":{"index":"index","follow":"follow","max-snippet":"max-snippet:-1","max-image-preview":"max-image-preview:large","max-video-preview":"max-video-preview:-1"},"canonical":"https:\/\/laboratoriobioclinic.cr\/es\/blog-es\/control-de-anemia-costa-rica\/","og_locale":"es_ES","og_type":"article","og_title":"Control de anemia en Bioclinic - Laboratorio Bioclinic","og_description":"Detecta anemia con hemograma y pruebas especializadas. Paquetes b\u00e1sico y general en Laboratorio Cl\u00ednico Bioclinic.","og_url":"https:\/\/laboratoriobioclinic.cr\/es\/blog-es\/control-de-anemia-costa-rica\/","og_site_name":"Laboratorio Bioclinic","article_published_time":"2025-08-14T19:46:43+00:00","og_image":[{"width":850,"height":300,"url":"https:\/\/laboratoriobioclinic.cr\/wp-content\/uploads\/2025\/08\/Control-basico-de-anemia-en-Bioclinic.png","type":"image\/png"}],"author":"V\u00edctor Hern\u00e1ndez","twitter_card":"summary_large_image","twitter_misc":{"Escrito por":"V\u00edctor Hern\u00e1ndez","Tiempo de lectura":"2 minutos"},"schema":{"@context":"https:\/\/schema.org","@graph":[{"@type":"Article","@id":"https:\/\/laboratoriobioclinic.cr\/es\/blog-es\/control-de-anemia-costa-rica\/#article","isPartOf":{"@id":"https:\/\/laboratoriobioclinic.cr\/es\/blog-es\/control-de-anemia-costa-rica\/"},"author":{"name":"V\u00edctor Hern\u00e1ndez","@id":"https:\/\/laboratoriobioclinic.cr\/es\/#\/schema\/person\/22388802b822cf3b3ff7019581c95721"},"headline":"Control de anemia en Costa Rica: b\u00e1sico y general","datePublished":"2025-08-14T19:46:43+00:00","mainEntityOfPage":{"@id":"https:\/\/laboratoriobioclinic.cr\/es\/blog-es\/control-de-anemia-costa-rica\/"},"wordCount":406,"commentCount":0,"image":{"@id":"https:\/\/laboratoriobioclinic.cr\/es\/blog-es\/control-de-anemia-costa-rica\/#primaryimage"},"thumbnailUrl":"https:\/\/laboratoriobioclinic.cr\/wp-content\/uploads\/2025\/08\/Control-basico-de-anemia-en-Bioclinic.png","keywords":["\u00e1cido f\u00f3lico","anemia","control de anemia","diagn\u00f3stico anemia","electroforesis","hemograma","hierro s\u00e9rico","laboratorio","salud","vitamina B12"],"articleSection":["Blog ES"],"inLanguage":"es","potentialAction":[{"@type":"CommentAction","name":"Comment","target":["https:\/\/laboratoriobioclinic.cr\/es\/blog-es\/control-de-anemia-costa-rica\/#respond"]}]},{"@type":"WebPage","@id":"https:\/\/laboratoriobioclinic.cr\/es\/blog-es\/control-de-anemia-costa-rica\/","url":"https:\/\/laboratoriobioclinic.cr\/es\/blog-es\/control-de-anemia-costa-rica\/","name":"Control de anemia en Bioclinic - Laboratorio Bioclinic","isPartOf":{"@id":"https:\/\/laboratoriobioclinic.cr\/es\/#website"},"primaryImageOfPage":{"@id":"https:\/\/laboratoriobioclinic.cr\/es\/blog-es\/control-de-anemia-costa-rica\/#primaryimage"},"image":{"@id":"https:\/\/laboratoriobioclinic.cr\/es\/blog-es\/control-de-anemia-costa-rica\/#primaryimage"},"thumbnailUrl":"https:\/\/laboratoriobioclinic.cr\/wp-content\/uploads\/2025\/08\/Control-basico-de-anemia-en-Bioclinic.png","datePublished":"2025-08-14T19:46:43+00:00","author":{"@id":"https:\/\/laboratoriobioclinic.cr\/es\/#\/schema\/person\/22388802b822cf3b3ff7019581c95721"},"description":"Detecta anemia con hemograma y pruebas especializadas. Paquetes b\u00e1sico y general en Laboratorio Cl\u00ednico Bioclinic.","inLanguage":"es","potentialAction":[{"@type":"ReadAction","target":["https:\/\/laboratoriobioclinic.cr\/es\/blog-es\/control-de-anemia-costa-rica\/"]}]},{"@type":"ImageObject","inLanguage":"es","@id":"https:\/\/laboratoriobioclinic.cr\/es\/blog-es\/control-de-anemia-costa-rica\/#primaryimage","url":"https:\/\/laboratoriobioclinic.cr\/wp-content\/uploads\/2025\/08\/Control-basico-de-anemia-en-Bioclinic.png","contentUrl":"https:\/\/laboratoriobioclinic.cr\/wp-content\/uploads\/2025\/08\/Control-basico-de-anemia-en-Bioclinic.png","width":850,"height":300,"caption":"Hemograma y hierro s\u00e9rico para detectar anemia"},{"@type":"WebSite","@id":"https:\/\/laboratoriobioclinic.cr\/es\/#website","url":"https:\/\/laboratoriobioclinic.cr\/es\/","name":"Laboratorio Bioclinic","description":"An\u00e1lisis cl\u00ednicos | Puerto Viejo | Lim\u00f3n","potentialAction":[{"@type":"SearchAction","target":{"@type":"EntryPoint","urlTemplate":"https:\/\/laboratoriobioclinic.cr\/es\/?s={search_term_string}"},"query-input":{"@type":"PropertyValueSpecification","valueRequired":true,"valueName":"search_term_string"}}],"inLanguage":"es"},{"@type":"Person","@id":"https:\/\/laboratoriobioclinic.cr\/es\/#\/schema\/person\/22388802b822cf3b3ff7019581c95721","name":"V\u00edctor Hern\u00e1ndez","image":{"@type":"ImageObject","inLanguage":"es","@id":"https:\/\/secure.gravatar.com\/avatar\/df86c8d5b329d3be6dc959b83558672fb6ce1002eb345c198ef5458738b7ce88?s=96&d=mm&r=g","url":"https:\/\/secure.gravatar.com\/avatar\/df86c8d5b329d3be6dc959b83558672fb6ce1002eb345c198ef5458738b7ce88?s=96&d=mm&r=g","contentUrl":"https:\/\/secure.gravatar.com\/avatar\/df86c8d5b329d3be6dc959b83558672fb6ce1002eb345c198ef5458738b7ce88?s=96&d=mm&r=g","caption":"V\u00edctor Hern\u00e1ndez"},"url":"https:\/\/laboratoriobioclinic.cr\/es\/author\/victor\/"}]}},"_links":{"self":[{"href":"https:\/\/laboratoriobioclinic.cr\/es\/wp-json\/wp\/v2\/posts\/1304","targetHints":{"allow":["GET"]}}],"collection":[{"href":"https:\/\/laboratoriobioclinic.cr\/es\/wp-json\/wp\/v2\/posts"}],"about":[{"href":"https:\/\/laboratoriobioclinic.cr\/es\/wp-json\/wp\/v2\/types\/post"}],"author":[{"embeddable":true,"href":"https:\/\/laboratoriobioclinic.cr\/es\/wp-json\/wp\/v2\/users\/2"}],"replies":[{"embeddable":true,"href":"https:\/\/laboratoriobioclinic.cr\/es\/wp-json\/wp\/v2\/comments?post=1304"}],"version-history":[{"count":1,"href":"https:\/\/laboratoriobioclinic.cr\/es\/wp-json\/wp\/v2\/posts\/1304\/revisions"}],"predecessor-version":[{"id":1306,"href":"https:\/\/laboratoriobioclinic.cr\/es\/wp-json\/wp\/v2\/posts\/1304\/revisions\/1306"}],"wp:featuredmedia":[{"embeddable":true,"href":"https:\/\/laboratoriobioclinic.cr\/es\/wp-json\/wp\/v2\/media\/1305"}],"wp:attachment":[{"href":"https:\/\/laboratoriobioclinic.cr\/es\/wp-json\/wp\/v2\/media?parent=1304"}],"wp:term":[{"taxonomy":"category","embeddable":true,"href":"https:\/\/laboratoriobioclinic.cr\/es\/wp-json\/wp\/v2\/categories?post=1304"},{"taxonomy":"post_tag","embeddable":true,"href":"https:\/\/laboratoriobioclinic.cr\/es\/wp-json\/wp\/v2\/tags?post=1304"}],"curies":[{"name":"wp","href":"https:\/\/api.w.org\/{rel}","templated":true}]}}