{"id":1175,"date":"2025-06-13T09:16:29","date_gmt":"2025-06-13T15:16:29","guid":{"rendered":"https:\/\/laboratoriobioclinic.cr\/?p=1175"},"modified":"2025-06-13T09:17:22","modified_gmt":"2025-06-13T15:17:22","slug":"influenza-covid19-costa-rica-2025","status":"publish","type":"post","link":"https:\/\/laboratoriobioclinic.cr\/es\/blog-es\/influenza-covid19-costa-rica-2025\/","title":{"rendered":"Influenza y COVID-19: alerta por aumento de casos en Costa Rica"},"content":{"rendered":"<h2>Bioclinic ofrece pruebas confiables para detectar virus respiratorios<\/h2>\n<p data-pm-slice=\"1 1 []\"><strong>Puerto Viejo, junio de 2025.<\/strong> El Laboratorio Cl\u00ednico Bioclinic alerta a la poblaci\u00f3n sobre el aumento de casos positivos de <strong>Influenza y COVID-19 en Costa Rica<\/strong>, seg\u00fan los datos m\u00e1s recientes del sistema de vigilancia epidemiol\u00f3gica nacional. Durante las primeras 22 semanas del a\u00f1o, el virus de la <strong>Influenza A<\/strong> ha mostrado un repunte significativo en circulaci\u00f3n, alcanzando porcentajes superiores al 50% en las pruebas realizadas. A la par, los casos de <strong>COVID-19<\/strong> tambi\u00e9n han mantenido una presencia constante en la poblaci\u00f3n, con una circulaci\u00f3n que ronda el 20%.<\/p>\n<p class=\"p1\">Durante las primeras 22 semanas del a\u00f1o, <a href=\"https:\/\/observador.cr\/mas-de-214-000-personas-ya-estan-vacunadas-contra-la-influenza-estacional-reporta-la-ccss\/\">el virus de la <b>Influenza A<\/b><\/a> ha mostrado un repunte significativo en circulaci\u00f3n, alcanzando porcentajes superiores al 50% en las pruebas realizadas. A la par, los casos de <b>COVID-19<\/b> tambi\u00e9n han mantenido una presencia constante en la poblaci\u00f3n, con una circulaci\u00f3n que ronda el 20%.<\/p>\n<p class=\"p1\">Esta tendencia pone en evidencia la necesidad urgente de mantenerse alertas, reforzar las medidas de prevenci\u00f3n y, sobre todo, realizarse pruebas ante s\u00edntomas respiratorios como fiebre, dolor de garganta, congesti\u00f3n nasal, malestar general o dificultad para respirar.<\/p>\n<p><img loading=\"lazy\" decoding=\"async\" class=\"alignnone wp-image-1178 size-large\" src=\"https:\/\/laboratoriobioclinic.cr\/wp-content\/uploads\/2025\/06\/image003-1024x585.png\" alt=\"Estad\u00edstica de la Influenza en el pa\u00eds\" width=\"1024\" height=\"585\" srcset=\"https:\/\/laboratoriobioclinic.cr\/wp-content\/uploads\/2025\/06\/image003-1024x585.png 1024w, https:\/\/laboratoriobioclinic.cr\/wp-content\/uploads\/2025\/06\/image003-300x171.png 300w, https:\/\/laboratoriobioclinic.cr\/wp-content\/uploads\/2025\/06\/image003-768x438.png 768w, https:\/\/laboratoriobioclinic.cr\/wp-content\/uploads\/2025\/06\/image003.png 1368w\" sizes=\"auto, (max-width: 1024px) 100vw, 1024px\" \/><\/p>\n<h3 class=\"p3\">Diagn\u00f3stico oportuno en Bioclinic Puerto Viejo<\/h3>\n<p class=\"p1\">Desde el <b>Laboratorio Cl\u00ednico Bioclinic<\/b>, ubicado en <b>Puerto Viejo<\/b>, se recuerda a la comunidad que se ofrecen <b>dos alternativas confiables y r\u00e1pidas para detectar virus respiratorios<\/b>:<\/p>\n<ol>\n<li><b>Panel Respiratorio Multiplex PCR<\/b>: permite identificar m\u00faltiples virus respiratorios, incluyendo Influenza A y B, COVID-19, Adenovirus, Virus Sincicial Respiratorio, entre otros, en una sola muestra.<\/li>\n<li><a href=\"https:\/\/laboratoriobioclinic.cr\/servicios\/inmunolog%c3%ada\/\"><b>Prueba r\u00e1pida de ant\u00edgeno para COVID-19<\/b><\/a>: resultados en minutos, ideal para detectar infecciones activas y tomar decisiones a tiempo.<\/li>\n<\/ol>\n<h3 class=\"p3\"><b>Si presenta s\u00edntomas, consulte a tiempo<\/b><\/h3>\n<p class=\"p1\">Es recomendable acudir lo antes posible al laboratorio para una valoraci\u00f3n o contactarse para m\u00e1s informaci\u00f3n.<\/p>\n<p class=\"p1\">Un diagn\u00f3stico temprano puede marcar la diferencia en la salud personal y la de quienes lo rodean.<\/p>\n","protected":false},"excerpt":{"rendered":"<p>Bioclinic ofrece pruebas confiables para detectar virus respiratorios Puerto Viejo, junio de 2025. El Laboratorio Cl\u00ednico Bioclinic alerta a la poblaci\u00f3n sobre el aumento de casos positivos de Influenza y COVID-19 en Costa Rica, seg\u00fan los datos m\u00e1s recientes del sistema de vigilancia epidemiol\u00f3gica nacional. Durante las primeras 22 semanas del a\u00f1o, el virus de [&hellip;]<\/p>\n","protected":false},"author":2,"featured_media":1177,"comment_status":"open","ping_status":"open","sticky":false,"template":"","format":"standard","meta":{"footnotes":""},"categories":[15],"tags":[47,43,32,463,914,915,214,45,211,916],"class_list":["post-1175","post","type-post","status-publish","format-standard","has-post-thumbnail","hentry","category-blog-es","tag-bioclinic","tag-costa-rica","tag-covid-19","tag-diagnstico","tag-influenza","tag-panel-respiratorio","tag-pruebas","tag-puerto-viejo","tag-salud","tag-virus-respiratorios"],"yoast_head":"<!-- This site is optimized with the Yoast SEO plugin v27.5 - https:\/\/yoast.com\/product\/yoast-seo-wordpress\/ -->\n<title>Influenza y COVID-19 en Costa Rica: alerta 2025 - Laboratorio Bioclinic<\/title>\n<meta name=\"description\" content=\"Casos de Influenza y COVID-19 aumentan en Costa Rica. Bioclinic ofrece diagn\u00f3stico r\u00e1pido en Puerto Viejo.\" \/>\n<meta name=\"robots\" content=\"index, follow, max-snippet:-1, max-image-preview:large, max-video-preview:-1\" \/>\n<link rel=\"canonical\" href=\"https:\/\/laboratoriobioclinic.cr\/en\/blog-es\/influenza-covid19-costa-rica-2025\/\" \/>\n<meta property=\"og:locale\" content=\"es_ES\" \/>\n<meta property=\"og:type\" content=\"article\" \/>\n<meta property=\"og:title\" content=\"Influenza y COVID-19 en Costa Rica: alerta 2025 - Laboratorio Bioclinic\" \/>\n<meta property=\"og:description\" content=\"Casos de Influenza y COVID-19 aumentan en Costa Rica. Bioclinic ofrece diagn\u00f3stico r\u00e1pido en Puerto Viejo.\" \/>\n<meta property=\"og:url\" content=\"https:\/\/laboratoriobioclinic.cr\/en\/blog-es\/influenza-covid19-costa-rica-2025\/\" \/>\n<meta property=\"og:site_name\" content=\"Laboratorio Bioclinic\" \/>\n<meta property=\"article:published_time\" content=\"2025-06-13T15:16:29+00:00\" \/>\n<meta property=\"article:modified_time\" content=\"2025-06-13T15:17:22+00:00\" \/>\n<meta property=\"og:image\" content=\"https:\/\/laboratoriobioclinic.cr\/wp-content\/uploads\/2025\/06\/Brote-de-influenza-en-Limon.png\" \/>\n\t<meta property=\"og:image:width\" content=\"1080\" \/>\n\t<meta property=\"og:image:height\" content=\"1080\" \/>\n\t<meta property=\"og:image:type\" content=\"image\/png\" \/>\n<meta name=\"author\" content=\"V\u00edctor Hern\u00e1ndez\" \/>\n<meta name=\"twitter:card\" content=\"summary_large_image\" \/>\n<meta name=\"twitter:label1\" content=\"Escrito por\" \/>\n\t<meta name=\"twitter:data1\" content=\"V\u00edctor Hern\u00e1ndez\" \/>\n\t<meta name=\"twitter:label2\" content=\"Tiempo de lectura\" \/>\n\t<meta name=\"twitter:data2\" content=\"2 minutos\" \/>\n<script type=\"application\/ld+json\" class=\"yoast-schema-graph\">{\"@context\":\"https:\\\/\\\/schema.org\",\"@graph\":[{\"@type\":\"Article\",\"@id\":\"https:\\\/\\\/laboratoriobioclinic.cr\\\/en\\\/blog-es\\\/influenza-covid19-costa-rica-2025\\\/#article\",\"isPartOf\":{\"@id\":\"https:\\\/\\\/laboratoriobioclinic.cr\\\/en\\\/blog-es\\\/influenza-covid19-costa-rica-2025\\\/\"},\"author\":{\"name\":\"V\u00edctor Hern\u00e1ndez\",\"@id\":\"https:\\\/\\\/www.laboratoriobioclinic.cr\\\/en\\\/#\\\/schema\\\/person\\\/22388802b822cf3b3ff7019581c95721\"},\"headline\":\"Influenza y COVID-19: alerta por aumento de casos en Costa Rica\",\"datePublished\":\"2025-06-13T15:16:29+00:00\",\"dateModified\":\"2025-06-13T15:17:22+00:00\",\"mainEntityOfPage\":{\"@id\":\"https:\\\/\\\/laboratoriobioclinic.cr\\\/en\\\/blog-es\\\/influenza-covid19-costa-rica-2025\\\/\"},\"wordCount\":334,\"commentCount\":0,\"image\":{\"@id\":\"https:\\\/\\\/laboratoriobioclinic.cr\\\/en\\\/blog-es\\\/influenza-covid19-costa-rica-2025\\\/#primaryimage\"},\"thumbnailUrl\":\"https:\\\/\\\/laboratoriobioclinic.cr\\\/wp-content\\\/uploads\\\/2025\\\/06\\\/Brote-de-influenza-en-Limon.png\",\"keywords\":[\"bioclinic\",\"costa rica\",\"covid 19\",\"diagn\u00f3stico\",\"Influenza\",\"panel respiratorio\",\"pruebas\",\"puerto viejo\",\"salud\",\"virus respiratorios\"],\"articleSection\":[\"Blog ES\"],\"inLanguage\":\"es\",\"potentialAction\":[{\"@type\":\"CommentAction\",\"name\":\"Comment\",\"target\":[\"https:\\\/\\\/laboratoriobioclinic.cr\\\/en\\\/blog-es\\\/influenza-covid19-costa-rica-2025\\\/#respond\"]}]},{\"@type\":\"WebPage\",\"@id\":\"https:\\\/\\\/laboratoriobioclinic.cr\\\/en\\\/blog-es\\\/influenza-covid19-costa-rica-2025\\\/\",\"url\":\"https:\\\/\\\/laboratoriobioclinic.cr\\\/en\\\/blog-es\\\/influenza-covid19-costa-rica-2025\\\/\",\"name\":\"Influenza y COVID-19 en Costa Rica: alerta 2025 - Laboratorio Bioclinic\",\"isPartOf\":{\"@id\":\"https:\\\/\\\/www.laboratoriobioclinic.cr\\\/en\\\/#website\"},\"primaryImageOfPage\":{\"@id\":\"https:\\\/\\\/laboratoriobioclinic.cr\\\/en\\\/blog-es\\\/influenza-covid19-costa-rica-2025\\\/#primaryimage\"},\"image\":{\"@id\":\"https:\\\/\\\/laboratoriobioclinic.cr\\\/en\\\/blog-es\\\/influenza-covid19-costa-rica-2025\\\/#primaryimage\"},\"thumbnailUrl\":\"https:\\\/\\\/laboratoriobioclinic.cr\\\/wp-content\\\/uploads\\\/2025\\\/06\\\/Brote-de-influenza-en-Limon.png\",\"datePublished\":\"2025-06-13T15:16:29+00:00\",\"dateModified\":\"2025-06-13T15:17:22+00:00\",\"author\":{\"@id\":\"https:\\\/\\\/www.laboratoriobioclinic.cr\\\/en\\\/#\\\/schema\\\/person\\\/22388802b822cf3b3ff7019581c95721\"},\"description\":\"Casos de Influenza y COVID-19 aumentan en Costa Rica. Bioclinic ofrece diagn\u00f3stico r\u00e1pido en Puerto Viejo.\",\"inLanguage\":\"es\",\"potentialAction\":[{\"@type\":\"ReadAction\",\"target\":[\"https:\\\/\\\/laboratoriobioclinic.cr\\\/en\\\/blog-es\\\/influenza-covid19-costa-rica-2025\\\/\"]}]},{\"@type\":\"ImageObject\",\"inLanguage\":\"es\",\"@id\":\"https:\\\/\\\/laboratoriobioclinic.cr\\\/en\\\/blog-es\\\/influenza-covid19-costa-rica-2025\\\/#primaryimage\",\"url\":\"https:\\\/\\\/laboratoriobioclinic.cr\\\/wp-content\\\/uploads\\\/2025\\\/06\\\/Brote-de-influenza-en-Limon.png\",\"contentUrl\":\"https:\\\/\\\/laboratoriobioclinic.cr\\\/wp-content\\\/uploads\\\/2025\\\/06\\\/Brote-de-influenza-en-Limon.png\",\"width\":1080,\"height\":1080,\"caption\":\"Influenza y COVID-19 en Costa Rica\"},{\"@type\":\"WebSite\",\"@id\":\"https:\\\/\\\/www.laboratoriobioclinic.cr\\\/en\\\/#website\",\"url\":\"https:\\\/\\\/www.laboratoriobioclinic.cr\\\/en\\\/\",\"name\":\"Laboratorio Bioclinic\",\"description\":\"An\u00e1lisis cl\u00ednicos | Puerto Viejo | Lim\u00f3n\",\"potentialAction\":[{\"@type\":\"SearchAction\",\"target\":{\"@type\":\"EntryPoint\",\"urlTemplate\":\"https:\\\/\\\/www.laboratoriobioclinic.cr\\\/en\\\/?s={search_term_string}\"},\"query-input\":{\"@type\":\"PropertyValueSpecification\",\"valueRequired\":true,\"valueName\":\"search_term_string\"}}],\"inLanguage\":\"es\"},{\"@type\":\"Person\",\"@id\":\"https:\\\/\\\/www.laboratoriobioclinic.cr\\\/en\\\/#\\\/schema\\\/person\\\/22388802b822cf3b3ff7019581c95721\",\"name\":\"V\u00edctor Hern\u00e1ndez\",\"image\":{\"@type\":\"ImageObject\",\"inLanguage\":\"es\",\"@id\":\"https:\\\/\\\/secure.gravatar.com\\\/avatar\\\/df86c8d5b329d3be6dc959b83558672fb6ce1002eb345c198ef5458738b7ce88?s=96&d=mm&r=g\",\"url\":\"https:\\\/\\\/secure.gravatar.com\\\/avatar\\\/df86c8d5b329d3be6dc959b83558672fb6ce1002eb345c198ef5458738b7ce88?s=96&d=mm&r=g\",\"contentUrl\":\"https:\\\/\\\/secure.gravatar.com\\\/avatar\\\/df86c8d5b329d3be6dc959b83558672fb6ce1002eb345c198ef5458738b7ce88?s=96&d=mm&r=g\",\"caption\":\"V\u00edctor Hern\u00e1ndez\"},\"url\":\"https:\\\/\\\/laboratoriobioclinic.cr\\\/es\\\/author\\\/victor\\\/\"}]}<\/script>\n<!-- \/ Yoast SEO plugin. -->","yoast_head_json":{"title":"Influenza y COVID-19 en Costa Rica: alerta 2025 - Laboratorio Bioclinic","description":"Casos de Influenza y COVID-19 aumentan en Costa Rica. Bioclinic ofrece diagn\u00f3stico r\u00e1pido en Puerto Viejo.","robots":{"index":"index","follow":"follow","max-snippet":"max-snippet:-1","max-image-preview":"max-image-preview:large","max-video-preview":"max-video-preview:-1"},"canonical":"https:\/\/laboratoriobioclinic.cr\/en\/blog-es\/influenza-covid19-costa-rica-2025\/","og_locale":"es_ES","og_type":"article","og_title":"Influenza y COVID-19 en Costa Rica: alerta 2025 - Laboratorio Bioclinic","og_description":"Casos de Influenza y COVID-19 aumentan en Costa Rica. Bioclinic ofrece diagn\u00f3stico r\u00e1pido en Puerto Viejo.","og_url":"https:\/\/laboratoriobioclinic.cr\/en\/blog-es\/influenza-covid19-costa-rica-2025\/","og_site_name":"Laboratorio Bioclinic","article_published_time":"2025-06-13T15:16:29+00:00","article_modified_time":"2025-06-13T15:17:22+00:00","og_image":[{"width":1080,"height":1080,"url":"https:\/\/laboratoriobioclinic.cr\/wp-content\/uploads\/2025\/06\/Brote-de-influenza-en-Limon.png","type":"image\/png"}],"author":"V\u00edctor Hern\u00e1ndez","twitter_card":"summary_large_image","twitter_misc":{"Escrito por":"V\u00edctor Hern\u00e1ndez","Tiempo de lectura":"2 minutos"},"schema":{"@context":"https:\/\/schema.org","@graph":[{"@type":"Article","@id":"https:\/\/laboratoriobioclinic.cr\/en\/blog-es\/influenza-covid19-costa-rica-2025\/#article","isPartOf":{"@id":"https:\/\/laboratoriobioclinic.cr\/en\/blog-es\/influenza-covid19-costa-rica-2025\/"},"author":{"name":"V\u00edctor Hern\u00e1ndez","@id":"https:\/\/www.laboratoriobioclinic.cr\/en\/#\/schema\/person\/22388802b822cf3b3ff7019581c95721"},"headline":"Influenza y COVID-19: alerta por aumento de casos en Costa Rica","datePublished":"2025-06-13T15:16:29+00:00","dateModified":"2025-06-13T15:17:22+00:00","mainEntityOfPage":{"@id":"https:\/\/laboratoriobioclinic.cr\/en\/blog-es\/influenza-covid19-costa-rica-2025\/"},"wordCount":334,"commentCount":0,"image":{"@id":"https:\/\/laboratoriobioclinic.cr\/en\/blog-es\/influenza-covid19-costa-rica-2025\/#primaryimage"},"thumbnailUrl":"https:\/\/laboratoriobioclinic.cr\/wp-content\/uploads\/2025\/06\/Brote-de-influenza-en-Limon.png","keywords":["bioclinic","costa rica","covid 19","diagn\u00f3stico","Influenza","panel respiratorio","pruebas","puerto viejo","salud","virus respiratorios"],"articleSection":["Blog ES"],"inLanguage":"es","potentialAction":[{"@type":"CommentAction","name":"Comment","target":["https:\/\/laboratoriobioclinic.cr\/en\/blog-es\/influenza-covid19-costa-rica-2025\/#respond"]}]},{"@type":"WebPage","@id":"https:\/\/laboratoriobioclinic.cr\/en\/blog-es\/influenza-covid19-costa-rica-2025\/","url":"https:\/\/laboratoriobioclinic.cr\/en\/blog-es\/influenza-covid19-costa-rica-2025\/","name":"Influenza y COVID-19 en Costa Rica: alerta 2025 - Laboratorio Bioclinic","isPartOf":{"@id":"https:\/\/www.laboratoriobioclinic.cr\/en\/#website"},"primaryImageOfPage":{"@id":"https:\/\/laboratoriobioclinic.cr\/en\/blog-es\/influenza-covid19-costa-rica-2025\/#primaryimage"},"image":{"@id":"https:\/\/laboratoriobioclinic.cr\/en\/blog-es\/influenza-covid19-costa-rica-2025\/#primaryimage"},"thumbnailUrl":"https:\/\/laboratoriobioclinic.cr\/wp-content\/uploads\/2025\/06\/Brote-de-influenza-en-Limon.png","datePublished":"2025-06-13T15:16:29+00:00","dateModified":"2025-06-13T15:17:22+00:00","author":{"@id":"https:\/\/www.laboratoriobioclinic.cr\/en\/#\/schema\/person\/22388802b822cf3b3ff7019581c95721"},"description":"Casos de Influenza y COVID-19 aumentan en Costa Rica. Bioclinic ofrece diagn\u00f3stico r\u00e1pido en Puerto Viejo.","inLanguage":"es","potentialAction":[{"@type":"ReadAction","target":["https:\/\/laboratoriobioclinic.cr\/en\/blog-es\/influenza-covid19-costa-rica-2025\/"]}]},{"@type":"ImageObject","inLanguage":"es","@id":"https:\/\/laboratoriobioclinic.cr\/en\/blog-es\/influenza-covid19-costa-rica-2025\/#primaryimage","url":"https:\/\/laboratoriobioclinic.cr\/wp-content\/uploads\/2025\/06\/Brote-de-influenza-en-Limon.png","contentUrl":"https:\/\/laboratoriobioclinic.cr\/wp-content\/uploads\/2025\/06\/Brote-de-influenza-en-Limon.png","width":1080,"height":1080,"caption":"Influenza y COVID-19 en Costa Rica"},{"@type":"WebSite","@id":"https:\/\/www.laboratoriobioclinic.cr\/en\/#website","url":"https:\/\/www.laboratoriobioclinic.cr\/en\/","name":"Laboratorio Bioclinic","description":"An\u00e1lisis cl\u00ednicos | Puerto Viejo | Lim\u00f3n","potentialAction":[{"@type":"SearchAction","target":{"@type":"EntryPoint","urlTemplate":"https:\/\/www.laboratoriobioclinic.cr\/en\/?s={search_term_string}"},"query-input":{"@type":"PropertyValueSpecification","valueRequired":true,"valueName":"search_term_string"}}],"inLanguage":"es"},{"@type":"Person","@id":"https:\/\/www.laboratoriobioclinic.cr\/en\/#\/schema\/person\/22388802b822cf3b3ff7019581c95721","name":"V\u00edctor Hern\u00e1ndez","image":{"@type":"ImageObject","inLanguage":"es","@id":"https:\/\/secure.gravatar.com\/avatar\/df86c8d5b329d3be6dc959b83558672fb6ce1002eb345c198ef5458738b7ce88?s=96&d=mm&r=g","url":"https:\/\/secure.gravatar.com\/avatar\/df86c8d5b329d3be6dc959b83558672fb6ce1002eb345c198ef5458738b7ce88?s=96&d=mm&r=g","contentUrl":"https:\/\/secure.gravatar.com\/avatar\/df86c8d5b329d3be6dc959b83558672fb6ce1002eb345c198ef5458738b7ce88?s=96&d=mm&r=g","caption":"V\u00edctor Hern\u00e1ndez"},"url":"https:\/\/laboratoriobioclinic.cr\/es\/author\/victor\/"}]}},"_links":{"self":[{"href":"https:\/\/laboratoriobioclinic.cr\/es\/wp-json\/wp\/v2\/posts\/1175","targetHints":{"allow":["GET"]}}],"collection":[{"href":"https:\/\/laboratoriobioclinic.cr\/es\/wp-json\/wp\/v2\/posts"}],"about":[{"href":"https:\/\/laboratoriobioclinic.cr\/es\/wp-json\/wp\/v2\/types\/post"}],"author":[{"embeddable":true,"href":"https:\/\/laboratoriobioclinic.cr\/es\/wp-json\/wp\/v2\/users\/2"}],"replies":[{"embeddable":true,"href":"https:\/\/laboratoriobioclinic.cr\/es\/wp-json\/wp\/v2\/comments?post=1175"}],"version-history":[{"count":4,"href":"https:\/\/laboratoriobioclinic.cr\/es\/wp-json\/wp\/v2\/posts\/1175\/revisions"}],"predecessor-version":[{"id":1182,"href":"https:\/\/laboratoriobioclinic.cr\/es\/wp-json\/wp\/v2\/posts\/1175\/revisions\/1182"}],"wp:featuredmedia":[{"embeddable":true,"href":"https:\/\/laboratoriobioclinic.cr\/es\/wp-json\/wp\/v2\/media\/1177"}],"wp:attachment":[{"href":"https:\/\/laboratoriobioclinic.cr\/es\/wp-json\/wp\/v2\/media?parent=1175"}],"wp:term":[{"taxonomy":"category","embeddable":true,"href":"https:\/\/laboratoriobioclinic.cr\/es\/wp-json\/wp\/v2\/categories?post=1175"},{"taxonomy":"post_tag","embeddable":true,"href":"https:\/\/laboratoriobioclinic.cr\/es\/wp-json\/wp\/v2\/tags?post=1175"}],"curies":[{"name":"wp","href":"https:\/\/api.w.org\/{rel}","templated":true}]}}