{"id":1137,"date":"2025-05-08T02:28:58","date_gmt":"2025-05-08T08:28:58","guid":{"rendered":"https:\/\/laboratoriobioclinic.cr\/?p=1137"},"modified":"2025-05-08T02:33:05","modified_gmt":"2025-05-08T08:33:05","slug":"prediabetes-limon-prevencion","status":"publish","type":"post","link":"https:\/\/laboratoriobioclinic.cr\/es\/blog-es\/prediabetes-limon-prevencion\/","title":{"rendered":"Prediabetes en Lim\u00f3n: c\u00f3mo detectarla y prevenirla"},"content":{"rendered":"<h2>\u00bfQu\u00e9 es la prediabetes?<\/h2>\n<p class=\"\" data-start=\"450\" data-end=\"562\">La <strong data-start=\"308\" data-end=\"332\">prediabetes en Lim\u00f3n<\/strong> es una condici\u00f3n de salud que afecta a miles de personas sin que muchas lo sepan. Se trata de niveles de glucosa en sangre m\u00e1s altos de lo normal, pero no lo suficiente como para diagnosticar diabetes tipo 2. Esta etapa, silenciosa pero reversible, representa una oportunidad clave para hacer cambios en el estilo de vida y prevenir complicaciones graves.<\/p>\n<h3 class=\"\" data-start=\"564\" data-end=\"586\">Situaci\u00f3n en Lim\u00f3n<\/h3>\n<p class=\"\" data-start=\"588\" data-end=\"784\"><span class=\"relative -mx-px my-[-0.2rem] rounded px-px py-[0.2rem] transition-colors duration-100 ease-in-out\">En Costa Rica, se estima que alrededor del 20% de la poblaci\u00f3n vive con prediabetes, lo que representa aproximadamente 700,000 personas.<\/span> <span class=\"relative -mx-px my-[-0.2rem] rounded px-px py-[0.2rem] transition-colors duration-100 ease-in-out\">En la provincia de Lim\u00f3n, la situaci\u00f3n es particularmente preocupante.<\/span> <span class=\"relative -mx-px my-[-0.2rem] rounded px-px py-[0.2rem] transition-colors duration-100 ease-in-out\"><a href=\"https:\/\/www.ministeriodesalud.go.cr\/index.php\/prensa\/61-noticias-2024\/1994-costa-rica-registra-9-606-personas-diagnosticadas-con-diabetes-mellitus-durante-el-2024?\">Seg\u00fan datos de la Caja Costarricense de Seguro Social<\/a> (CCSS), Lim\u00f3n presenta la mayor incidencia de diabetes en el pa\u00eds, con una tasa de 243 casos por cada 100,000 habitantes.<\/span><\/p>\n<p class=\"\" data-start=\"786\" data-end=\"944\"><span class=\"relative -mx-px my-[-0.2rem] rounded px-px py-[0.2rem] transition-colors duration-100 ease-in-out\">Adem\u00e1s, un <a href=\"https:\/\/aissfa.ccss.sa.cr\/arc\/auditoria\/informes\/ASS-62-2019.pdf?\">informe de la Auditor\u00eda Interna de la CCSS<\/a> revel\u00f3 que en el \u00c1rea de Salud de Lim\u00f3n se atienden aproximadamente 6,500 personas con prediabetes al a\u00f1o.<\/span> <span class=\"relative -mx-px my-[-0.2rem] rounded px-px py-[0.2rem] transition-colors duration-100 ease-in-out\">De estas, m\u00e1s de la mitad de los pacientes diab\u00e9ticos tienen una hemoglobina glicosilada superior al 7%, indicando un control deficiente de la enfermedad.<\/span><\/p>\n<h3 class=\"\" data-start=\"946\" data-end=\"968\">Factores de Riesgo<\/h3>\n<p class=\"\" data-start=\"970\" data-end=\"1048\"><span class=\"relative -mx-px my-[-0.2rem] rounded px-px py-[0.2rem] transition-colors duration-100 ease-in-out\">Los factores que contribuyen al desarrollo de la prediabetes incluyen:<\/span><\/p>\n<ul data-start=\"1050\" data-end=\"1402\">\n<li class=\"\" data-start=\"1050\" data-end=\"1124\">\n<p class=\"\" data-start=\"1052\" data-end=\"1124\"><strong data-start=\"1052\" data-end=\"1083\">Alimentaci\u00f3n poco saludable<\/strong>: <span class=\"relative -mx-px my-[-0.2rem] rounded px-px py-[0.2rem] transition-colors duration-100 ease-in-out\">Dieta rica en az\u00facares y grasas saturadas.<\/span><\/p>\n<\/li>\n<li class=\"\" data-start=\"1125\" data-end=\"1184\">\n<p class=\"\" data-start=\"1127\" data-end=\"1184\"><strong data-start=\"1127\" data-end=\"1143\">Sedentarismo<\/strong>: <span class=\"relative -mx-px my-[-0.2rem] rounded px-px py-[0.2rem] transition-colors duration-100 ease-in-out\">Falta de actividad f\u00edsica regular.<\/span><\/p>\n<\/li>\n<li class=\"\" data-start=\"1185\" data-end=\"1240\">\n<p class=\"\" data-start=\"1187\" data-end=\"1240\"><strong data-start=\"1187\" data-end=\"1199\">Obesidad<\/strong>: <span class=\"relative -mx-px my-[-0.2rem] rounded px-px py-[0.2rem] transition-colors duration-100 ease-in-out\">Especialmente la acumulaci\u00f3n de grasa abdominal.<\/span><\/p>\n<\/li>\n<li class=\"\" data-start=\"1241\" data-end=\"1311\">\n<p class=\"\" data-start=\"1243\" data-end=\"1311\"><strong data-start=\"1243\" data-end=\"1270\">Antecedentes familiares<\/strong>: <span class=\"relative -mx-px my-[-0.2rem] rounded px-px py-[0.2rem] transition-colors duration-100 ease-in-out\">Historial de diabetes en la familia.<\/span><\/p>\n<\/li>\n<li class=\"\" data-start=\"1312\" data-end=\"1402\">\n<p class=\"\" data-start=\"1314\" data-end=\"1402\"><strong data-start=\"1314\" data-end=\"1322\">Edad<\/strong>: <span class=\"relative -mx-px my-[-0.2rem] rounded px-px py-[0.2rem] transition-colors duration-100 ease-in-out\"><a href=\"https:\/\/ameliarueda.com\/nota\/30-por-ciento-aumento-diabeticos-Limon-ultimos-15-anos?\">Mayor riesgo a partir de los 45 a\u00f1os<\/a>.<\/span><\/p>\n<\/li>\n<\/ul>\n<p class=\"\" data-start=\"1404\" data-end=\"1482\"><span class=\"relative -mx-px my-[-0.2rem] rounded px-px py-[0.2rem] transition-colors duration-100 ease-in-out\">En Lim\u00f3n, la combinaci\u00f3n de estos factores, junto con limitaciones en el acceso a servicios de salud y educaci\u00f3n, ha contribuido al aumento de casos de prediabetes y diabetes.<\/span><\/p>\n<h3 class=\"\" data-start=\"1484\" data-end=\"1499\">Diagn\u00f3stico<\/h3>\n<p class=\"\" data-start=\"1501\" data-end=\"1619\"><span class=\"relative -mx-px my-[-0.2rem] rounded px-px py-[0.2rem] transition-colors duration-100 ease-in-out\">La prediabetes a menudo no presenta s\u00edntomas evidentes, por lo que es crucial realizar pruebas de detecci\u00f3n peri\u00f3dicas.<\/span> <span class=\"relative -mx-px my-[-0.2rem] rounded px-px py-[0.2rem] transition-colors duration-100 ease-in-out\">Los ex\u00e1menes recomendados incluyen:<\/span><\/p>\n<ul data-start=\"1621\" data-end=\"1841\">\n<li class=\"\" data-start=\"1621\" data-end=\"1685\">\n<p class=\"\" data-start=\"1623\" data-end=\"1685\"><strong data-start=\"1623\" data-end=\"1644\">Glucosa en ayunas<\/strong>: <span class=\"relative -mx-px my-[-0.2rem] rounded px-px py-[0.2rem] transition-colors duration-100 ease-in-out\">Valores entre 100 y 125 mg\/dL indican prediabetes.<\/span><\/p>\n<\/li>\n<li class=\"\" data-start=\"1686\" data-end=\"1841\">\n<p class=\"\" data-start=\"1688\" data-end=\"1841\"><strong data-start=\"1688\" data-end=\"1721\">Hemoglobina glicosilada (A1C)<\/strong>: <span class=\"relative -mx-px my-[-0.2rem] rounded px-px py-[0.2rem] transition-colors duration-100 ease-in-out\">Valores entre 5.7% y 6.4% sugieren prediabetes.<\/span><\/p>\n<\/li>\n<\/ul>\n<p class=\"\" data-start=\"1843\" data-end=\"1921\"><span class=\"relative -mx-px my-[-0.2rem] rounded px-px py-[0.2rem] transition-colors duration-100 ease-in-out\">En Laboratorio Bioclinic, ofrecemos estos an\u00e1lisis con resultados confiables y oportunos para ayudarte a conocer tu estado de salud.<\/span><\/p>\n<h3 class=\"\" data-start=\"1923\" data-end=\"1946\">Prevenci\u00f3n y Manejo<\/h3>\n<p class=\"\" data-start=\"1948\" data-end=\"2106\"><span class=\"relative -mx-px my-[-0.2rem] rounded px-px py-[0.2rem] transition-colors duration-100 ease-in-out\">La buena noticia es que la prediabetes es reversible.<\/span> <span class=\"relative -mx-px my-[-0.2rem] rounded px-px py-[0.2rem] transition-colors duration-100 ease-in-out\">Implementar cambios en el estilo de vida puede prevenir o retrasar la progresi\u00f3n a diabetes tipo 2.<\/span> <span class=\"relative -mx-px my-[-0.2rem] rounded px-px py-[0.2rem] transition-colors duration-100 ease-in-out\">Algunas recomendaciones incluyen:<\/span><\/p>\n<ul data-start=\"2108\" data-end=\"2417\">\n<li class=\"\" data-start=\"2108\" data-end=\"2178\">\n<p class=\"\" data-start=\"2110\" data-end=\"2178\"><strong data-start=\"2110\" data-end=\"2137\">Alimentaci\u00f3n balanceada<\/strong>: <span class=\"relative -mx-px my-[-0.2rem] rounded px-px py-[0.2rem] transition-colors duration-100 ease-in-out\">Incrementar el consumo de frutas, verduras y granos integrales; reducir az\u00facares y grasas saturadas.<\/span><\/p>\n<\/li>\n<li class=\"\" data-start=\"2179\" data-end=\"2250\">\n<p class=\"\" data-start=\"2181\" data-end=\"2250\"><strong data-start=\"2181\" data-end=\"2209\">Actividad f\u00edsica regular<\/strong>: <span class=\"relative -mx-px my-[-0.2rem] rounded px-px py-[0.2rem] transition-colors duration-100 ease-in-out\">Al menos 150 minutos de ejercicio moderado a la semana.<\/span><\/p>\n<\/li>\n<li class=\"\" data-start=\"2251\" data-end=\"2313\">\n<p class=\"\" data-start=\"2253\" data-end=\"2313\"><strong data-start=\"2253\" data-end=\"2272\">P\u00e9rdida de peso<\/strong>: <span class=\"relative -mx-px my-[-0.2rem] rounded px-px py-[0.2rem] transition-colors duration-100 ease-in-out\">Reducir entre el 5% y el 10% del peso corporal puede tener un impacto significativo.<\/span><\/p>\n<\/li>\n<li class=\"\" data-start=\"2314\" data-end=\"2417\">\n<p class=\"\" data-start=\"2316\" data-end=\"2417\"><strong data-start=\"2316\" data-end=\"2337\">Monitoreo regular<\/strong>: <span class=\"relative -mx-px my-[-0.2rem] rounded px-px py-[0.2rem] transition-colors duration-100 ease-in-out\">Realizar controles peri\u00f3dicos de glucosa y A1C.<\/span><\/p>\n<\/li>\n<\/ul>\n<h3 class=\"\" data-start=\"2419\" data-end=\"2458\">Compromiso de Laboratorio Bioclinic<\/h3>\n<p class=\"\" data-start=\"2460\" data-end=\"2620\"><span class=\"relative -mx-px my-[-0.2rem] rounded px-px py-[0.2rem] transition-colors duration-100 ease-in-out\">En Laboratorio Bioclinic de Lim\u00f3n, estamos comprometidos con la salud de nuestra comunidad.<\/span> <span class=\"relative -mx-px my-[-0.2rem] rounded px-px py-[0.2rem] transition-colors duration-100 ease-in-out\">Ofrecemos <a href=\"https:\/\/laboratoriobioclinic.cr\/servicios\/servicio-2\/\">servicios de laboratorio cl\u00ednico<\/a> de alta calidad para la detecci\u00f3n y monitoreo de la prediabetes y otras condiciones relacionadas.<\/span> <span class=\"relative -mx-px my-[-0.2rem] rounded px-px py-[0.2rem] transition-colors duration-100 ease-in-out\">Nuestro equipo de profesionales est\u00e1 disponible para brindarte asesoramiento y apoyo en tu camino hacia una vida m\u00e1s saludable.<\/span><\/p>\n<h3 class=\"\" data-start=\"2622\" data-end=\"2636\">Conclusi\u00f3n<\/h3>\n<p class=\"\" data-start=\"2638\" data-end=\"2804\"><span class=\"relative -mx-px my-[-0.2rem] rounded px-px py-[0.2rem] transition-colors duration-100 ease-in-out\">La prediabetes es una se\u00f1al de alerta que no debe ser ignorada.<\/span> <span class=\"relative -mx-px my-[-0.2rem] rounded px-px py-[0.2rem] transition-colors duration-100 ease-in-out\">Con conciencia, educaci\u00f3n y acciones preventivas, es posible revertir esta condici\u00f3n y mejorar la calidad de vida.<\/span> <span class=\"relative -mx-px my-[-0.2rem] rounded px-px py-[0.2rem] transition-colors duration-100 ease-in-out\">En Laboratorio Bioclinic, estamos aqu\u00ed para acompa\u00f1arte en cada paso de este proceso.<\/span><\/p>\n","protected":false},"excerpt":{"rendered":"<p>\u00bfQu\u00e9 es la prediabetes? La prediabetes en Lim\u00f3n es una condici\u00f3n de salud que afecta a miles de personas sin que muchas lo sepan. Se trata de niveles de glucosa en sangre m\u00e1s altos de lo normal, pero no lo suficiente como para diagnosticar diabetes tipo 2. Esta etapa, silenciosa pero reversible, representa una oportunidad [&hellip;]<\/p>\n","protected":false},"author":2,"featured_media":1138,"comment_status":"open","ping_status":"open","sticky":false,"template":"","format":"standard","meta":{"footnotes":""},"categories":[15],"tags":[868,752,726,878,112,418,875,877,648,876],"class_list":["post-1137","post","type-post","status-publish","format-standard","has-post-thumbnail","hentry","category-blog-es","tag-bioclinic-limn","tag-diagnstico-temprano","tag-glucosa-en-sangre","tag-hbitos-saludables","tag-hemoglobina-glicosilada","tag-laboratorio-clnico","tag-prediabetes","tag-prevencin-diabetes","tag-pruebas-mdicas","tag-salud-en-limn"],"yoast_head":"<!-- This site is optimized with the Yoast SEO plugin v27.5 - https:\/\/yoast.com\/product\/yoast-seo-wordpress\/ -->\n<title>Detecta y previene la prediabetes - Laboratorio Bioclinic<\/title>\n<meta name=\"description\" content=\"La prediabetes en Lim\u00f3n est\u00e1 aumentando. Inf\u00f3rmate sobre los s\u00edntomas, hazte tus an\u00e1lisis en Laboratorio Bioclinic y empieza a cuidarte ya.\" \/>\n<meta name=\"robots\" content=\"index, follow, max-snippet:-1, max-image-preview:large, max-video-preview:-1\" \/>\n<link rel=\"canonical\" href=\"https:\/\/laboratoriobioclinic.cr\/en\/blog-es\/prediabetes-limon-prevencion\/\" \/>\n<meta property=\"og:locale\" content=\"es_ES\" \/>\n<meta property=\"og:type\" content=\"article\" \/>\n<meta property=\"og:title\" content=\"Detecta y previene la prediabetes - Laboratorio Bioclinic\" \/>\n<meta property=\"og:description\" content=\"La prediabetes en Lim\u00f3n est\u00e1 aumentando. Inf\u00f3rmate sobre los s\u00edntomas, hazte tus an\u00e1lisis en Laboratorio Bioclinic y empieza a cuidarte ya.\" \/>\n<meta property=\"og:url\" content=\"https:\/\/laboratoriobioclinic.cr\/en\/blog-es\/prediabetes-limon-prevencion\/\" \/>\n<meta property=\"og:site_name\" content=\"Laboratorio Bioclinic\" \/>\n<meta property=\"article:published_time\" content=\"2025-05-08T08:28:58+00:00\" \/>\n<meta property=\"article:modified_time\" content=\"2025-05-08T08:33:05+00:00\" \/>\n<meta property=\"og:image\" content=\"https:\/\/laboratoriobioclinic.cr\/wp-content\/uploads\/2025\/05\/Prevencion-prediabetes.png\" \/>\n\t<meta property=\"og:image:width\" content=\"800\" \/>\n\t<meta property=\"og:image:height\" content=\"800\" \/>\n\t<meta property=\"og:image:type\" content=\"image\/png\" \/>\n<meta name=\"author\" content=\"V\u00edctor Hern\u00e1ndez\" \/>\n<meta name=\"twitter:card\" content=\"summary_large_image\" \/>\n<meta name=\"twitter:label1\" content=\"Escrito por\" \/>\n\t<meta name=\"twitter:data1\" content=\"V\u00edctor Hern\u00e1ndez\" \/>\n\t<meta name=\"twitter:label2\" content=\"Tiempo de lectura\" \/>\n\t<meta name=\"twitter:data2\" content=\"3 minutos\" \/>\n<script type=\"application\/ld+json\" class=\"yoast-schema-graph\">{\"@context\":\"https:\\\/\\\/schema.org\",\"@graph\":[{\"@type\":\"Article\",\"@id\":\"https:\\\/\\\/laboratoriobioclinic.cr\\\/en\\\/blog-es\\\/prediabetes-limon-prevencion\\\/#article\",\"isPartOf\":{\"@id\":\"https:\\\/\\\/laboratoriobioclinic.cr\\\/en\\\/blog-es\\\/prediabetes-limon-prevencion\\\/\"},\"author\":{\"name\":\"V\u00edctor Hern\u00e1ndez\",\"@id\":\"https:\\\/\\\/laboratoriobioclinic.cr\\\/es\\\/#\\\/schema\\\/person\\\/22388802b822cf3b3ff7019581c95721\"},\"headline\":\"Prediabetes en Lim\u00f3n: c\u00f3mo detectarla y prevenirla\",\"datePublished\":\"2025-05-08T08:28:58+00:00\",\"dateModified\":\"2025-05-08T08:33:05+00:00\",\"mainEntityOfPage\":{\"@id\":\"https:\\\/\\\/laboratoriobioclinic.cr\\\/en\\\/blog-es\\\/prediabetes-limon-prevencion\\\/\"},\"wordCount\":559,\"commentCount\":0,\"image\":{\"@id\":\"https:\\\/\\\/laboratoriobioclinic.cr\\\/en\\\/blog-es\\\/prediabetes-limon-prevencion\\\/#primaryimage\"},\"thumbnailUrl\":\"https:\\\/\\\/laboratoriobioclinic.cr\\\/wp-content\\\/uploads\\\/2025\\\/05\\\/Prevencion-prediabetes.png\",\"keywords\":[\"Bioclinic Lim\u00f3n\",\"diagn\u00f3stico temprano\",\"glucosa en sangre\",\"h\u00e1bitos saludables\",\"hemoglobina glicosilada\",\"laboratorio cl\u00ednico\",\"prediabetes\",\"prevenci\u00f3n diabetes\",\"pruebas m\u00e9dicas\",\"salud en Lim\u00f3n\"],\"articleSection\":[\"Blog ES\"],\"inLanguage\":\"es\",\"potentialAction\":[{\"@type\":\"CommentAction\",\"name\":\"Comment\",\"target\":[\"https:\\\/\\\/laboratoriobioclinic.cr\\\/en\\\/blog-es\\\/prediabetes-limon-prevencion\\\/#respond\"]}]},{\"@type\":\"WebPage\",\"@id\":\"https:\\\/\\\/laboratoriobioclinic.cr\\\/en\\\/blog-es\\\/prediabetes-limon-prevencion\\\/\",\"url\":\"https:\\\/\\\/laboratoriobioclinic.cr\\\/en\\\/blog-es\\\/prediabetes-limon-prevencion\\\/\",\"name\":\"Detecta y previene la prediabetes - Laboratorio Bioclinic\",\"isPartOf\":{\"@id\":\"https:\\\/\\\/laboratoriobioclinic.cr\\\/es\\\/#website\"},\"primaryImageOfPage\":{\"@id\":\"https:\\\/\\\/laboratoriobioclinic.cr\\\/en\\\/blog-es\\\/prediabetes-limon-prevencion\\\/#primaryimage\"},\"image\":{\"@id\":\"https:\\\/\\\/laboratoriobioclinic.cr\\\/en\\\/blog-es\\\/prediabetes-limon-prevencion\\\/#primaryimage\"},\"thumbnailUrl\":\"https:\\\/\\\/laboratoriobioclinic.cr\\\/wp-content\\\/uploads\\\/2025\\\/05\\\/Prevencion-prediabetes.png\",\"datePublished\":\"2025-05-08T08:28:58+00:00\",\"dateModified\":\"2025-05-08T08:33:05+00:00\",\"author\":{\"@id\":\"https:\\\/\\\/laboratoriobioclinic.cr\\\/es\\\/#\\\/schema\\\/person\\\/22388802b822cf3b3ff7019581c95721\"},\"description\":\"La prediabetes en Lim\u00f3n est\u00e1 aumentando. Inf\u00f3rmate sobre los s\u00edntomas, hazte tus an\u00e1lisis en Laboratorio Bioclinic y empieza a cuidarte ya.\",\"inLanguage\":\"es\",\"potentialAction\":[{\"@type\":\"ReadAction\",\"target\":[\"https:\\\/\\\/laboratoriobioclinic.cr\\\/en\\\/blog-es\\\/prediabetes-limon-prevencion\\\/\"]}]},{\"@type\":\"ImageObject\",\"inLanguage\":\"es\",\"@id\":\"https:\\\/\\\/laboratoriobioclinic.cr\\\/en\\\/blog-es\\\/prediabetes-limon-prevencion\\\/#primaryimage\",\"url\":\"https:\\\/\\\/laboratoriobioclinic.cr\\\/wp-content\\\/uploads\\\/2025\\\/05\\\/Prevencion-prediabetes.png\",\"contentUrl\":\"https:\\\/\\\/laboratoriobioclinic.cr\\\/wp-content\\\/uploads\\\/2025\\\/05\\\/Prevencion-prediabetes.png\",\"width\":800,\"height\":800,\"caption\":\"Prediabetes en Lim\u00f3n\"},{\"@type\":\"WebSite\",\"@id\":\"https:\\\/\\\/laboratoriobioclinic.cr\\\/es\\\/#website\",\"url\":\"https:\\\/\\\/laboratoriobioclinic.cr\\\/es\\\/\",\"name\":\"Laboratorio Bioclinic\",\"description\":\"An\u00e1lisis cl\u00ednicos | Puerto Viejo | Lim\u00f3n\",\"potentialAction\":[{\"@type\":\"SearchAction\",\"target\":{\"@type\":\"EntryPoint\",\"urlTemplate\":\"https:\\\/\\\/laboratoriobioclinic.cr\\\/es\\\/?s={search_term_string}\"},\"query-input\":{\"@type\":\"PropertyValueSpecification\",\"valueRequired\":true,\"valueName\":\"search_term_string\"}}],\"inLanguage\":\"es\"},{\"@type\":\"Person\",\"@id\":\"https:\\\/\\\/laboratoriobioclinic.cr\\\/es\\\/#\\\/schema\\\/person\\\/22388802b822cf3b3ff7019581c95721\",\"name\":\"V\u00edctor Hern\u00e1ndez\",\"image\":{\"@type\":\"ImageObject\",\"inLanguage\":\"es\",\"@id\":\"https:\\\/\\\/secure.gravatar.com\\\/avatar\\\/df86c8d5b329d3be6dc959b83558672fb6ce1002eb345c198ef5458738b7ce88?s=96&d=mm&r=g\",\"url\":\"https:\\\/\\\/secure.gravatar.com\\\/avatar\\\/df86c8d5b329d3be6dc959b83558672fb6ce1002eb345c198ef5458738b7ce88?s=96&d=mm&r=g\",\"contentUrl\":\"https:\\\/\\\/secure.gravatar.com\\\/avatar\\\/df86c8d5b329d3be6dc959b83558672fb6ce1002eb345c198ef5458738b7ce88?s=96&d=mm&r=g\",\"caption\":\"V\u00edctor Hern\u00e1ndez\"},\"url\":\"https:\\\/\\\/laboratoriobioclinic.cr\\\/es\\\/author\\\/victor\\\/\"}]}<\/script>\n<!-- \/ Yoast SEO plugin. -->","yoast_head_json":{"title":"Detecta y previene la prediabetes - Laboratorio Bioclinic","description":"La prediabetes en Lim\u00f3n est\u00e1 aumentando. Inf\u00f3rmate sobre los s\u00edntomas, hazte tus an\u00e1lisis en Laboratorio Bioclinic y empieza a cuidarte ya.","robots":{"index":"index","follow":"follow","max-snippet":"max-snippet:-1","max-image-preview":"max-image-preview:large","max-video-preview":"max-video-preview:-1"},"canonical":"https:\/\/laboratoriobioclinic.cr\/en\/blog-es\/prediabetes-limon-prevencion\/","og_locale":"es_ES","og_type":"article","og_title":"Detecta y previene la prediabetes - Laboratorio Bioclinic","og_description":"La prediabetes en Lim\u00f3n est\u00e1 aumentando. Inf\u00f3rmate sobre los s\u00edntomas, hazte tus an\u00e1lisis en Laboratorio Bioclinic y empieza a cuidarte ya.","og_url":"https:\/\/laboratoriobioclinic.cr\/en\/blog-es\/prediabetes-limon-prevencion\/","og_site_name":"Laboratorio Bioclinic","article_published_time":"2025-05-08T08:28:58+00:00","article_modified_time":"2025-05-08T08:33:05+00:00","og_image":[{"width":800,"height":800,"url":"https:\/\/laboratoriobioclinic.cr\/wp-content\/uploads\/2025\/05\/Prevencion-prediabetes.png","type":"image\/png"}],"author":"V\u00edctor Hern\u00e1ndez","twitter_card":"summary_large_image","twitter_misc":{"Escrito por":"V\u00edctor Hern\u00e1ndez","Tiempo de lectura":"3 minutos"},"schema":{"@context":"https:\/\/schema.org","@graph":[{"@type":"Article","@id":"https:\/\/laboratoriobioclinic.cr\/en\/blog-es\/prediabetes-limon-prevencion\/#article","isPartOf":{"@id":"https:\/\/laboratoriobioclinic.cr\/en\/blog-es\/prediabetes-limon-prevencion\/"},"author":{"name":"V\u00edctor Hern\u00e1ndez","@id":"https:\/\/laboratoriobioclinic.cr\/es\/#\/schema\/person\/22388802b822cf3b3ff7019581c95721"},"headline":"Prediabetes en Lim\u00f3n: c\u00f3mo detectarla y prevenirla","datePublished":"2025-05-08T08:28:58+00:00","dateModified":"2025-05-08T08:33:05+00:00","mainEntityOfPage":{"@id":"https:\/\/laboratoriobioclinic.cr\/en\/blog-es\/prediabetes-limon-prevencion\/"},"wordCount":559,"commentCount":0,"image":{"@id":"https:\/\/laboratoriobioclinic.cr\/en\/blog-es\/prediabetes-limon-prevencion\/#primaryimage"},"thumbnailUrl":"https:\/\/laboratoriobioclinic.cr\/wp-content\/uploads\/2025\/05\/Prevencion-prediabetes.png","keywords":["Bioclinic Lim\u00f3n","diagn\u00f3stico temprano","glucosa en sangre","h\u00e1bitos saludables","hemoglobina glicosilada","laboratorio cl\u00ednico","prediabetes","prevenci\u00f3n diabetes","pruebas m\u00e9dicas","salud en Lim\u00f3n"],"articleSection":["Blog ES"],"inLanguage":"es","potentialAction":[{"@type":"CommentAction","name":"Comment","target":["https:\/\/laboratoriobioclinic.cr\/en\/blog-es\/prediabetes-limon-prevencion\/#respond"]}]},{"@type":"WebPage","@id":"https:\/\/laboratoriobioclinic.cr\/en\/blog-es\/prediabetes-limon-prevencion\/","url":"https:\/\/laboratoriobioclinic.cr\/en\/blog-es\/prediabetes-limon-prevencion\/","name":"Detecta y previene la prediabetes - Laboratorio Bioclinic","isPartOf":{"@id":"https:\/\/laboratoriobioclinic.cr\/es\/#website"},"primaryImageOfPage":{"@id":"https:\/\/laboratoriobioclinic.cr\/en\/blog-es\/prediabetes-limon-prevencion\/#primaryimage"},"image":{"@id":"https:\/\/laboratoriobioclinic.cr\/en\/blog-es\/prediabetes-limon-prevencion\/#primaryimage"},"thumbnailUrl":"https:\/\/laboratoriobioclinic.cr\/wp-content\/uploads\/2025\/05\/Prevencion-prediabetes.png","datePublished":"2025-05-08T08:28:58+00:00","dateModified":"2025-05-08T08:33:05+00:00","author":{"@id":"https:\/\/laboratoriobioclinic.cr\/es\/#\/schema\/person\/22388802b822cf3b3ff7019581c95721"},"description":"La prediabetes en Lim\u00f3n est\u00e1 aumentando. Inf\u00f3rmate sobre los s\u00edntomas, hazte tus an\u00e1lisis en Laboratorio Bioclinic y empieza a cuidarte ya.","inLanguage":"es","potentialAction":[{"@type":"ReadAction","target":["https:\/\/laboratoriobioclinic.cr\/en\/blog-es\/prediabetes-limon-prevencion\/"]}]},{"@type":"ImageObject","inLanguage":"es","@id":"https:\/\/laboratoriobioclinic.cr\/en\/blog-es\/prediabetes-limon-prevencion\/#primaryimage","url":"https:\/\/laboratoriobioclinic.cr\/wp-content\/uploads\/2025\/05\/Prevencion-prediabetes.png","contentUrl":"https:\/\/laboratoriobioclinic.cr\/wp-content\/uploads\/2025\/05\/Prevencion-prediabetes.png","width":800,"height":800,"caption":"Prediabetes en Lim\u00f3n"},{"@type":"WebSite","@id":"https:\/\/laboratoriobioclinic.cr\/es\/#website","url":"https:\/\/laboratoriobioclinic.cr\/es\/","name":"Laboratorio Bioclinic","description":"An\u00e1lisis cl\u00ednicos | Puerto Viejo | Lim\u00f3n","potentialAction":[{"@type":"SearchAction","target":{"@type":"EntryPoint","urlTemplate":"https:\/\/laboratoriobioclinic.cr\/es\/?s={search_term_string}"},"query-input":{"@type":"PropertyValueSpecification","valueRequired":true,"valueName":"search_term_string"}}],"inLanguage":"es"},{"@type":"Person","@id":"https:\/\/laboratoriobioclinic.cr\/es\/#\/schema\/person\/22388802b822cf3b3ff7019581c95721","name":"V\u00edctor Hern\u00e1ndez","image":{"@type":"ImageObject","inLanguage":"es","@id":"https:\/\/secure.gravatar.com\/avatar\/df86c8d5b329d3be6dc959b83558672fb6ce1002eb345c198ef5458738b7ce88?s=96&d=mm&r=g","url":"https:\/\/secure.gravatar.com\/avatar\/df86c8d5b329d3be6dc959b83558672fb6ce1002eb345c198ef5458738b7ce88?s=96&d=mm&r=g","contentUrl":"https:\/\/secure.gravatar.com\/avatar\/df86c8d5b329d3be6dc959b83558672fb6ce1002eb345c198ef5458738b7ce88?s=96&d=mm&r=g","caption":"V\u00edctor Hern\u00e1ndez"},"url":"https:\/\/laboratoriobioclinic.cr\/es\/author\/victor\/"}]}},"_links":{"self":[{"href":"https:\/\/laboratoriobioclinic.cr\/es\/wp-json\/wp\/v2\/posts\/1137","targetHints":{"allow":["GET"]}}],"collection":[{"href":"https:\/\/laboratoriobioclinic.cr\/es\/wp-json\/wp\/v2\/posts"}],"about":[{"href":"https:\/\/laboratoriobioclinic.cr\/es\/wp-json\/wp\/v2\/types\/post"}],"author":[{"embeddable":true,"href":"https:\/\/laboratoriobioclinic.cr\/es\/wp-json\/wp\/v2\/users\/2"}],"replies":[{"embeddable":true,"href":"https:\/\/laboratoriobioclinic.cr\/es\/wp-json\/wp\/v2\/comments?post=1137"}],"version-history":[{"count":1,"href":"https:\/\/laboratoriobioclinic.cr\/es\/wp-json\/wp\/v2\/posts\/1137\/revisions"}],"predecessor-version":[{"id":1139,"href":"https:\/\/laboratoriobioclinic.cr\/es\/wp-json\/wp\/v2\/posts\/1137\/revisions\/1139"}],"wp:featuredmedia":[{"embeddable":true,"href":"https:\/\/laboratoriobioclinic.cr\/es\/wp-json\/wp\/v2\/media\/1138"}],"wp:attachment":[{"href":"https:\/\/laboratoriobioclinic.cr\/es\/wp-json\/wp\/v2\/media?parent=1137"}],"wp:term":[{"taxonomy":"category","embeddable":true,"href":"https:\/\/laboratoriobioclinic.cr\/es\/wp-json\/wp\/v2\/categories?post=1137"},{"taxonomy":"post_tag","embeddable":true,"href":"https:\/\/laboratoriobioclinic.cr\/es\/wp-json\/wp\/v2\/tags?post=1137"}],"curies":[{"name":"wp","href":"https:\/\/api.w.org\/{rel}","templated":true}]}}