{"id":1083,"date":"2025-03-05T15:43:14","date_gmt":"2025-03-05T21:43:14","guid":{"rendered":"https:\/\/laboratoriobioclinic.cr\/?p=1083"},"modified":"2025-03-05T15:45:36","modified_gmt":"2025-03-05T21:45:36","slug":"dia-mujer-limon-historia-salud","status":"publish","type":"post","link":"https:\/\/laboratoriobioclinic.cr\/es\/blog-es\/dia-mujer-limon-historia-salud\/","title":{"rendered":"Celebrando el D\u00eda de la Mujer en Lim\u00f3n: Historia y Salud"},"content":{"rendered":"<h2>Mujeres limonenses: protagonistas de la historia y la comunidad<\/h2>\n<p data-pm-slice=\"1 1 []\">Cada 8 de marzo, el mundo conmemora el <a href=\"https:\/\/www.unesco.org\/es\/days\/women\"><strong>D\u00eda Internacional de la Mujer<\/strong><\/a>, una fecha que no s\u00f3lo celebra los logros y contribuciones de las mujeres en la sociedad, sino que tambi\u00e9n nos recuerda la lucha por la igualdad de derechos y oportunidades. En la provincia de Lim\u00f3n, Costa Rica, esta celebraci\u00f3n adquiere un significado especial debido a la riqueza hist\u00f3rica y cultural de la regi\u00f3n, donde la influencia afrodescendiente ha sido un pilar fundamental en la construcci\u00f3n de la identidad local.<\/p>\n<p>Lim\u00f3n es una provincia con una historia vibrante, marcada por la llegada de inmigrantes afrocaribe\u00f1os en el siglo XIX para trabajar en la construcci\u00f3n del ferrocarril y en las plantaciones de banano. Estas comunidades trajeron consigo su cultura, idioma y tradiciones, que con el tiempo se fusionaron con las costumbres costarricenses, dando origen a una identidad \u00fanica y diversa.<\/p>\n<p>Las mujeres afrodescendientes de Lim\u00f3n han desempe\u00f1ado un papel crucial en la preservaci\u00f3n de esta cultura y en el desarrollo de la provincia. A lo largo de los a\u00f1os, han sido lideresas en distintos \u00e1mbitos, desde la educaci\u00f3n y la salud hasta el comercio y la pol\u00edtica. Su esfuerzo y resiliencia han sido fundamentales para el avance de la comunidad, enfrentando y superando desaf\u00edos con determinaci\u00f3n y valent\u00eda.<\/p>\n<h3>La salud de la mujer limonense: un compromiso de todos<\/h3>\n<p>En el <strong>D\u00eda Internacional de la Mujer<\/strong>, es importante reflexionar sobre la importancia del cuidado de la salud femenina. Las mujeres son el pilar de muchas familias y comunidades, y garantizar su bienestar es una prioridad. Existen diversas enfermedades y condiciones que afectan de manera particular a las mujeres, como el c\u00e1ncer de mama, el c\u00e1ncer de cuello uterino, la diabetes y las enfermedades cardiovasculares. La prevenci\u00f3n y la detecci\u00f3n temprana son clave para una vida saludable y plena.<\/p>\n<p><strong>Laboratorio Bioclinic<\/strong>, como laboratorio de an\u00e1lisis cl\u00ednicos,\u00a0 comprometido con la salud de nuestra comunidad, destacamos la importancia de la realizaci\u00f3n peri\u00f3dica de <a href=\"https:\/\/laboratoriobioclinic.cr\/category-packages\/paquetes-de-control\/\">ex\u00e1menes m\u00e9dicos<\/a>, tales como:<\/p>\n<ul data-spread=\"false\">\n<li><strong>Pruebas de Papanicolaou y VPH<\/strong>, fundamentales para la prevenci\u00f3n del c\u00e1ncer de cuello uterino.<\/li>\n<li><strong>Mamograf\u00edas y ecograf\u00edas mamarias<\/strong>, para la detecci\u00f3n temprana del c\u00e1ncer de mama.<\/li>\n<li><strong>Ex\u00e1menes de sangre y perfil hormonal<\/strong>, que permiten monitorear la <a href=\"https:\/\/laboratoriobioclinic.cr\/packages\/paquetes-de-control\/control-general\/\">salud general<\/a> y detectar problemas como la anemia, la diabetes o trastornos tiroideos.<\/li>\n<li><strong>Chequeos cardiovasculares<\/strong>, incluyendo <a href=\"https:\/\/laboratoriobioclinic.cr\/packages\/paquetes-de-control\/control-cardiovascular\/\">pruebas de colesterol y triglic\u00e9ridos<\/a> para prevenir enfermedades del coraz\u00f3n.<\/li>\n<\/ul>\n<p>Realizarse chequeos m\u00e9dicos con regularidad es una muestra de amor propio y un paso hacia una vida m\u00e1s saludable. Invitamos a todas las mujeres de Lim\u00f3n a priorizar su bienestar y acudir a profesionales de salud para recibir la atenci\u00f3n que merecen.<\/p>\n<h3>La mujer limonense en la educaci\u00f3n y el liderazgo<\/h3>\n<p>A lo largo de la historia de Lim\u00f3n, las mujeres han luchado por abrirse camino en distintos sectores, especialmente en la educaci\u00f3n y el liderazgo comunitario. En muchas ocasiones, enfrentaron barreras sociales y econ\u00f3micas, pero con perseverancia lograron marcar la diferencia.<\/p>\n<p>Ejemplos inspiradores incluyen a maestras y educadoras que han formado generaciones de estudiantes, l\u00edderes comunitarias que han trabajado por el desarrollo social y mujeres emprendedoras que han impulsado la econom\u00eda local. Gracias a su valent\u00eda y determinaci\u00f3n, hoy las nuevas generaciones de mujeres limonenses cuentan con mayores oportunidades de crecimiento y desarrollo.<\/p>\n<p><img loading=\"lazy\" decoding=\"async\" class=\"alignnone  wp-image-1087\" src=\"https:\/\/laboratoriobioclinic.cr\/wp-content\/uploads\/2025\/03\/Celebrando-el-Dia-de-la-Mujer-en-Limon-Historia-y-Salud-Laboratorio-Bioclinic-1-300x106.png\" alt=\"La mujer negra de Lim\u00f3n\" width=\"646\" height=\"228\" srcset=\"https:\/\/laboratoriobioclinic.cr\/wp-content\/uploads\/2025\/03\/Celebrando-el-Dia-de-la-Mujer-en-Limon-Historia-y-Salud-Laboratorio-Bioclinic-1-300x106.png 300w, https:\/\/laboratoriobioclinic.cr\/wp-content\/uploads\/2025\/03\/Celebrando-el-Dia-de-la-Mujer-en-Limon-Historia-y-Salud-Laboratorio-Bioclinic-1-768x271.png 768w, https:\/\/laboratoriobioclinic.cr\/wp-content\/uploads\/2025\/03\/Celebrando-el-Dia-de-la-Mujer-en-Limon-Historia-y-Salud-Laboratorio-Bioclinic-1.png 850w\" sizes=\"auto, (max-width: 646px) 100vw, 646px\" \/><\/p>\n<h3>Celebrando a la mujer limonense: un llamado a la equidad<\/h3>\n<p>El <a href=\"https:\/\/mep.go.cr\/noticias\/dia-internacional-mujer\"><strong>D\u00eda Internacional de la Mujer<\/strong><\/a> en Costa Rica, no solo es una fecha para celebrar, sino tambi\u00e9n un momento para reflexionar sobre los desaf\u00edos que a\u00fan existen en la lucha por la equidad de g\u00e9nero. La discriminaci\u00f3n laboral, la violencia de g\u00e9nero y la falta de acceso a oportunidades siguen siendo problemas que requieren atenci\u00f3n y acci\u00f3n.<\/p>\n<p>Desde nuestro laboratorio, reafirmamos nuestro compromiso con la equidad y el bienestar de las mujeres en nuestra comunidad. Creemos en la importancia de la educaci\u00f3n, la prevenci\u00f3n y el acceso a servicios de salud de calidad como herramientas fundamentales para empoderar a la mujer limonense.<\/p>\n<h3>Conclusi\u00f3n<\/h3>\n<p>El <strong>8 de marzo<\/strong> es un d\u00eda para reconocer el papel fundamental que desempe\u00f1an las mujeres en la sociedad, en la familia y en la comunidad. En Lim\u00f3n, esta celebraci\u00f3n cobra un significado especial, pues rinde homenaje a la historia y la cultura afrodescendiente, as\u00ed como al esfuerzo y dedicaci\u00f3n de todas las mujeres que han contribuido al desarrollo de la provincia.<\/p>\n<p>Desde nuestro laboratorio, extendemos un mensaje de gratitud y admiraci\u00f3n a todas las mujeres de Lim\u00f3n. Su fuerza, resiliencia y amor son el motor que impulsa a nuestra comunidad. En este D\u00eda de la Mujer, las invitamos a priorizar su salud, a seguir luchando por sus derechos y a continuar siendo inspiraci\u00f3n para las generaciones futuras.<\/p>\n<p><strong>\u00a1Feliz D\u00eda de la Mujer!<\/strong> Que esta fecha sea un recordatorio del valor, la lucha y la grandeza de todas las mujeres limonenses.<\/p>\n","protected":false},"excerpt":{"rendered":"<p>Mujeres limonenses: protagonistas de la historia y la comunidad Cada 8 de marzo, el mundo conmemora el D\u00eda Internacional de la Mujer, una fecha que no s\u00f3lo celebra los logros y contribuciones de las mujeres en la sociedad, sino que tambi\u00e9n nos recuerda la lucha por la igualdad de derechos y oportunidades. En la provincia [&hellip;]<\/p>\n","protected":false},"author":2,"featured_media":1084,"comment_status":"open","ping_status":"open","sticky":false,"template":"","format":"standard","meta":{"footnotes":""},"categories":[15],"tags":[577,39,839,845,843,48,844,840,841,842,503],"class_list":["post-1083","post","type-post","status-publish","format-standard","has-post-thumbnail","hentry","category-blog-es","tag-anlisis-clnicos","tag-cncer-de-mama","tag-da-de-la-mujer","tag-educacin-en-limn","tag-equidad-de-gnero","tag-laboratorio-bioclinic","tag-liderazgo-femenino","tag-limn-costa-rica","tag-mujeres-afrodescendientes","tag-prevencin-mdica","tag-salud-femenina"],"yoast_head":"<!-- This site is optimized with the Yoast SEO plugin v27.5 - https:\/\/yoast.com\/product\/yoast-seo-wordpress\/ -->\n<title>D\u00eda de la Mujer en Lim\u00f3n: Historia y Salud - Laboratorio Bioclinic<\/title>\n<meta name=\"description\" content=\"Descubre la importancia del D\u00eda de la Mujer en Lim\u00f3n, su historia afrodescendiente y la relevancia de la salud femenina en la comunidad.\" \/>\n<meta name=\"robots\" content=\"index, follow, max-snippet:-1, max-image-preview:large, max-video-preview:-1\" \/>\n<link rel=\"canonical\" href=\"https:\/\/www.laboratoriobioclinic.cr\/en\/blog-es\/dia-mujer-limon-historia-salud\/\" \/>\n<meta property=\"og:locale\" content=\"es_ES\" \/>\n<meta property=\"og:type\" content=\"article\" \/>\n<meta property=\"og:title\" content=\"D\u00eda de la Mujer en Lim\u00f3n: Historia y Salud - Laboratorio Bioclinic\" \/>\n<meta property=\"og:description\" content=\"Descubre la importancia del D\u00eda de la Mujer en Lim\u00f3n, su historia afrodescendiente y la relevancia de la salud femenina en la comunidad.\" \/>\n<meta property=\"og:url\" content=\"https:\/\/www.laboratoriobioclinic.cr\/en\/blog-es\/dia-mujer-limon-historia-salud\/\" \/>\n<meta property=\"og:site_name\" content=\"Laboratorio Bioclinic\" \/>\n<meta property=\"article:published_time\" content=\"2025-03-05T21:43:14+00:00\" \/>\n<meta property=\"article:modified_time\" content=\"2025-03-05T21:45:36+00:00\" \/>\n<meta property=\"og:image\" content=\"https:\/\/www.laboratoriobioclinic.cr\/wp-content\/uploads\/2025\/03\/Celebrando-el-Dia-de-la-Mujer-en-Limon-Historia-y-Salud-Laboratorio-Bioclinic.png\" \/>\n\t<meta property=\"og:image:width\" content=\"1169\" \/>\n\t<meta property=\"og:image:height\" content=\"413\" \/>\n\t<meta property=\"og:image:type\" content=\"image\/png\" \/>\n<meta name=\"author\" content=\"V\u00edctor Hern\u00e1ndez\" \/>\n<meta name=\"twitter:card\" content=\"summary_large_image\" \/>\n<meta name=\"twitter:label1\" content=\"Escrito por\" \/>\n\t<meta name=\"twitter:data1\" content=\"V\u00edctor Hern\u00e1ndez\" \/>\n\t<meta name=\"twitter:label2\" content=\"Tiempo de lectura\" \/>\n\t<meta name=\"twitter:data2\" content=\"5 minutos\" \/>\n<script type=\"application\/ld+json\" class=\"yoast-schema-graph\">{\"@context\":\"https:\\\/\\\/schema.org\",\"@graph\":[{\"@type\":\"Article\",\"@id\":\"https:\\\/\\\/www.laboratoriobioclinic.cr\\\/en\\\/blog-es\\\/dia-mujer-limon-historia-salud\\\/#article\",\"isPartOf\":{\"@id\":\"https:\\\/\\\/www.laboratoriobioclinic.cr\\\/en\\\/blog-es\\\/dia-mujer-limon-historia-salud\\\/\"},\"author\":{\"name\":\"V\u00edctor Hern\u00e1ndez\",\"@id\":\"https:\\\/\\\/laboratoriobioclinic.cr\\\/es\\\/#\\\/schema\\\/person\\\/22388802b822cf3b3ff7019581c95721\"},\"headline\":\"Celebrando el D\u00eda de la Mujer en Lim\u00f3n: Historia y Salud\",\"datePublished\":\"2025-03-05T21:43:14+00:00\",\"dateModified\":\"2025-03-05T21:45:36+00:00\",\"mainEntityOfPage\":{\"@id\":\"https:\\\/\\\/www.laboratoriobioclinic.cr\\\/en\\\/blog-es\\\/dia-mujer-limon-historia-salud\\\/\"},\"wordCount\":879,\"commentCount\":0,\"image\":{\"@id\":\"https:\\\/\\\/www.laboratoriobioclinic.cr\\\/en\\\/blog-es\\\/dia-mujer-limon-historia-salud\\\/#primaryimage\"},\"thumbnailUrl\":\"https:\\\/\\\/laboratoriobioclinic.cr\\\/wp-content\\\/uploads\\\/2025\\\/03\\\/Celebrando-el-Dia-de-la-Mujer-en-Limon-Historia-y-Salud-Laboratorio-Bioclinic.png\",\"keywords\":[\"an\u00e1lisis cl\u00ednicos\",\"c\u00e1ncer de mama\",\"D\u00eda de la Mujer\",\"educaci\u00f3n en Lim\u00f3n\",\"equidad de g\u00e9nero\",\"laboratorio bioclinic\",\"liderazgo femenino\",\"Lim\u00f3n Costa Rica\",\"mujeres afrodescendientes\",\"prevenci\u00f3n m\u00e9dica\",\"Salud femenina\"],\"articleSection\":[\"Blog ES\"],\"inLanguage\":\"es\",\"potentialAction\":[{\"@type\":\"CommentAction\",\"name\":\"Comment\",\"target\":[\"https:\\\/\\\/www.laboratoriobioclinic.cr\\\/en\\\/blog-es\\\/dia-mujer-limon-historia-salud\\\/#respond\"]}]},{\"@type\":\"WebPage\",\"@id\":\"https:\\\/\\\/www.laboratoriobioclinic.cr\\\/en\\\/blog-es\\\/dia-mujer-limon-historia-salud\\\/\",\"url\":\"https:\\\/\\\/www.laboratoriobioclinic.cr\\\/en\\\/blog-es\\\/dia-mujer-limon-historia-salud\\\/\",\"name\":\"D\u00eda de la Mujer en Lim\u00f3n: Historia y Salud - Laboratorio Bioclinic\",\"isPartOf\":{\"@id\":\"https:\\\/\\\/laboratoriobioclinic.cr\\\/es\\\/#website\"},\"primaryImageOfPage\":{\"@id\":\"https:\\\/\\\/www.laboratoriobioclinic.cr\\\/en\\\/blog-es\\\/dia-mujer-limon-historia-salud\\\/#primaryimage\"},\"image\":{\"@id\":\"https:\\\/\\\/www.laboratoriobioclinic.cr\\\/en\\\/blog-es\\\/dia-mujer-limon-historia-salud\\\/#primaryimage\"},\"thumbnailUrl\":\"https:\\\/\\\/laboratoriobioclinic.cr\\\/wp-content\\\/uploads\\\/2025\\\/03\\\/Celebrando-el-Dia-de-la-Mujer-en-Limon-Historia-y-Salud-Laboratorio-Bioclinic.png\",\"datePublished\":\"2025-03-05T21:43:14+00:00\",\"dateModified\":\"2025-03-05T21:45:36+00:00\",\"author\":{\"@id\":\"https:\\\/\\\/laboratoriobioclinic.cr\\\/es\\\/#\\\/schema\\\/person\\\/22388802b822cf3b3ff7019581c95721\"},\"description\":\"Descubre la importancia del D\u00eda de la Mujer en Lim\u00f3n, su historia afrodescendiente y la relevancia de la salud femenina en la comunidad.\",\"inLanguage\":\"es\",\"potentialAction\":[{\"@type\":\"ReadAction\",\"target\":[\"https:\\\/\\\/www.laboratoriobioclinic.cr\\\/en\\\/blog-es\\\/dia-mujer-limon-historia-salud\\\/\"]}]},{\"@type\":\"ImageObject\",\"inLanguage\":\"es\",\"@id\":\"https:\\\/\\\/www.laboratoriobioclinic.cr\\\/en\\\/blog-es\\\/dia-mujer-limon-historia-salud\\\/#primaryimage\",\"url\":\"https:\\\/\\\/laboratoriobioclinic.cr\\\/wp-content\\\/uploads\\\/2025\\\/03\\\/Celebrando-el-Dia-de-la-Mujer-en-Limon-Historia-y-Salud-Laboratorio-Bioclinic.png\",\"contentUrl\":\"https:\\\/\\\/laboratoriobioclinic.cr\\\/wp-content\\\/uploads\\\/2025\\\/03\\\/Celebrando-el-Dia-de-la-Mujer-en-Limon-Historia-y-Salud-Laboratorio-Bioclinic.png\",\"width\":1169,\"height\":413,\"caption\":\"D\u00eda internacional de la mujer\"},{\"@type\":\"WebSite\",\"@id\":\"https:\\\/\\\/laboratoriobioclinic.cr\\\/es\\\/#website\",\"url\":\"https:\\\/\\\/laboratoriobioclinic.cr\\\/es\\\/\",\"name\":\"Laboratorio Bioclinic\",\"description\":\"An\u00e1lisis cl\u00ednicos | Puerto Viejo | Lim\u00f3n\",\"potentialAction\":[{\"@type\":\"SearchAction\",\"target\":{\"@type\":\"EntryPoint\",\"urlTemplate\":\"https:\\\/\\\/laboratoriobioclinic.cr\\\/es\\\/?s={search_term_string}\"},\"query-input\":{\"@type\":\"PropertyValueSpecification\",\"valueRequired\":true,\"valueName\":\"search_term_string\"}}],\"inLanguage\":\"es\"},{\"@type\":\"Person\",\"@id\":\"https:\\\/\\\/laboratoriobioclinic.cr\\\/es\\\/#\\\/schema\\\/person\\\/22388802b822cf3b3ff7019581c95721\",\"name\":\"V\u00edctor Hern\u00e1ndez\",\"image\":{\"@type\":\"ImageObject\",\"inLanguage\":\"es\",\"@id\":\"https:\\\/\\\/secure.gravatar.com\\\/avatar\\\/df86c8d5b329d3be6dc959b83558672fb6ce1002eb345c198ef5458738b7ce88?s=96&d=mm&r=g\",\"url\":\"https:\\\/\\\/secure.gravatar.com\\\/avatar\\\/df86c8d5b329d3be6dc959b83558672fb6ce1002eb345c198ef5458738b7ce88?s=96&d=mm&r=g\",\"contentUrl\":\"https:\\\/\\\/secure.gravatar.com\\\/avatar\\\/df86c8d5b329d3be6dc959b83558672fb6ce1002eb345c198ef5458738b7ce88?s=96&d=mm&r=g\",\"caption\":\"V\u00edctor Hern\u00e1ndez\"},\"url\":\"https:\\\/\\\/laboratoriobioclinic.cr\\\/es\\\/author\\\/victor\\\/\"}]}<\/script>\n<!-- \/ Yoast SEO plugin. -->","yoast_head_json":{"title":"D\u00eda de la Mujer en Lim\u00f3n: Historia y Salud - Laboratorio Bioclinic","description":"Descubre la importancia del D\u00eda de la Mujer en Lim\u00f3n, su historia afrodescendiente y la relevancia de la salud femenina en la comunidad.","robots":{"index":"index","follow":"follow","max-snippet":"max-snippet:-1","max-image-preview":"max-image-preview:large","max-video-preview":"max-video-preview:-1"},"canonical":"https:\/\/www.laboratoriobioclinic.cr\/en\/blog-es\/dia-mujer-limon-historia-salud\/","og_locale":"es_ES","og_type":"article","og_title":"D\u00eda de la Mujer en Lim\u00f3n: Historia y Salud - Laboratorio Bioclinic","og_description":"Descubre la importancia del D\u00eda de la Mujer en Lim\u00f3n, su historia afrodescendiente y la relevancia de la salud femenina en la comunidad.","og_url":"https:\/\/www.laboratoriobioclinic.cr\/en\/blog-es\/dia-mujer-limon-historia-salud\/","og_site_name":"Laboratorio Bioclinic","article_published_time":"2025-03-05T21:43:14+00:00","article_modified_time":"2025-03-05T21:45:36+00:00","og_image":[{"width":1169,"height":413,"url":"https:\/\/www.laboratoriobioclinic.cr\/wp-content\/uploads\/2025\/03\/Celebrando-el-Dia-de-la-Mujer-en-Limon-Historia-y-Salud-Laboratorio-Bioclinic.png","type":"image\/png"}],"author":"V\u00edctor Hern\u00e1ndez","twitter_card":"summary_large_image","twitter_misc":{"Escrito por":"V\u00edctor Hern\u00e1ndez","Tiempo de lectura":"5 minutos"},"schema":{"@context":"https:\/\/schema.org","@graph":[{"@type":"Article","@id":"https:\/\/www.laboratoriobioclinic.cr\/en\/blog-es\/dia-mujer-limon-historia-salud\/#article","isPartOf":{"@id":"https:\/\/www.laboratoriobioclinic.cr\/en\/blog-es\/dia-mujer-limon-historia-salud\/"},"author":{"name":"V\u00edctor Hern\u00e1ndez","@id":"https:\/\/laboratoriobioclinic.cr\/es\/#\/schema\/person\/22388802b822cf3b3ff7019581c95721"},"headline":"Celebrando el D\u00eda de la Mujer en Lim\u00f3n: Historia y Salud","datePublished":"2025-03-05T21:43:14+00:00","dateModified":"2025-03-05T21:45:36+00:00","mainEntityOfPage":{"@id":"https:\/\/www.laboratoriobioclinic.cr\/en\/blog-es\/dia-mujer-limon-historia-salud\/"},"wordCount":879,"commentCount":0,"image":{"@id":"https:\/\/www.laboratoriobioclinic.cr\/en\/blog-es\/dia-mujer-limon-historia-salud\/#primaryimage"},"thumbnailUrl":"https:\/\/laboratoriobioclinic.cr\/wp-content\/uploads\/2025\/03\/Celebrando-el-Dia-de-la-Mujer-en-Limon-Historia-y-Salud-Laboratorio-Bioclinic.png","keywords":["an\u00e1lisis cl\u00ednicos","c\u00e1ncer de mama","D\u00eda de la Mujer","educaci\u00f3n en Lim\u00f3n","equidad de g\u00e9nero","laboratorio bioclinic","liderazgo femenino","Lim\u00f3n Costa Rica","mujeres afrodescendientes","prevenci\u00f3n m\u00e9dica","Salud femenina"],"articleSection":["Blog ES"],"inLanguage":"es","potentialAction":[{"@type":"CommentAction","name":"Comment","target":["https:\/\/www.laboratoriobioclinic.cr\/en\/blog-es\/dia-mujer-limon-historia-salud\/#respond"]}]},{"@type":"WebPage","@id":"https:\/\/www.laboratoriobioclinic.cr\/en\/blog-es\/dia-mujer-limon-historia-salud\/","url":"https:\/\/www.laboratoriobioclinic.cr\/en\/blog-es\/dia-mujer-limon-historia-salud\/","name":"D\u00eda de la Mujer en Lim\u00f3n: Historia y Salud - Laboratorio Bioclinic","isPartOf":{"@id":"https:\/\/laboratoriobioclinic.cr\/es\/#website"},"primaryImageOfPage":{"@id":"https:\/\/www.laboratoriobioclinic.cr\/en\/blog-es\/dia-mujer-limon-historia-salud\/#primaryimage"},"image":{"@id":"https:\/\/www.laboratoriobioclinic.cr\/en\/blog-es\/dia-mujer-limon-historia-salud\/#primaryimage"},"thumbnailUrl":"https:\/\/laboratoriobioclinic.cr\/wp-content\/uploads\/2025\/03\/Celebrando-el-Dia-de-la-Mujer-en-Limon-Historia-y-Salud-Laboratorio-Bioclinic.png","datePublished":"2025-03-05T21:43:14+00:00","dateModified":"2025-03-05T21:45:36+00:00","author":{"@id":"https:\/\/laboratoriobioclinic.cr\/es\/#\/schema\/person\/22388802b822cf3b3ff7019581c95721"},"description":"Descubre la importancia del D\u00eda de la Mujer en Lim\u00f3n, su historia afrodescendiente y la relevancia de la salud femenina en la comunidad.","inLanguage":"es","potentialAction":[{"@type":"ReadAction","target":["https:\/\/www.laboratoriobioclinic.cr\/en\/blog-es\/dia-mujer-limon-historia-salud\/"]}]},{"@type":"ImageObject","inLanguage":"es","@id":"https:\/\/www.laboratoriobioclinic.cr\/en\/blog-es\/dia-mujer-limon-historia-salud\/#primaryimage","url":"https:\/\/laboratoriobioclinic.cr\/wp-content\/uploads\/2025\/03\/Celebrando-el-Dia-de-la-Mujer-en-Limon-Historia-y-Salud-Laboratorio-Bioclinic.png","contentUrl":"https:\/\/laboratoriobioclinic.cr\/wp-content\/uploads\/2025\/03\/Celebrando-el-Dia-de-la-Mujer-en-Limon-Historia-y-Salud-Laboratorio-Bioclinic.png","width":1169,"height":413,"caption":"D\u00eda internacional de la mujer"},{"@type":"WebSite","@id":"https:\/\/laboratoriobioclinic.cr\/es\/#website","url":"https:\/\/laboratoriobioclinic.cr\/es\/","name":"Laboratorio Bioclinic","description":"An\u00e1lisis cl\u00ednicos | Puerto Viejo | Lim\u00f3n","potentialAction":[{"@type":"SearchAction","target":{"@type":"EntryPoint","urlTemplate":"https:\/\/laboratoriobioclinic.cr\/es\/?s={search_term_string}"},"query-input":{"@type":"PropertyValueSpecification","valueRequired":true,"valueName":"search_term_string"}}],"inLanguage":"es"},{"@type":"Person","@id":"https:\/\/laboratoriobioclinic.cr\/es\/#\/schema\/person\/22388802b822cf3b3ff7019581c95721","name":"V\u00edctor Hern\u00e1ndez","image":{"@type":"ImageObject","inLanguage":"es","@id":"https:\/\/secure.gravatar.com\/avatar\/df86c8d5b329d3be6dc959b83558672fb6ce1002eb345c198ef5458738b7ce88?s=96&d=mm&r=g","url":"https:\/\/secure.gravatar.com\/avatar\/df86c8d5b329d3be6dc959b83558672fb6ce1002eb345c198ef5458738b7ce88?s=96&d=mm&r=g","contentUrl":"https:\/\/secure.gravatar.com\/avatar\/df86c8d5b329d3be6dc959b83558672fb6ce1002eb345c198ef5458738b7ce88?s=96&d=mm&r=g","caption":"V\u00edctor Hern\u00e1ndez"},"url":"https:\/\/laboratoriobioclinic.cr\/es\/author\/victor\/"}]}},"_links":{"self":[{"href":"https:\/\/laboratoriobioclinic.cr\/es\/wp-json\/wp\/v2\/posts\/1083","targetHints":{"allow":["GET"]}}],"collection":[{"href":"https:\/\/laboratoriobioclinic.cr\/es\/wp-json\/wp\/v2\/posts"}],"about":[{"href":"https:\/\/laboratoriobioclinic.cr\/es\/wp-json\/wp\/v2\/types\/post"}],"author":[{"embeddable":true,"href":"https:\/\/laboratoriobioclinic.cr\/es\/wp-json\/wp\/v2\/users\/2"}],"replies":[{"embeddable":true,"href":"https:\/\/laboratoriobioclinic.cr\/es\/wp-json\/wp\/v2\/comments?post=1083"}],"version-history":[{"count":4,"href":"https:\/\/laboratoriobioclinic.cr\/es\/wp-json\/wp\/v2\/posts\/1083\/revisions"}],"predecessor-version":[{"id":1089,"href":"https:\/\/laboratoriobioclinic.cr\/es\/wp-json\/wp\/v2\/posts\/1083\/revisions\/1089"}],"wp:featuredmedia":[{"embeddable":true,"href":"https:\/\/laboratoriobioclinic.cr\/es\/wp-json\/wp\/v2\/media\/1084"}],"wp:attachment":[{"href":"https:\/\/laboratoriobioclinic.cr\/es\/wp-json\/wp\/v2\/media?parent=1083"}],"wp:term":[{"taxonomy":"category","embeddable":true,"href":"https:\/\/laboratoriobioclinic.cr\/es\/wp-json\/wp\/v2\/categories?post=1083"},{"taxonomy":"post_tag","embeddable":true,"href":"https:\/\/laboratoriobioclinic.cr\/es\/wp-json\/wp\/v2\/tags?post=1083"}],"curies":[{"name":"wp","href":"https:\/\/api.w.org\/{rel}","templated":true}]}}