{"id":1072,"date":"2025-03-21T10:00:49","date_gmt":"2025-03-21T16:00:49","guid":{"rendered":"https:\/\/laboratoriobioclinic.cr\/?p=1072"},"modified":"2025-03-21T10:01:45","modified_gmt":"2025-03-21T16:01:45","slug":"dia-mundial-tuberculosis-costa-rica","status":"publish","type":"post","link":"https:\/\/laboratoriobioclinic.cr\/es\/blog-es\/dia-mundial-tuberculosis-costa-rica\/","title":{"rendered":"D\u00eda Mundial de la Tuberculosis en Costa Rica: Prevenci\u00f3n y Diagn\u00f3stico"},"content":{"rendered":"<h2>\u00bfC\u00f3mo afecta la tuberculosis a Costa Rica y qu\u00e9 se est\u00e1 haciendo?<\/h2>\n<p class=\"p1\">Cada <strong data-start=\"460\" data-end=\"475\">24 de marzo<\/strong>, se conmemora el <strong data-start=\"493\" data-end=\"541\">D\u00eda Mundial de la Tuberculosis en Costa Rica<\/strong>, una fecha clave para concienciar sobre esta enfermedad infecciosa prevenible y curable.<\/p>\n<p class=\"p1\">En <strong data-start=\"634\" data-end=\"667\">Laboratorio Cl\u00ednico Bioclinic<\/strong>, con presencia en <a href=\"https:\/\/laboratoriobioclinic.cr\/empresa\/sedes-laboratorio-bioclinic-limon\/\" target=\"_blank\" rel=\"noopener\"><strong data-start=\"686\" data-end=\"710\">Lim\u00f3n y Puerto Viejo<\/strong><\/a>, estamos comprometidos con la salud de la comunidad, ofreciendo <a href=\"https:\/\/laboratoriobioclinic.cr\/blog-es\/dia-mundial-tuberculosis-costa-rica-2\/\">pruebas especializadas para la detecci\u00f3n y seguimiento de la tuberculosis<\/a>. La elecci\u00f3n de esta fecha se debe a que, en 1882, el <a href=\"https:\/\/www.paho.org\/es\/dia-mundial-tuberculosis\">Dr. Robert Koch anunci\u00f3 el descubrimiento de la bacteria<\/a> causante de la tuberculosis, el <i>Mycobacterium tuberculosis<\/i>, lo que marc\u00f3 un hito en el diagn\u00f3stico y tratamiento de la enfermedad.<\/p>\n<h4 class=\"p1\"><b>La tuberculosis en el contexto global<\/b><b><\/b><\/h4>\n<p class=\"p1\">A nivel mundial, la tuberculosis sigue siendo una de las enfermedades infecciosas m\u00e1s mortales. Cada d\u00eda, <a href=\"https:\/\/www.paho.org\/es\/campanas\/dia-mundial-tuberculosis-2022\">m\u00e1s de 4.000 personas pierden la vida a causa de la TB y cerca de 30.000 enferman<\/a> de esta enfermedad, que es prevenible y curable. La aparici\u00f3n de cepas resistentes a los medicamentos representa una amenaza significativa para la salud p\u00fablica, lo que subraya la necesidad de intensificar los esfuerzos para combatir la enfermedad.<\/p>\n<h4 data-start=\"406\" data-end=\"452\"><strong data-start=\"406\" data-end=\"452\">Situaci\u00f3n de la tuberculosis en Costa Rica<\/strong><\/h4>\n<p data-start=\"454\" data-end=\"657\"><span class=\"relative -mx-px my-[-0.2rem] rounded px-px py-[0.2rem]\">Costa Rica se encuentra entre los pa\u00edses de baja incidencia de tuberculosis, con una tasa que ha oscilado entre 7 y 8 casos por cada 100.000 habitantes en los \u00faltimos a\u00f1os.<\/span> <span class=\"relative -mx-px my-[-0.2rem] rounded px-px py-[0.2rem]\">En 2021, se registraron 353 casos de TB en el pa\u00eds, de los cuales el 67% correspondieron a hombres y el 33% a mujeres.<\/span> <span class=\"relative -mx-px my-[-0.2rem] rounded px-px py-[0.2rem]\"><a href=\"https:\/\/www.ministeriodesalud.go.cr\/index.php\/prensa\/60-noticias-2023\/1540-casos-de-tuberculosis-aumentan-un-5-durante-el-2022\">Las provincias con mayor n\u00famero de casos<\/a> fueron San Jos\u00e9, Lim\u00f3n y Alajuela.<\/span><\/p>\n<p data-start=\"454\" data-end=\"657\"><span class=\"relative -mx-px my-[-0.2rem] rounded px-px py-[0.2rem]\">En 2022, se observ\u00f3 un incremento del 5% en los casos de tuberculosis en Costa Rica, registr\u00e1ndose un total de 375 casos.<\/span> <span class=\"relative -mx-px my-[-0.2rem] rounded px-px py-[0.2rem]\">La distribuci\u00f3n por g\u00e9nero se mantuvo similar, con un 68% de los casos en hombres y un 32% en mujeres.<\/span> <span class=\"relative -mx-px my-[-0.2rem] rounded px-px py-[0.2rem]\">El grupo etario m\u00e1s afectado fue el de personas entre 20 y 64 a\u00f1os, que representaron 284 casos.<\/span><\/p>\n<h4 data-start=\"866\" data-end=\"906\"><strong data-start=\"866\" data-end=\"906\">Desaf\u00edos y estrategias en Costa Rica<\/strong><\/h4>\n<p data-start=\"908\" data-end=\"1113\"><span class=\"relative -mx-px my-[-0.2rem] rounded px-px py-[0.2rem]\">A pesar de la baja incidencia, Costa Rica enfrenta desaf\u00edos significativos en la lucha contra la tuberculosis.<\/span> <span class=\"relative -mx-px my-[-0.2rem] rounded px-px py-[0.2rem]\"><a href=\"https:\/\/semanariouniversidad.com\/pais\/dos-tercios-de-los-casos-de-tuberculosis-en-el-pais-se-dan-en-hombres\/\">La coinfecci\u00f3n TB\/VIH es una preocupaci\u00f3n<\/a>, ya que en 2021, del total de casos registrados, el 12% estaban coinfectados con VIH.<\/span> <span class=\"relative -mx-px my-[-0.2rem] rounded px-px py-[0.2rem]\">Adem\u00e1s, ciertas \u00e1reas de salud superaron la tasa de incidencia nacional, destacando la necesidad de intervenciones focalizadas. El pa\u00eds ha implementado estrategias internacionales como DOTS, \u00abAlto a la Tuberculosis\u00bb y \u00abFin de la Tuberculosis\u00bb, adoptadas por el Ministerio de Salud y la Caja Costarricense de Seguro Social, con el apoyo de la Organizaci\u00f3n Panamericana de la Salud. Estas estrategias se centran en la atenci\u00f3n y prevenci\u00f3n integradas y centradas en el paciente, pol\u00edticas audaces y sistemas de apoyo, adem\u00e1s de la intensificaci\u00f3n de la investigaci\u00f3n e innovaci\u00f3n.\u200b<\/span><\/p>\n<h4 data-start=\"1282\" data-end=\"1334\"><strong data-start=\"1282\" data-end=\"1334\">Estad\u00edsticas de la tuberculosis en Centroam\u00e9rica<\/strong><\/h4>\n<p data-start=\"1336\" data-end=\"1461\"><span class=\"relative -mx-px my-[-0.2rem] rounded px-px py-[0.2rem]\">La incidencia de la tuberculosis var\u00eda en la regi\u00f3n centroamericana.<\/span> <span class=\"relative -mx-px my-[-0.2rem] rounded px-px py-[0.2rem]\">Seg\u00fan datos del Banco Mundial, las tasas de incidencia por cada 100.000 personas en 2021 fueron:<\/span><\/p>\n<ul>\n<li><strong data-start=\"1465\" data-end=\"1478\">Guatemala<\/strong>: <span class=\"relative -mx-px my-[-0.2rem] rounded px-px py-[0.2rem]\">24<\/span>\u200b<\/li>\n<li><strong data-start=\"1568\" data-end=\"1580\">Honduras<\/strong>: <span class=\"relative -mx-px my-[-0.2rem] rounded px-px py-[0.2rem]\">33<\/span>\u200b<\/li>\n<li><strong data-start=\"1670\" data-end=\"1685\">El Salvador<\/strong>: <span class=\"relative -mx-px my-[-0.2rem] rounded px-px py-[0.2rem]\">19<\/span>\u200b<\/li>\n<li><strong data-start=\"1775\" data-end=\"1788\">Nicaragua<\/strong>: <span class=\"relative -mx-px my-[-0.2rem] rounded px-px py-[0.2rem]\">45<\/span><\/li>\n<li><strong data-start=\"1878\" data-end=\"1888\">Panam\u00e1<\/strong>: <span class=\"relative -mx-px my-[-0.2rem] rounded px-px py-[0.2rem]\">26<\/span>\u200b<\/li>\n<li><strong data-start=\"1978\" data-end=\"1992\">Costa Rica<\/strong>: <span class=\"relative -mx-px my-[-0.2rem] rounded px-px py-[0.2rem]\">7<\/span><\/li>\n<\/ul>\n<p data-start=\"2122\" data-end=\"2207\"><span class=\"relative -mx-px my-[-0.2rem] rounded px-px py-[0.2rem]\">Estas cifras reflejan una variabilidad en la incidencia de la tuberculosis en la regi\u00f3n, lo que indica la necesidad de estrategias adaptadas a las realidades de cada pa\u00eds.<\/span>\u200b<\/p>\n<h4 data-start=\"2209\" data-end=\"2273\"><strong data-start=\"2209\" data-end=\"2273\">Importancia del D\u00eda Mundial de la Tuberculosis en Costa Rica<\/strong><\/h4>\n<p data-start=\"2275\" data-end=\"2480\"><span class=\"relative -mx-px my-[-0.2rem] rounded px-px py-[0.2rem]\">La conmemoraci\u00f3n del D\u00eda Mundial de la Tuberculosis en Costa Rica es una oportunidad para reforzar el compromiso del pa\u00eds en la lucha contra esta enfermedad.<\/span> <span class=\"relative -mx-px my-[-0.2rem] rounded px-px py-[0.2rem]\">Las autoridades de salud utilizan esta fecha para sensibilizar a la poblaci\u00f3n sobre la importancia de la prevenci\u00f3n, el diagn\u00f3stico temprano y el tratamiento adecuado de la TB.<\/span> <span class=\"relative -mx-px my-[-0.2rem] rounded px-px py-[0.2rem]\"><a href=\"https:\/\/www.ministeriodesalud.go.cr\/index.php\/prensa\/60-noticias-2023\/1540-casos-de-tuberculosis-aumentan-un-5-durante-el-2022\">Se realizan campa\u00f1as educativas, jornadas de detecci\u00f3n y actividades comunitarias<\/a> para informar sobre los <a href=\"https:\/\/laboratoriobioclinic.cr\/blog-es\/dia-mundial-tuberculosis-costa-rica-2\/\">s\u00edntomas de la tuberculosis<\/a>, que incluyen tos persistente por m\u00e1s de dos semanas, dolor al respirar y toser, p\u00e9rdida de peso, fatiga, sudoraci\u00f3n nocturna y fiebre al final del d\u00eda.<\/span><\/p>\n<h4 data-start=\"2482\" data-end=\"2555\"><strong data-start=\"2482\" data-end=\"2555\">Avances y desaf\u00edos en la eliminaci\u00f3n de la tuberculosis en Costa Rica<\/strong><\/h4>\n<p data-start=\"2557\" data-end=\"2722\"><span class=\"relative -mx-px my-[-0.2rem] rounded px-px py-[0.2rem]\">Costa Rica ha logrado avances significativos en la reducci\u00f3n de la incidencia de la tuberculosis.<\/span> <span class=\"relative -mx-px my-[-0.2rem] rounded px-px py-[0.2rem]\">Sin embargo, la meta de eliminar la enfermedad para 2035 requiere enfrentar desaf\u00edos como la coinfecci\u00f3n TB\/VIH, la tuberculosis farmacorresistente y las desigualdades en el acceso a servicios de salud.<\/span> <span class=\"relative -mx-px my-[-0.2rem] rounded px-px py-[0.2rem]\">La colaboraci\u00f3n intersectorial, la inversi\u00f3n en recursos y la participaci\u00f3n activa de la comunidad son fundamentales para alcanzar este objetivo.<\/span><\/p>\n<h4 data-start=\"2724\" data-end=\"2738\"><strong data-start=\"2724\" data-end=\"2738\">Conclusi\u00f3n<\/strong><\/h4>\n<p data-start=\"2740\" data-end=\"2865\"><span class=\"relative -mx-px my-[-0.2rem] rounded px-px py-[0.2rem]\">El D\u00eda Mundial de la Tuberculosis es una oportunidad para reflexionar sobre los avances y desaf\u00edos en la lucha contra esta enfermedad en Costa Rica y el mundo.<\/span> <span class=\"relative -mx-px my-[-0.2rem] rounded px-px py-[0.2rem]\">Aunque el pa\u00eds ha logrado mantener una baja incidencia, es <a href=\"https:\/\/www.ministeriodesalud.go.cr\/index.php\/component\/content\/article?id=870\">crucial continuar fortaleciendo las estrategias de prevenci\u00f3n, diagn\u00f3stico y tratamiento,<\/a> garantizando que ninguna persona quede atr\u00e1s en el camino hacia la eliminaci\u00f3n de la tuberculosis.<\/span><\/p>\n<p data-start=\"454\" data-end=\"657\">\u200b<\/p>\n","protected":false},"excerpt":{"rendered":"<p>\u00bfC\u00f3mo afecta la tuberculosis a Costa Rica y qu\u00e9 se est\u00e1 haciendo? Cada 24 de marzo, se conmemora el D\u00eda Mundial de la Tuberculosis en Costa Rica, una fecha clave para concienciar sobre esta enfermedad infecciosa prevenible y curable. En Laboratorio Cl\u00ednico Bioclinic, con presencia en Lim\u00f3n y Puerto Viejo, estamos comprometidos con la salud [&hellip;]<\/p>\n","protected":false},"author":2,"featured_media":1074,"comment_status":"open","ping_status":"open","sticky":false,"template":"","format":"standard","meta":{"footnotes":""},"categories":[15],"tags":[43,836,463,837,838,54,211,462,661,481],"class_list":["post-1072","post","type-post","status-publish","format-standard","has-post-thumbnail","hentry","category-blog-es","tag-costa-rica","tag-da-mundial","tag-diagnstico","tag-incidencia","tag-mycobacterium-tuberculosis","tag-prevencin","tag-salud","tag-sntomas","tag-tratamiento","tag-tuberculosis"],"yoast_head":"<!-- This site is optimized with the Yoast SEO plugin v27.5 - https:\/\/yoast.com\/product\/yoast-seo-wordpress\/ -->\n<title>D\u00eda Mundial de la Tuberculosis en Costa Rica 2025 - Laboratorio Bioclinic<\/title>\n<meta name=\"description\" content=\"Descubre la importancia del D\u00eda Mundial de la Tuberculosis y la situaci\u00f3n actual en Costa Rica. \u00a1Inf\u00f3rmate y ayuda a prevenir la enfermedad!\" \/>\n<meta name=\"robots\" content=\"index, follow, max-snippet:-1, max-image-preview:large, max-video-preview:-1\" \/>\n<link rel=\"canonical\" href=\"https:\/\/www.laboratoriobioclinic.cr\/es\/blog-es\/dia-mundial-tuberculosis-costa-rica\/\" \/>\n<meta property=\"og:locale\" content=\"es_ES\" \/>\n<meta property=\"og:type\" content=\"article\" \/>\n<meta property=\"og:title\" content=\"D\u00eda Mundial de la Tuberculosis en Costa Rica 2025 - Laboratorio Bioclinic\" \/>\n<meta property=\"og:description\" content=\"Descubre la importancia del D\u00eda Mundial de la Tuberculosis y la situaci\u00f3n actual en Costa Rica. \u00a1Inf\u00f3rmate y ayuda a prevenir la enfermedad!\" \/>\n<meta property=\"og:url\" content=\"https:\/\/www.laboratoriobioclinic.cr\/es\/blog-es\/dia-mundial-tuberculosis-costa-rica\/\" \/>\n<meta property=\"og:site_name\" content=\"Laboratorio Bioclinic\" \/>\n<meta property=\"article:published_time\" content=\"2025-03-21T16:00:49+00:00\" \/>\n<meta property=\"article:modified_time\" content=\"2025-03-21T16:01:45+00:00\" \/>\n<meta property=\"og:image\" content=\"https:\/\/www.laboratoriobioclinic.cr\/wp-content\/uploads\/2025\/03\/Dia-Mundial-de-la-Tuberculosis-Prevencion-y-Realidad-en-Costa-Rica-Laboratorio-Bioclinic.png\" \/>\n\t<meta property=\"og:image:width\" content=\"850\" \/>\n\t<meta property=\"og:image:height\" content=\"300\" \/>\n\t<meta property=\"og:image:type\" content=\"image\/png\" \/>\n<meta name=\"author\" content=\"V\u00edctor Hern\u00e1ndez\" \/>\n<meta name=\"twitter:card\" content=\"summary_large_image\" \/>\n<meta name=\"twitter:label1\" content=\"Escrito por\" \/>\n\t<meta name=\"twitter:data1\" content=\"V\u00edctor Hern\u00e1ndez\" \/>\n\t<meta name=\"twitter:label2\" content=\"Tiempo de lectura\" \/>\n\t<meta name=\"twitter:data2\" content=\"4 minutos\" \/>\n<script type=\"application\/ld+json\" class=\"yoast-schema-graph\">{\"@context\":\"https:\\\/\\\/schema.org\",\"@graph\":[{\"@type\":\"Article\",\"@id\":\"https:\\\/\\\/www.laboratoriobioclinic.cr\\\/es\\\/blog-es\\\/dia-mundial-tuberculosis-costa-rica\\\/#article\",\"isPartOf\":{\"@id\":\"https:\\\/\\\/www.laboratoriobioclinic.cr\\\/es\\\/blog-es\\\/dia-mundial-tuberculosis-costa-rica\\\/\"},\"author\":{\"name\":\"V\u00edctor Hern\u00e1ndez\",\"@id\":\"https:\\\/\\\/laboratoriobioclinic.cr\\\/es\\\/#\\\/schema\\\/person\\\/22388802b822cf3b3ff7019581c95721\"},\"headline\":\"D\u00eda Mundial de la Tuberculosis en Costa Rica: Prevenci\u00f3n y Diagn\u00f3stico\",\"datePublished\":\"2025-03-21T16:00:49+00:00\",\"dateModified\":\"2025-03-21T16:01:45+00:00\",\"mainEntityOfPage\":{\"@id\":\"https:\\\/\\\/www.laboratoriobioclinic.cr\\\/es\\\/blog-es\\\/dia-mundial-tuberculosis-costa-rica\\\/\"},\"wordCount\":835,\"commentCount\":0,\"image\":{\"@id\":\"https:\\\/\\\/www.laboratoriobioclinic.cr\\\/es\\\/blog-es\\\/dia-mundial-tuberculosis-costa-rica\\\/#primaryimage\"},\"thumbnailUrl\":\"https:\\\/\\\/laboratoriobioclinic.cr\\\/wp-content\\\/uploads\\\/2025\\\/03\\\/Dia-Mundial-de-la-Tuberculosis-Prevencion-y-Realidad-en-Costa-Rica-Laboratorio-Bioclinic.png\",\"keywords\":[\"costa rica\",\"D\u00eda Mundial\",\"diagn\u00f3stico\",\"incidencia\",\"Mycobacterium tuberculosis\",\"prevenci\u00f3n\",\"salud\",\"s\u00edntomas\",\"tratamiento\",\"tuberculosis\"],\"articleSection\":[\"Blog ES\"],\"inLanguage\":\"es\",\"potentialAction\":[{\"@type\":\"CommentAction\",\"name\":\"Comment\",\"target\":[\"https:\\\/\\\/www.laboratoriobioclinic.cr\\\/es\\\/blog-es\\\/dia-mundial-tuberculosis-costa-rica\\\/#respond\"]}]},{\"@type\":\"WebPage\",\"@id\":\"https:\\\/\\\/www.laboratoriobioclinic.cr\\\/es\\\/blog-es\\\/dia-mundial-tuberculosis-costa-rica\\\/\",\"url\":\"https:\\\/\\\/www.laboratoriobioclinic.cr\\\/es\\\/blog-es\\\/dia-mundial-tuberculosis-costa-rica\\\/\",\"name\":\"D\u00eda Mundial de la Tuberculosis en Costa Rica 2025 - Laboratorio Bioclinic\",\"isPartOf\":{\"@id\":\"https:\\\/\\\/laboratoriobioclinic.cr\\\/es\\\/#website\"},\"primaryImageOfPage\":{\"@id\":\"https:\\\/\\\/www.laboratoriobioclinic.cr\\\/es\\\/blog-es\\\/dia-mundial-tuberculosis-costa-rica\\\/#primaryimage\"},\"image\":{\"@id\":\"https:\\\/\\\/www.laboratoriobioclinic.cr\\\/es\\\/blog-es\\\/dia-mundial-tuberculosis-costa-rica\\\/#primaryimage\"},\"thumbnailUrl\":\"https:\\\/\\\/laboratoriobioclinic.cr\\\/wp-content\\\/uploads\\\/2025\\\/03\\\/Dia-Mundial-de-la-Tuberculosis-Prevencion-y-Realidad-en-Costa-Rica-Laboratorio-Bioclinic.png\",\"datePublished\":\"2025-03-21T16:00:49+00:00\",\"dateModified\":\"2025-03-21T16:01:45+00:00\",\"author\":{\"@id\":\"https:\\\/\\\/laboratoriobioclinic.cr\\\/es\\\/#\\\/schema\\\/person\\\/22388802b822cf3b3ff7019581c95721\"},\"description\":\"Descubre la importancia del D\u00eda Mundial de la Tuberculosis y la situaci\u00f3n actual en Costa Rica. \u00a1Inf\u00f3rmate y ayuda a prevenir la enfermedad!\",\"inLanguage\":\"es\",\"potentialAction\":[{\"@type\":\"ReadAction\",\"target\":[\"https:\\\/\\\/www.laboratoriobioclinic.cr\\\/es\\\/blog-es\\\/dia-mundial-tuberculosis-costa-rica\\\/\"]}]},{\"@type\":\"ImageObject\",\"inLanguage\":\"es\",\"@id\":\"https:\\\/\\\/www.laboratoriobioclinic.cr\\\/es\\\/blog-es\\\/dia-mundial-tuberculosis-costa-rica\\\/#primaryimage\",\"url\":\"https:\\\/\\\/laboratoriobioclinic.cr\\\/wp-content\\\/uploads\\\/2025\\\/03\\\/Dia-Mundial-de-la-Tuberculosis-Prevencion-y-Realidad-en-Costa-Rica-Laboratorio-Bioclinic.png\",\"contentUrl\":\"https:\\\/\\\/laboratoriobioclinic.cr\\\/wp-content\\\/uploads\\\/2025\\\/03\\\/Dia-Mundial-de-la-Tuberculosis-Prevencion-y-Realidad-en-Costa-Rica-Laboratorio-Bioclinic.png\",\"width\":850,\"height\":300,\"caption\":\"D\u00eda Mundial de la Tuberculosis\"},{\"@type\":\"WebSite\",\"@id\":\"https:\\\/\\\/laboratoriobioclinic.cr\\\/es\\\/#website\",\"url\":\"https:\\\/\\\/laboratoriobioclinic.cr\\\/es\\\/\",\"name\":\"Laboratorio Bioclinic\",\"description\":\"An\u00e1lisis cl\u00ednicos | Puerto Viejo | Lim\u00f3n\",\"potentialAction\":[{\"@type\":\"SearchAction\",\"target\":{\"@type\":\"EntryPoint\",\"urlTemplate\":\"https:\\\/\\\/laboratoriobioclinic.cr\\\/es\\\/?s={search_term_string}\"},\"query-input\":{\"@type\":\"PropertyValueSpecification\",\"valueRequired\":true,\"valueName\":\"search_term_string\"}}],\"inLanguage\":\"es\"},{\"@type\":\"Person\",\"@id\":\"https:\\\/\\\/laboratoriobioclinic.cr\\\/es\\\/#\\\/schema\\\/person\\\/22388802b822cf3b3ff7019581c95721\",\"name\":\"V\u00edctor Hern\u00e1ndez\",\"image\":{\"@type\":\"ImageObject\",\"inLanguage\":\"es\",\"@id\":\"https:\\\/\\\/secure.gravatar.com\\\/avatar\\\/df86c8d5b329d3be6dc959b83558672fb6ce1002eb345c198ef5458738b7ce88?s=96&d=mm&r=g\",\"url\":\"https:\\\/\\\/secure.gravatar.com\\\/avatar\\\/df86c8d5b329d3be6dc959b83558672fb6ce1002eb345c198ef5458738b7ce88?s=96&d=mm&r=g\",\"contentUrl\":\"https:\\\/\\\/secure.gravatar.com\\\/avatar\\\/df86c8d5b329d3be6dc959b83558672fb6ce1002eb345c198ef5458738b7ce88?s=96&d=mm&r=g\",\"caption\":\"V\u00edctor Hern\u00e1ndez\"},\"url\":\"https:\\\/\\\/laboratoriobioclinic.cr\\\/es\\\/author\\\/victor\\\/\"}]}<\/script>\n<!-- \/ Yoast SEO plugin. -->","yoast_head_json":{"title":"D\u00eda Mundial de la Tuberculosis en Costa Rica 2025 - Laboratorio Bioclinic","description":"Descubre la importancia del D\u00eda Mundial de la Tuberculosis y la situaci\u00f3n actual en Costa Rica. \u00a1Inf\u00f3rmate y ayuda a prevenir la enfermedad!","robots":{"index":"index","follow":"follow","max-snippet":"max-snippet:-1","max-image-preview":"max-image-preview:large","max-video-preview":"max-video-preview:-1"},"canonical":"https:\/\/www.laboratoriobioclinic.cr\/es\/blog-es\/dia-mundial-tuberculosis-costa-rica\/","og_locale":"es_ES","og_type":"article","og_title":"D\u00eda Mundial de la Tuberculosis en Costa Rica 2025 - Laboratorio Bioclinic","og_description":"Descubre la importancia del D\u00eda Mundial de la Tuberculosis y la situaci\u00f3n actual en Costa Rica. \u00a1Inf\u00f3rmate y ayuda a prevenir la enfermedad!","og_url":"https:\/\/www.laboratoriobioclinic.cr\/es\/blog-es\/dia-mundial-tuberculosis-costa-rica\/","og_site_name":"Laboratorio Bioclinic","article_published_time":"2025-03-21T16:00:49+00:00","article_modified_time":"2025-03-21T16:01:45+00:00","og_image":[{"width":850,"height":300,"url":"https:\/\/www.laboratoriobioclinic.cr\/wp-content\/uploads\/2025\/03\/Dia-Mundial-de-la-Tuberculosis-Prevencion-y-Realidad-en-Costa-Rica-Laboratorio-Bioclinic.png","type":"image\/png"}],"author":"V\u00edctor Hern\u00e1ndez","twitter_card":"summary_large_image","twitter_misc":{"Escrito por":"V\u00edctor Hern\u00e1ndez","Tiempo de lectura":"4 minutos"},"schema":{"@context":"https:\/\/schema.org","@graph":[{"@type":"Article","@id":"https:\/\/www.laboratoriobioclinic.cr\/es\/blog-es\/dia-mundial-tuberculosis-costa-rica\/#article","isPartOf":{"@id":"https:\/\/www.laboratoriobioclinic.cr\/es\/blog-es\/dia-mundial-tuberculosis-costa-rica\/"},"author":{"name":"V\u00edctor Hern\u00e1ndez","@id":"https:\/\/laboratoriobioclinic.cr\/es\/#\/schema\/person\/22388802b822cf3b3ff7019581c95721"},"headline":"D\u00eda Mundial de la Tuberculosis en Costa Rica: Prevenci\u00f3n y Diagn\u00f3stico","datePublished":"2025-03-21T16:00:49+00:00","dateModified":"2025-03-21T16:01:45+00:00","mainEntityOfPage":{"@id":"https:\/\/www.laboratoriobioclinic.cr\/es\/blog-es\/dia-mundial-tuberculosis-costa-rica\/"},"wordCount":835,"commentCount":0,"image":{"@id":"https:\/\/www.laboratoriobioclinic.cr\/es\/blog-es\/dia-mundial-tuberculosis-costa-rica\/#primaryimage"},"thumbnailUrl":"https:\/\/laboratoriobioclinic.cr\/wp-content\/uploads\/2025\/03\/Dia-Mundial-de-la-Tuberculosis-Prevencion-y-Realidad-en-Costa-Rica-Laboratorio-Bioclinic.png","keywords":["costa rica","D\u00eda Mundial","diagn\u00f3stico","incidencia","Mycobacterium tuberculosis","prevenci\u00f3n","salud","s\u00edntomas","tratamiento","tuberculosis"],"articleSection":["Blog ES"],"inLanguage":"es","potentialAction":[{"@type":"CommentAction","name":"Comment","target":["https:\/\/www.laboratoriobioclinic.cr\/es\/blog-es\/dia-mundial-tuberculosis-costa-rica\/#respond"]}]},{"@type":"WebPage","@id":"https:\/\/www.laboratoriobioclinic.cr\/es\/blog-es\/dia-mundial-tuberculosis-costa-rica\/","url":"https:\/\/www.laboratoriobioclinic.cr\/es\/blog-es\/dia-mundial-tuberculosis-costa-rica\/","name":"D\u00eda Mundial de la Tuberculosis en Costa Rica 2025 - Laboratorio Bioclinic","isPartOf":{"@id":"https:\/\/laboratoriobioclinic.cr\/es\/#website"},"primaryImageOfPage":{"@id":"https:\/\/www.laboratoriobioclinic.cr\/es\/blog-es\/dia-mundial-tuberculosis-costa-rica\/#primaryimage"},"image":{"@id":"https:\/\/www.laboratoriobioclinic.cr\/es\/blog-es\/dia-mundial-tuberculosis-costa-rica\/#primaryimage"},"thumbnailUrl":"https:\/\/laboratoriobioclinic.cr\/wp-content\/uploads\/2025\/03\/Dia-Mundial-de-la-Tuberculosis-Prevencion-y-Realidad-en-Costa-Rica-Laboratorio-Bioclinic.png","datePublished":"2025-03-21T16:00:49+00:00","dateModified":"2025-03-21T16:01:45+00:00","author":{"@id":"https:\/\/laboratoriobioclinic.cr\/es\/#\/schema\/person\/22388802b822cf3b3ff7019581c95721"},"description":"Descubre la importancia del D\u00eda Mundial de la Tuberculosis y la situaci\u00f3n actual en Costa Rica. \u00a1Inf\u00f3rmate y ayuda a prevenir la enfermedad!","inLanguage":"es","potentialAction":[{"@type":"ReadAction","target":["https:\/\/www.laboratoriobioclinic.cr\/es\/blog-es\/dia-mundial-tuberculosis-costa-rica\/"]}]},{"@type":"ImageObject","inLanguage":"es","@id":"https:\/\/www.laboratoriobioclinic.cr\/es\/blog-es\/dia-mundial-tuberculosis-costa-rica\/#primaryimage","url":"https:\/\/laboratoriobioclinic.cr\/wp-content\/uploads\/2025\/03\/Dia-Mundial-de-la-Tuberculosis-Prevencion-y-Realidad-en-Costa-Rica-Laboratorio-Bioclinic.png","contentUrl":"https:\/\/laboratoriobioclinic.cr\/wp-content\/uploads\/2025\/03\/Dia-Mundial-de-la-Tuberculosis-Prevencion-y-Realidad-en-Costa-Rica-Laboratorio-Bioclinic.png","width":850,"height":300,"caption":"D\u00eda Mundial de la Tuberculosis"},{"@type":"WebSite","@id":"https:\/\/laboratoriobioclinic.cr\/es\/#website","url":"https:\/\/laboratoriobioclinic.cr\/es\/","name":"Laboratorio Bioclinic","description":"An\u00e1lisis cl\u00ednicos | Puerto Viejo | Lim\u00f3n","potentialAction":[{"@type":"SearchAction","target":{"@type":"EntryPoint","urlTemplate":"https:\/\/laboratoriobioclinic.cr\/es\/?s={search_term_string}"},"query-input":{"@type":"PropertyValueSpecification","valueRequired":true,"valueName":"search_term_string"}}],"inLanguage":"es"},{"@type":"Person","@id":"https:\/\/laboratoriobioclinic.cr\/es\/#\/schema\/person\/22388802b822cf3b3ff7019581c95721","name":"V\u00edctor Hern\u00e1ndez","image":{"@type":"ImageObject","inLanguage":"es","@id":"https:\/\/secure.gravatar.com\/avatar\/df86c8d5b329d3be6dc959b83558672fb6ce1002eb345c198ef5458738b7ce88?s=96&d=mm&r=g","url":"https:\/\/secure.gravatar.com\/avatar\/df86c8d5b329d3be6dc959b83558672fb6ce1002eb345c198ef5458738b7ce88?s=96&d=mm&r=g","contentUrl":"https:\/\/secure.gravatar.com\/avatar\/df86c8d5b329d3be6dc959b83558672fb6ce1002eb345c198ef5458738b7ce88?s=96&d=mm&r=g","caption":"V\u00edctor Hern\u00e1ndez"},"url":"https:\/\/laboratoriobioclinic.cr\/es\/author\/victor\/"}]}},"_links":{"self":[{"href":"https:\/\/laboratoriobioclinic.cr\/es\/wp-json\/wp\/v2\/posts\/1072","targetHints":{"allow":["GET"]}}],"collection":[{"href":"https:\/\/laboratoriobioclinic.cr\/es\/wp-json\/wp\/v2\/posts"}],"about":[{"href":"https:\/\/laboratoriobioclinic.cr\/es\/wp-json\/wp\/v2\/types\/post"}],"author":[{"embeddable":true,"href":"https:\/\/laboratoriobioclinic.cr\/es\/wp-json\/wp\/v2\/users\/2"}],"replies":[{"embeddable":true,"href":"https:\/\/laboratoriobioclinic.cr\/es\/wp-json\/wp\/v2\/comments?post=1072"}],"version-history":[{"count":3,"href":"https:\/\/laboratoriobioclinic.cr\/es\/wp-json\/wp\/v2\/posts\/1072\/revisions"}],"predecessor-version":[{"id":1091,"href":"https:\/\/laboratoriobioclinic.cr\/es\/wp-json\/wp\/v2\/posts\/1072\/revisions\/1091"}],"wp:featuredmedia":[{"embeddable":true,"href":"https:\/\/laboratoriobioclinic.cr\/es\/wp-json\/wp\/v2\/media\/1074"}],"wp:attachment":[{"href":"https:\/\/laboratoriobioclinic.cr\/es\/wp-json\/wp\/v2\/media?parent=1072"}],"wp:term":[{"taxonomy":"category","embeddable":true,"href":"https:\/\/laboratoriobioclinic.cr\/es\/wp-json\/wp\/v2\/categories?post=1072"},{"taxonomy":"post_tag","embeddable":true,"href":"https:\/\/laboratoriobioclinic.cr\/es\/wp-json\/wp\/v2\/tags?post=1072"}],"curies":[{"name":"wp","href":"https:\/\/api.w.org\/{rel}","templated":true}]}}