{"id":1045,"date":"2025-01-27T08:08:18","date_gmt":"2025-01-27T14:08:18","guid":{"rendered":"https:\/\/laboratoriobioclinic.cr\/?p=1045"},"modified":"2025-01-27T08:15:24","modified_gmt":"2025-01-27T14:15:24","slug":"dia-mundial-enfermedades-tropicales-costa-rica","status":"publish","type":"post","link":"https:\/\/laboratoriobioclinic.cr\/es\/blog-es\/dia-mundial-enfermedades-tropicales-costa-rica\/","title":{"rendered":"D\u00eda Mundial de las Enfermedades Tropicales en Costa Rica"},"content":{"rendered":"<h2>Principales enfermedades tropicales en el pa\u00eds y su prevenci\u00f3n<\/h2>\n<p>El 30 de enero se conmemora el <strong><a href=\"https:\/\/www.who.int\/es\/campaigns\/world-ntd-day#:~:text=D%C3%ADa%20Mundial%20de%20las%20Enfermedades%20Tropicales%20Desatendidas%20%E2%80%93%2030%20de%20enero,de%20las%20Enfermedades%20Tropicales%20Desatendidas.\">D\u00eda Mundial de las Enfermedades Tropicales Desatendidas<\/a> (ETD)<\/strong>, una iniciativa de la Organizaci\u00f3n Mundial de la Salud (OMS). \u00c9sta\u00a0 busca sensibilizar sobre el impacto de estas enfermedades en las poblaciones m\u00e1s vulnerables y promover acciones para su control y eliminaci\u00f3n.<\/p>\n<p>Costa Rica, por su ubicaci\u00f3n geogr\u00e1fica y <a href=\"https:\/\/laboratoriobioclinic.cr\/blog-es\/enfermedades-respiratorias-ciclo-lluvioso\/\">clima tropical con lluvias altamente frecuentes<\/a>, es propensa a diversas ETD. Entre las m\u00e1s prevalentes se encuentran:<\/p>\n<ul>\n<li><strong>Dengue<\/strong>: Que se transmite por el mosquito <em>Aedes aegypti<\/em>, el <a href=\"https:\/\/laboratoriobioclinic.cr\/blog-es\/dengue-en-el-caribe-de-costa-rica\/\">dengue es una enfermedad viral<\/a> que es end\u00e9mica en Costa Rica desde su introducci\u00f3n en 1993. Estudios han demostrado una correlaci\u00f3n entre la incidencia del dengue y variables clim\u00e1ticas y ambientales. Esto resalta la <a href=\"https:\/\/arxiv.org\/abs\/2301.02286?\">importancia de la vigilancia epidemiol\u00f3gica<\/a> y el control de vectores.<\/li>\n<li><strong>Leishmaniasis<\/strong>: Causada por protozoos del g\u00e9nero <em>Leishmania<\/em>, esta enfermedad es transmitida por la picadura de fleb\u00f3tomos infectados. En Costa Rica, la leishmaniasis cut\u00e1nea es una de las <a href=\"https:\/\/www.inciensa.sa.cr\/vigilancia_epidemiologica\/informes_vigilancia\/2023\/CNR_Parasitologia\/Informe%20Epidemiologico_Leish_2022-firmado.pdf?\">diez enfermedades de notificaci\u00f3n obligatoria m\u00e1s frecuentes<\/a>, con una incidencia significativa en \u00e1reas rurales.<\/li>\n<li><strong>Chagas<\/strong>: Aunque menos com\u00fan, la enfermedad de Chagas, transmitida por insectos triatominos, representa un riesgo en ciertas zonas del pa\u00eds. La detecci\u00f3n temprana y el tratamiento adecuado son esenciales para prevenir complicaciones cr\u00f3nicas.<\/li>\n<\/ul>\n<p>Para abordar estas enfermedades, Costa Rica cuenta con instituciones dedicadas a la investigaci\u00f3n y control de las ETD. El <a href=\"https:\/\/ciet.ucr.ac.cr\/sobre-el-ciet?\"><strong>Centro de Investigaci\u00f3n en Enfermedades Tropicales (CIET)<\/strong><\/a> de la Universidad de Costa Rica se dedica al estudio de estas patolog\u00edas. El ente desarrolla programas multidisciplinarios para ampliar el conocimiento y buscar soluciones para su control.<\/p>\n<p>Adem\u00e1s, el pa\u00eds participa activamente en iniciativas regionales y globales para la prevenci\u00f3n y control de las ETD. La <strong>Organizaci\u00f3n Panamericana de la Salud (OPS)<\/strong> insta a los gobiernos a implementar acciones de salud integrales y comunitarias para eliminar estas enfermedades.<\/p>\n<p>En el contexto del cambio clim\u00e1tico, estudios en Cuajiniquil, Guanacaste, analizan el impacto de las variaciones ambientales en la salud. Estos estudios eval\u00faan c\u00f3mo los cambios en el clima afectan la incidencia de enfermedades transmitidas por vectores como el dengue y la fiebre amarilla. Los mismos <a href=\"https:\/\/radiozurqui.org\/nacionales\/cambio-climatico-y-enfermedades-tropicales-bajo-estudio-en-cuajiniquil\/\">estudios son fundamentales<\/a> para adaptar las estrategias de prevenci\u00f3n y control en el pa\u00eds.<\/p>\n<p>La conmemoraci\u00f3n del D\u00eda Mundial de las Enfermedades Tropicales nos invita a reflexionar sobre la importancia de la prevenci\u00f3n. El diagn\u00f3stico temprano y el tratamiento adecuado son clave para controlar estas enfermedades en Costa Rica.<\/p>\n<p>La colaboraci\u00f3n entre instituciones de salud, comunidades y organismos internacionales ayuda a mejorar la calidad de vida de las poblaciones afectadas. Laboratorio Bioclinic, como expertos en microbiolog\u00eda, reafirma su compromiso con el <a href=\"https:\/\/laboratoriobioclinic.cr\/blog-es\/porqu%c3%a9-es-importante-controlar-su-salud-en-un-laboratorio-cl%c3%adnico\/\">diagn\u00f3stico de alta calidad<\/a>. Adem\u00e1s, seguimos contribuyendo con informaci\u00f3n relevante para la prevenci\u00f3n y control de las enfermedades tropicales en Costa Rica durante el 2025.<\/p>\n","protected":false},"excerpt":{"rendered":"<p>Principales enfermedades tropicales en el pa\u00eds y su prevenci\u00f3n El 30 de enero se conmemora el D\u00eda Mundial de las Enfermedades Tropicales Desatendidas (ETD), una iniciativa de la Organizaci\u00f3n Mundial de la Salud (OMS). \u00c9sta\u00a0 busca sensibilizar sobre el impacto de estas enfermedades en las poblaciones m\u00e1s vulnerables y promover acciones para su control y [&hellip;]<\/p>\n","protected":false},"author":2,"featured_media":1046,"comment_status":"open","ping_status":"open","sticky":false,"template":"","format":"standard","meta":{"footnotes":""},"categories":[15],"tags":[577,816,43,279,814,48,498,815,72,54,813],"class_list":["post-1045","post","type-post","status-publish","format-standard","has-post-thumbnail","hentry","category-blog-es","tag-anlisis-clnicos","tag-chagas","tag-costa-rica","tag-dengue","tag-enfermedades-tropicales","tag-laboratorio-bioclinic","tag-laboratorios","tag-leishmaniasis","tag-oms","tag-prevencin","tag-salud-pblica"],"yoast_head":"<!-- This site is optimized with the Yoast SEO plugin v27.5 - https:\/\/yoast.com\/product\/yoast-seo-wordpress\/ -->\n<title>D\u00eda Mundial de las Enfermedades Tropicales CR - Laboratorio Bioclinic<\/title>\n<meta name=\"description\" content=\"Descubre el impacto de las enfermedades tropicales en Costa Rica y las acciones para su prevenci\u00f3n en este D\u00eda Mundial.\" \/>\n<meta name=\"robots\" content=\"index, follow, max-snippet:-1, max-image-preview:large, max-video-preview:-1\" \/>\n<link rel=\"canonical\" href=\"https:\/\/www.laboratoriobioclinic.cr\/en\/blog-es\/dia-mundial-enfermedades-tropicales-costa-rica\/\" \/>\n<meta property=\"og:locale\" content=\"es_ES\" \/>\n<meta property=\"og:type\" content=\"article\" \/>\n<meta property=\"og:title\" content=\"D\u00eda Mundial de las Enfermedades Tropicales CR - Laboratorio Bioclinic\" \/>\n<meta property=\"og:description\" content=\"Descubre el impacto de las enfermedades tropicales en Costa Rica y las acciones para su prevenci\u00f3n en este D\u00eda Mundial.\" \/>\n<meta property=\"og:url\" content=\"https:\/\/www.laboratoriobioclinic.cr\/en\/blog-es\/dia-mundial-enfermedades-tropicales-costa-rica\/\" \/>\n<meta property=\"og:site_name\" content=\"Laboratorio Bioclinic\" \/>\n<meta property=\"article:published_time\" content=\"2025-01-27T14:08:18+00:00\" \/>\n<meta property=\"article:modified_time\" content=\"2025-01-27T14:15:24+00:00\" \/>\n<meta property=\"og:image\" content=\"https:\/\/www.laboratoriobioclinic.cr\/wp-content\/uploads\/2025\/01\/Dia-Mundial-de-las-Enfermedades-Tropicales-en-Costa-Rica-Laboratorio-Bioclinic.png\" \/>\n\t<meta property=\"og:image:width\" content=\"850\" \/>\n\t<meta property=\"og:image:height\" content=\"300\" \/>\n\t<meta property=\"og:image:type\" content=\"image\/png\" \/>\n<meta name=\"author\" content=\"V\u00edctor Hern\u00e1ndez\" \/>\n<meta name=\"twitter:card\" content=\"summary_large_image\" \/>\n<meta name=\"twitter:label1\" content=\"Escrito por\" \/>\n\t<meta name=\"twitter:data1\" content=\"V\u00edctor Hern\u00e1ndez\" \/>\n\t<meta name=\"twitter:label2\" content=\"Tiempo de lectura\" \/>\n\t<meta name=\"twitter:data2\" content=\"3 minutos\" \/>\n<script type=\"application\/ld+json\" class=\"yoast-schema-graph\">{\"@context\":\"https:\\\/\\\/schema.org\",\"@graph\":[{\"@type\":\"Article\",\"@id\":\"https:\\\/\\\/www.laboratoriobioclinic.cr\\\/en\\\/blog-es\\\/dia-mundial-enfermedades-tropicales-costa-rica\\\/#article\",\"isPartOf\":{\"@id\":\"https:\\\/\\\/www.laboratoriobioclinic.cr\\\/en\\\/blog-es\\\/dia-mundial-enfermedades-tropicales-costa-rica\\\/\"},\"author\":{\"name\":\"V\u00edctor Hern\u00e1ndez\",\"@id\":\"https:\\\/\\\/laboratoriobioclinic.cr\\\/es\\\/#\\\/schema\\\/person\\\/22388802b822cf3b3ff7019581c95721\"},\"headline\":\"D\u00eda Mundial de las Enfermedades Tropicales en Costa Rica\",\"datePublished\":\"2025-01-27T14:08:18+00:00\",\"dateModified\":\"2025-01-27T14:15:24+00:00\",\"mainEntityOfPage\":{\"@id\":\"https:\\\/\\\/www.laboratoriobioclinic.cr\\\/en\\\/blog-es\\\/dia-mundial-enfermedades-tropicales-costa-rica\\\/\"},\"wordCount\":507,\"commentCount\":0,\"image\":{\"@id\":\"https:\\\/\\\/www.laboratoriobioclinic.cr\\\/en\\\/blog-es\\\/dia-mundial-enfermedades-tropicales-costa-rica\\\/#primaryimage\"},\"thumbnailUrl\":\"https:\\\/\\\/laboratoriobioclinic.cr\\\/wp-content\\\/uploads\\\/2025\\\/01\\\/Dia-Mundial-de-las-Enfermedades-Tropicales-en-Costa-Rica-Laboratorio-Bioclinic.png\",\"keywords\":[\"an\u00e1lisis cl\u00ednicos\",\"Chagas\",\"costa rica\",\"dengue\",\"enfermedades tropicales\",\"laboratorio bioclinic\",\"laboratorios\",\"leishmaniasis\",\"OMS\",\"prevenci\u00f3n\",\"salud p\u00fablica\"],\"articleSection\":[\"Blog ES\"],\"inLanguage\":\"es\",\"potentialAction\":[{\"@type\":\"CommentAction\",\"name\":\"Comment\",\"target\":[\"https:\\\/\\\/www.laboratoriobioclinic.cr\\\/en\\\/blog-es\\\/dia-mundial-enfermedades-tropicales-costa-rica\\\/#respond\"]}]},{\"@type\":\"WebPage\",\"@id\":\"https:\\\/\\\/www.laboratoriobioclinic.cr\\\/en\\\/blog-es\\\/dia-mundial-enfermedades-tropicales-costa-rica\\\/\",\"url\":\"https:\\\/\\\/www.laboratoriobioclinic.cr\\\/en\\\/blog-es\\\/dia-mundial-enfermedades-tropicales-costa-rica\\\/\",\"name\":\"D\u00eda Mundial de las Enfermedades Tropicales CR - Laboratorio Bioclinic\",\"isPartOf\":{\"@id\":\"https:\\\/\\\/laboratoriobioclinic.cr\\\/es\\\/#website\"},\"primaryImageOfPage\":{\"@id\":\"https:\\\/\\\/www.laboratoriobioclinic.cr\\\/en\\\/blog-es\\\/dia-mundial-enfermedades-tropicales-costa-rica\\\/#primaryimage\"},\"image\":{\"@id\":\"https:\\\/\\\/www.laboratoriobioclinic.cr\\\/en\\\/blog-es\\\/dia-mundial-enfermedades-tropicales-costa-rica\\\/#primaryimage\"},\"thumbnailUrl\":\"https:\\\/\\\/laboratoriobioclinic.cr\\\/wp-content\\\/uploads\\\/2025\\\/01\\\/Dia-Mundial-de-las-Enfermedades-Tropicales-en-Costa-Rica-Laboratorio-Bioclinic.png\",\"datePublished\":\"2025-01-27T14:08:18+00:00\",\"dateModified\":\"2025-01-27T14:15:24+00:00\",\"author\":{\"@id\":\"https:\\\/\\\/laboratoriobioclinic.cr\\\/es\\\/#\\\/schema\\\/person\\\/22388802b822cf3b3ff7019581c95721\"},\"description\":\"Descubre el impacto de las enfermedades tropicales en Costa Rica y las acciones para su prevenci\u00f3n en este D\u00eda Mundial.\",\"inLanguage\":\"es\",\"potentialAction\":[{\"@type\":\"ReadAction\",\"target\":[\"https:\\\/\\\/www.laboratoriobioclinic.cr\\\/en\\\/blog-es\\\/dia-mundial-enfermedades-tropicales-costa-rica\\\/\"]}]},{\"@type\":\"ImageObject\",\"inLanguage\":\"es\",\"@id\":\"https:\\\/\\\/www.laboratoriobioclinic.cr\\\/en\\\/blog-es\\\/dia-mundial-enfermedades-tropicales-costa-rica\\\/#primaryimage\",\"url\":\"https:\\\/\\\/laboratoriobioclinic.cr\\\/wp-content\\\/uploads\\\/2025\\\/01\\\/Dia-Mundial-de-las-Enfermedades-Tropicales-en-Costa-Rica-Laboratorio-Bioclinic.png\",\"contentUrl\":\"https:\\\/\\\/laboratoriobioclinic.cr\\\/wp-content\\\/uploads\\\/2025\\\/01\\\/Dia-Mundial-de-las-Enfermedades-Tropicales-en-Costa-Rica-Laboratorio-Bioclinic.png\",\"width\":850,\"height\":300,\"caption\":\"D\u00eda Mundial Enfermedades Tropicales\"},{\"@type\":\"WebSite\",\"@id\":\"https:\\\/\\\/laboratoriobioclinic.cr\\\/es\\\/#website\",\"url\":\"https:\\\/\\\/laboratoriobioclinic.cr\\\/es\\\/\",\"name\":\"Laboratorio Bioclinic\",\"description\":\"An\u00e1lisis cl\u00ednicos | Puerto Viejo | Lim\u00f3n\",\"potentialAction\":[{\"@type\":\"SearchAction\",\"target\":{\"@type\":\"EntryPoint\",\"urlTemplate\":\"https:\\\/\\\/laboratoriobioclinic.cr\\\/es\\\/?s={search_term_string}\"},\"query-input\":{\"@type\":\"PropertyValueSpecification\",\"valueRequired\":true,\"valueName\":\"search_term_string\"}}],\"inLanguage\":\"es\"},{\"@type\":\"Person\",\"@id\":\"https:\\\/\\\/laboratoriobioclinic.cr\\\/es\\\/#\\\/schema\\\/person\\\/22388802b822cf3b3ff7019581c95721\",\"name\":\"V\u00edctor Hern\u00e1ndez\",\"image\":{\"@type\":\"ImageObject\",\"inLanguage\":\"es\",\"@id\":\"https:\\\/\\\/secure.gravatar.com\\\/avatar\\\/df86c8d5b329d3be6dc959b83558672fb6ce1002eb345c198ef5458738b7ce88?s=96&d=mm&r=g\",\"url\":\"https:\\\/\\\/secure.gravatar.com\\\/avatar\\\/df86c8d5b329d3be6dc959b83558672fb6ce1002eb345c198ef5458738b7ce88?s=96&d=mm&r=g\",\"contentUrl\":\"https:\\\/\\\/secure.gravatar.com\\\/avatar\\\/df86c8d5b329d3be6dc959b83558672fb6ce1002eb345c198ef5458738b7ce88?s=96&d=mm&r=g\",\"caption\":\"V\u00edctor Hern\u00e1ndez\"},\"url\":\"https:\\\/\\\/laboratoriobioclinic.cr\\\/es\\\/author\\\/victor\\\/\"}]}<\/script>\n<!-- \/ Yoast SEO plugin. -->","yoast_head_json":{"title":"D\u00eda Mundial de las Enfermedades Tropicales CR - Laboratorio Bioclinic","description":"Descubre el impacto de las enfermedades tropicales en Costa Rica y las acciones para su prevenci\u00f3n en este D\u00eda Mundial.","robots":{"index":"index","follow":"follow","max-snippet":"max-snippet:-1","max-image-preview":"max-image-preview:large","max-video-preview":"max-video-preview:-1"},"canonical":"https:\/\/www.laboratoriobioclinic.cr\/en\/blog-es\/dia-mundial-enfermedades-tropicales-costa-rica\/","og_locale":"es_ES","og_type":"article","og_title":"D\u00eda Mundial de las Enfermedades Tropicales CR - Laboratorio Bioclinic","og_description":"Descubre el impacto de las enfermedades tropicales en Costa Rica y las acciones para su prevenci\u00f3n en este D\u00eda Mundial.","og_url":"https:\/\/www.laboratoriobioclinic.cr\/en\/blog-es\/dia-mundial-enfermedades-tropicales-costa-rica\/","og_site_name":"Laboratorio Bioclinic","article_published_time":"2025-01-27T14:08:18+00:00","article_modified_time":"2025-01-27T14:15:24+00:00","og_image":[{"width":850,"height":300,"url":"https:\/\/www.laboratoriobioclinic.cr\/wp-content\/uploads\/2025\/01\/Dia-Mundial-de-las-Enfermedades-Tropicales-en-Costa-Rica-Laboratorio-Bioclinic.png","type":"image\/png"}],"author":"V\u00edctor Hern\u00e1ndez","twitter_card":"summary_large_image","twitter_misc":{"Escrito por":"V\u00edctor Hern\u00e1ndez","Tiempo de lectura":"3 minutos"},"schema":{"@context":"https:\/\/schema.org","@graph":[{"@type":"Article","@id":"https:\/\/www.laboratoriobioclinic.cr\/en\/blog-es\/dia-mundial-enfermedades-tropicales-costa-rica\/#article","isPartOf":{"@id":"https:\/\/www.laboratoriobioclinic.cr\/en\/blog-es\/dia-mundial-enfermedades-tropicales-costa-rica\/"},"author":{"name":"V\u00edctor Hern\u00e1ndez","@id":"https:\/\/laboratoriobioclinic.cr\/es\/#\/schema\/person\/22388802b822cf3b3ff7019581c95721"},"headline":"D\u00eda Mundial de las Enfermedades Tropicales en Costa Rica","datePublished":"2025-01-27T14:08:18+00:00","dateModified":"2025-01-27T14:15:24+00:00","mainEntityOfPage":{"@id":"https:\/\/www.laboratoriobioclinic.cr\/en\/blog-es\/dia-mundial-enfermedades-tropicales-costa-rica\/"},"wordCount":507,"commentCount":0,"image":{"@id":"https:\/\/www.laboratoriobioclinic.cr\/en\/blog-es\/dia-mundial-enfermedades-tropicales-costa-rica\/#primaryimage"},"thumbnailUrl":"https:\/\/laboratoriobioclinic.cr\/wp-content\/uploads\/2025\/01\/Dia-Mundial-de-las-Enfermedades-Tropicales-en-Costa-Rica-Laboratorio-Bioclinic.png","keywords":["an\u00e1lisis cl\u00ednicos","Chagas","costa rica","dengue","enfermedades tropicales","laboratorio bioclinic","laboratorios","leishmaniasis","OMS","prevenci\u00f3n","salud p\u00fablica"],"articleSection":["Blog ES"],"inLanguage":"es","potentialAction":[{"@type":"CommentAction","name":"Comment","target":["https:\/\/www.laboratoriobioclinic.cr\/en\/blog-es\/dia-mundial-enfermedades-tropicales-costa-rica\/#respond"]}]},{"@type":"WebPage","@id":"https:\/\/www.laboratoriobioclinic.cr\/en\/blog-es\/dia-mundial-enfermedades-tropicales-costa-rica\/","url":"https:\/\/www.laboratoriobioclinic.cr\/en\/blog-es\/dia-mundial-enfermedades-tropicales-costa-rica\/","name":"D\u00eda Mundial de las Enfermedades Tropicales CR - Laboratorio Bioclinic","isPartOf":{"@id":"https:\/\/laboratoriobioclinic.cr\/es\/#website"},"primaryImageOfPage":{"@id":"https:\/\/www.laboratoriobioclinic.cr\/en\/blog-es\/dia-mundial-enfermedades-tropicales-costa-rica\/#primaryimage"},"image":{"@id":"https:\/\/www.laboratoriobioclinic.cr\/en\/blog-es\/dia-mundial-enfermedades-tropicales-costa-rica\/#primaryimage"},"thumbnailUrl":"https:\/\/laboratoriobioclinic.cr\/wp-content\/uploads\/2025\/01\/Dia-Mundial-de-las-Enfermedades-Tropicales-en-Costa-Rica-Laboratorio-Bioclinic.png","datePublished":"2025-01-27T14:08:18+00:00","dateModified":"2025-01-27T14:15:24+00:00","author":{"@id":"https:\/\/laboratoriobioclinic.cr\/es\/#\/schema\/person\/22388802b822cf3b3ff7019581c95721"},"description":"Descubre el impacto de las enfermedades tropicales en Costa Rica y las acciones para su prevenci\u00f3n en este D\u00eda Mundial.","inLanguage":"es","potentialAction":[{"@type":"ReadAction","target":["https:\/\/www.laboratoriobioclinic.cr\/en\/blog-es\/dia-mundial-enfermedades-tropicales-costa-rica\/"]}]},{"@type":"ImageObject","inLanguage":"es","@id":"https:\/\/www.laboratoriobioclinic.cr\/en\/blog-es\/dia-mundial-enfermedades-tropicales-costa-rica\/#primaryimage","url":"https:\/\/laboratoriobioclinic.cr\/wp-content\/uploads\/2025\/01\/Dia-Mundial-de-las-Enfermedades-Tropicales-en-Costa-Rica-Laboratorio-Bioclinic.png","contentUrl":"https:\/\/laboratoriobioclinic.cr\/wp-content\/uploads\/2025\/01\/Dia-Mundial-de-las-Enfermedades-Tropicales-en-Costa-Rica-Laboratorio-Bioclinic.png","width":850,"height":300,"caption":"D\u00eda Mundial Enfermedades Tropicales"},{"@type":"WebSite","@id":"https:\/\/laboratoriobioclinic.cr\/es\/#website","url":"https:\/\/laboratoriobioclinic.cr\/es\/","name":"Laboratorio Bioclinic","description":"An\u00e1lisis cl\u00ednicos | Puerto Viejo | Lim\u00f3n","potentialAction":[{"@type":"SearchAction","target":{"@type":"EntryPoint","urlTemplate":"https:\/\/laboratoriobioclinic.cr\/es\/?s={search_term_string}"},"query-input":{"@type":"PropertyValueSpecification","valueRequired":true,"valueName":"search_term_string"}}],"inLanguage":"es"},{"@type":"Person","@id":"https:\/\/laboratoriobioclinic.cr\/es\/#\/schema\/person\/22388802b822cf3b3ff7019581c95721","name":"V\u00edctor Hern\u00e1ndez","image":{"@type":"ImageObject","inLanguage":"es","@id":"https:\/\/secure.gravatar.com\/avatar\/df86c8d5b329d3be6dc959b83558672fb6ce1002eb345c198ef5458738b7ce88?s=96&d=mm&r=g","url":"https:\/\/secure.gravatar.com\/avatar\/df86c8d5b329d3be6dc959b83558672fb6ce1002eb345c198ef5458738b7ce88?s=96&d=mm&r=g","contentUrl":"https:\/\/secure.gravatar.com\/avatar\/df86c8d5b329d3be6dc959b83558672fb6ce1002eb345c198ef5458738b7ce88?s=96&d=mm&r=g","caption":"V\u00edctor Hern\u00e1ndez"},"url":"https:\/\/laboratoriobioclinic.cr\/es\/author\/victor\/"}]}},"_links":{"self":[{"href":"https:\/\/laboratoriobioclinic.cr\/es\/wp-json\/wp\/v2\/posts\/1045","targetHints":{"allow":["GET"]}}],"collection":[{"href":"https:\/\/laboratoriobioclinic.cr\/es\/wp-json\/wp\/v2\/posts"}],"about":[{"href":"https:\/\/laboratoriobioclinic.cr\/es\/wp-json\/wp\/v2\/types\/post"}],"author":[{"embeddable":true,"href":"https:\/\/laboratoriobioclinic.cr\/es\/wp-json\/wp\/v2\/users\/2"}],"replies":[{"embeddable":true,"href":"https:\/\/laboratoriobioclinic.cr\/es\/wp-json\/wp\/v2\/comments?post=1045"}],"version-history":[{"count":4,"href":"https:\/\/laboratoriobioclinic.cr\/es\/wp-json\/wp\/v2\/posts\/1045\/revisions"}],"predecessor-version":[{"id":1058,"href":"https:\/\/laboratoriobioclinic.cr\/es\/wp-json\/wp\/v2\/posts\/1045\/revisions\/1058"}],"wp:featuredmedia":[{"embeddable":true,"href":"https:\/\/laboratoriobioclinic.cr\/es\/wp-json\/wp\/v2\/media\/1046"}],"wp:attachment":[{"href":"https:\/\/laboratoriobioclinic.cr\/es\/wp-json\/wp\/v2\/media?parent=1045"}],"wp:term":[{"taxonomy":"category","embeddable":true,"href":"https:\/\/laboratoriobioclinic.cr\/es\/wp-json\/wp\/v2\/categories?post=1045"},{"taxonomy":"post_tag","embeddable":true,"href":"https:\/\/laboratoriobioclinic.cr\/es\/wp-json\/wp\/v2\/tags?post=1045"}],"curies":[{"name":"wp","href":"https:\/\/api.w.org\/{rel}","templated":true}]}}