{"id":1004,"date":"2024-11-29T09:54:21","date_gmt":"2024-11-29T15:54:21","guid":{"rendered":"https:\/\/laboratoriobioclinic.cr\/?p=1004"},"modified":"2024-11-29T09:54:21","modified_gmt":"2024-11-29T15:54:21","slug":"sigamos-el-camino-de-los-derechos-d%c3%ada-mundial-del-sida-2024","status":"publish","type":"post","link":"https:\/\/laboratoriobioclinic.cr\/es\/blog-es\/sigamos-el-camino-de-los-derechos-d%c3%ada-mundial-del-sida-2024\/","title":{"rendered":"Sigamos el camino de los derechos \u2014 D\u00eda Mundial del Sida 2024"},"content":{"rendered":"<h2>El mundo puede acabar con el Sida si se protegen los derechos de todas las personas<\/h2>\n<p class=\"selectionShareable\">Con los derechos humanos en el centro, con las comunidades a la cabeza, el mundo puede acabar con el sida como amenaza para la salud p\u00fablica para 2030.<\/p>\n<p class=\"selectionShareable\">Los avances sustanciales que se han logrado en la respuesta al VIH est\u00e1n directamente relacionados con los avances en la <strong>protecci\u00f3n de los derechos humanos<\/strong>. A su vez, los progresos realizados a trav\u00e9s de la respuesta al VIH han impulsado avances m\u00e1s amplios en la realizaci\u00f3n del derecho a la salud y el fortalecimiento de los sistemas sanitarios.<\/p>\n<p class=\"selectionShareable\">Pero las lagunas en la realizaci\u00f3n de los derechos humanos para todas las personas est\u00e1n impidiendo que el mundo emprenda el camino que acabe con el sida y est\u00e1n perjudicando a la salud p\u00fablica, y ahora una oleada de ataques contra los derechos amenaza con socavar los avances logrados.<\/p>\n<p class=\"selectionShareable\">Poner fin al sida exige que lleguemos e impliquemos a todas las personas que viven con el VIH, corren el riesgo de contraerlo o est\u00e1n afectadas por \u00e9l, especialmente a las m\u00e1s excluidas y marginadas. La igualdad de g\u00e9nero es un elemento esencial de un enfoque del sida basado en los derechos humanos. <strong>La aceptaci\u00f3n, el respeto y la atenci\u00f3n son vitales<\/strong>. Las leyes, pol\u00edticas y pr\u00e1cticas que castigan, discriminan o estigmatizan a las personas -porque son mujeres o ni\u00f1as, o pertenecen a poblaciones clave, o a otras comunidades marginadas- obstaculizan el acceso a la prevenci\u00f3n, las pruebas, el tratamiento y la atenci\u00f3n del VIH. Tambi\u00e9n lo hacen las leyes, pol\u00edticas y pr\u00e1cticas que obstaculizan el trabajo de las personas que prestan servicios vitales relacionados con el VIH a las comunidades afectadas o que abogan por reformas.<\/p>\n<p><iframe loading=\"lazy\" title=\"World AIDS Report launch at UNAIDS, Geneva\" width=\"500\" height=\"281\" src=\"https:\/\/www.youtube.com\/embed\/aoDPMCXLW0U?feature=oembed\" frameborder=\"0\" allow=\"accelerometer; autoplay; clipboard-write; encrypted-media; gyroscope; picture-in-picture; web-share\" referrerpolicy=\"strict-origin-when-cross-origin\" allowfullscreen><\/iframe><\/p>\n<p class=\"selectionShareable\">El camino que acaba con el sida es un camino de derechos. <strong>Respetar la Declaraci\u00f3n de Derechos Humanos de las Naciones Unidas<\/strong> y fomentar la inclusi\u00f3n de todas las comunidades es esencial para acabar con el sida, garantizar el desarrollo sostenible y la seguridad humana. Es urgente eliminar las leyes penales y de otro tipo que atentan contra los derechos de las personas, y es urgente promulgar leyes y enfoques que defiendan los derechos de todas las personas. Los mandatos del marco internacional de derechos humanos tienen fuerza de ley, y las comunidades tienen derecho a exigir a los titulares de obligaciones que rindan cuentas sobre el cumplimiento de los compromisos que han contra\u00eddo en materia de derechos humanos.<\/p>\n<p class=\"selectionShareable\">Para subrayar la continuaci\u00f3n de la narrativa en los mensajes de <a href=\"https:\/\/www.unaids.org\/es\">ONUSIDA<\/a>, la campa\u00f1a contin\u00faa con la imagen de un camino que los l\u00edderes deben elegir. En este caso, ese camino se se\u00f1ala como el camino de\u00a0<em>los derechos<\/em>.<\/p>\n<p class=\"selectionShareable\">Dado que el cambio no depende de un momento, sino de un movimiento, el mensaje \u00ab<a href=\"https:\/\/www.unaids.org\/es\/resources\/presscentre\/pressreleaseandstatementarchive\/2024\/november\/20241126_world-aids-day-report\">Sigue el camino de los derechos<\/a>\u00bb no s\u00f3lo resonar\u00e1 un d\u00eda. Estar\u00e1 en el centro de las actividades que se desarrollar\u00e1n a lo largo de noviembre, ver\u00e1n la publicaci\u00f3n del Informe del D\u00eda Mundial del Sida -titulado Sigue el camino de los derechos- el 26 de noviembre, alcanzar\u00e1n un crescendo el 1 de diciembre, D\u00eda Mundial del Sida, y seguir\u00e1n resonando a lo largo de diciembre y m\u00e1s all\u00e1.<\/p>\n<p><img loading=\"lazy\" decoding=\"async\" class=\"alignnone size-medium wp-image-1006\" src=\"https:\/\/laboratoriobioclinic.cr\/wp-content\/uploads\/2024\/11\/KM_Access_without_fear_sp-300x300.png\" alt=\"ONUSIDA\" width=\"300\" height=\"300\" srcset=\"https:\/\/laboratoriobioclinic.cr\/wp-content\/uploads\/2024\/11\/KM_Access_without_fear_sp-300x300.png 300w, https:\/\/laboratoriobioclinic.cr\/wp-content\/uploads\/2024\/11\/KM_Access_without_fear_sp-1024x1024.png 1024w, https:\/\/laboratoriobioclinic.cr\/wp-content\/uploads\/2024\/11\/KM_Access_without_fear_sp-150x150.png 150w, https:\/\/laboratoriobioclinic.cr\/wp-content\/uploads\/2024\/11\/KM_Access_without_fear_sp-768x768.png 768w, https:\/\/laboratoriobioclinic.cr\/wp-content\/uploads\/2024\/11\/KM_Access_without_fear_sp.png 1080w\" sizes=\"auto, (max-width: 300px) 100vw, 300px\" \/><\/p>\n<p class=\"selectionShareable\">La defensa de los derechos humanos de todas las personas es un pilar esencial de una respuesta eficaz al VIH.<\/p>\n<p class=\"selectionShareable\">Este D\u00eda Mundial del Sida es un <strong>llamamiento a la acci\u00f3n<\/strong> para proteger la salud de todas las personas protegiendo sus\u00a0derechos.\u00a0Los l\u00edderes deben seguir el camino de\u00a0<em>los derechos.<\/em><\/p>\n<p>Fuente: UNAIDS Geneva<br \/>\nSophie Barton-Knott<\/p>\n","protected":false},"excerpt":{"rendered":"<p>El mundo puede acabar con el Sida si se protegen los derechos de todas las personas Con los derechos humanos en el centro, con las comunidades a la cabeza, el mundo puede acabar con el sida como amenaza para la salud p\u00fablica para 2030. Los avances sustanciales que se han logrado en la respuesta al [&hellip;]<\/p>\n","protected":false},"author":2,"featured_media":1005,"comment_status":"open","ping_status":"open","sticky":false,"template":"","format":"standard","meta":{"footnotes":""},"categories":[15],"tags":[783,614,781,782,622],"class_list":["post-1004","post","type-post","status-publish","format-standard","has-post-thumbnail","hentry","category-blog-es","tag-derechos-humanos","tag-laboratorio-bioclinic-costa-rica","tag-onusida","tag-vih","tag-vih-sida"],"yoast_head":"<!-- This site is optimized with the Yoast SEO plugin v27.5 - https:\/\/yoast.com\/product\/yoast-seo-wordpress\/ -->\n<title>Sigamos el camino de los derechos \u2014 D\u00eda Mundial del Sida 2024 - Laboratorio Bioclinic<\/title>\n<meta name=\"robots\" content=\"index, follow, max-snippet:-1, max-image-preview:large, max-video-preview:-1\" \/>\n<link rel=\"canonical\" href=\"https:\/\/www.laboratoriobioclinic.cr\/es\/blog-es\/sigamos-el-camino-de-los-derechos-d\u00eda-mundial-del-sida-2024\/\" \/>\n<meta property=\"og:locale\" content=\"es_ES\" \/>\n<meta property=\"og:type\" content=\"article\" \/>\n<meta property=\"og:title\" content=\"Sigamos el camino de los derechos \u2014 D\u00eda Mundial del Sida 2024 - Laboratorio Bioclinic\" \/>\n<meta property=\"og:description\" content=\"El mundo puede acabar con el Sida si se protegen los derechos de todas las personas Con los derechos humanos en el centro, con las comunidades a la cabeza, el mundo puede acabar con el sida como amenaza para la salud p\u00fablica para 2030. Los avances sustanciales que se han logrado en la respuesta al [&hellip;]\" \/>\n<meta property=\"og:url\" content=\"https:\/\/www.laboratoriobioclinic.cr\/es\/blog-es\/sigamos-el-camino-de-los-derechos-d\u00eda-mundial-del-sida-2024\/\" \/>\n<meta property=\"og:site_name\" content=\"Laboratorio Bioclinic\" \/>\n<meta property=\"article:published_time\" content=\"2024-11-29T15:54:21+00:00\" \/>\n<meta property=\"og:image\" content=\"https:\/\/www.laboratoriobioclinic.cr\/wp-content\/uploads\/2024\/11\/Sigamos-el-camino-de-los-derechos-\u2014-Dia-Mundial-del-Sida-2024-laboratorio-bioclinic.png\" \/>\n\t<meta property=\"og:image:width\" content=\"850\" \/>\n\t<meta property=\"og:image:height\" content=\"300\" \/>\n\t<meta property=\"og:image:type\" content=\"image\/png\" \/>\n<meta name=\"author\" content=\"V\u00edctor Hern\u00e1ndez\" \/>\n<meta name=\"twitter:card\" content=\"summary_large_image\" \/>\n<meta name=\"twitter:label1\" content=\"Escrito por\" \/>\n\t<meta name=\"twitter:data1\" content=\"V\u00edctor Hern\u00e1ndez\" \/>\n\t<meta name=\"twitter:label2\" content=\"Tiempo de lectura\" \/>\n\t<meta name=\"twitter:data2\" content=\"4 minutos\" \/>\n<script type=\"application\/ld+json\" class=\"yoast-schema-graph\">{\"@context\":\"https:\\\/\\\/schema.org\",\"@graph\":[{\"@type\":\"Article\",\"@id\":\"https:\\\/\\\/www.laboratoriobioclinic.cr\\\/es\\\/blog-es\\\/sigamos-el-camino-de-los-derechos-d%c3%ada-mundial-del-sida-2024\\\/#article\",\"isPartOf\":{\"@id\":\"https:\\\/\\\/www.laboratoriobioclinic.cr\\\/es\\\/blog-es\\\/sigamos-el-camino-de-los-derechos-d%c3%ada-mundial-del-sida-2024\\\/\"},\"author\":{\"name\":\"V\u00edctor Hern\u00e1ndez\",\"@id\":\"https:\\\/\\\/laboratoriobioclinic.cr\\\/es\\\/#\\\/schema\\\/person\\\/22388802b822cf3b3ff7019581c95721\"},\"headline\":\"Sigamos el camino de los derechos \u2014 D\u00eda Mundial del Sida 2024\",\"datePublished\":\"2024-11-29T15:54:21+00:00\",\"mainEntityOfPage\":{\"@id\":\"https:\\\/\\\/www.laboratoriobioclinic.cr\\\/es\\\/blog-es\\\/sigamos-el-camino-de-los-derechos-d%c3%ada-mundial-del-sida-2024\\\/\"},\"wordCount\":648,\"commentCount\":0,\"image\":{\"@id\":\"https:\\\/\\\/www.laboratoriobioclinic.cr\\\/es\\\/blog-es\\\/sigamos-el-camino-de-los-derechos-d%c3%ada-mundial-del-sida-2024\\\/#primaryimage\"},\"thumbnailUrl\":\"https:\\\/\\\/laboratoriobioclinic.cr\\\/wp-content\\\/uploads\\\/2024\\\/11\\\/Sigamos-el-camino-de-los-derechos-\u2014-Dia-Mundial-del-Sida-2024-laboratorio-bioclinic.png\",\"keywords\":[\"derechos humanos\",\"Laboratorio Bioclinic Costa Rica\",\"onusida\",\"vih\",\"VIH\\\/SIDA\"],\"articleSection\":[\"Blog ES\"],\"inLanguage\":\"es\",\"potentialAction\":[{\"@type\":\"CommentAction\",\"name\":\"Comment\",\"target\":[\"https:\\\/\\\/www.laboratoriobioclinic.cr\\\/es\\\/blog-es\\\/sigamos-el-camino-de-los-derechos-d%c3%ada-mundial-del-sida-2024\\\/#respond\"]}]},{\"@type\":\"WebPage\",\"@id\":\"https:\\\/\\\/www.laboratoriobioclinic.cr\\\/es\\\/blog-es\\\/sigamos-el-camino-de-los-derechos-d%c3%ada-mundial-del-sida-2024\\\/\",\"url\":\"https:\\\/\\\/www.laboratoriobioclinic.cr\\\/es\\\/blog-es\\\/sigamos-el-camino-de-los-derechos-d%c3%ada-mundial-del-sida-2024\\\/\",\"name\":\"Sigamos el camino de los derechos \u2014 D\u00eda Mundial del Sida 2024 - Laboratorio Bioclinic\",\"isPartOf\":{\"@id\":\"https:\\\/\\\/laboratoriobioclinic.cr\\\/es\\\/#website\"},\"primaryImageOfPage\":{\"@id\":\"https:\\\/\\\/www.laboratoriobioclinic.cr\\\/es\\\/blog-es\\\/sigamos-el-camino-de-los-derechos-d%c3%ada-mundial-del-sida-2024\\\/#primaryimage\"},\"image\":{\"@id\":\"https:\\\/\\\/www.laboratoriobioclinic.cr\\\/es\\\/blog-es\\\/sigamos-el-camino-de-los-derechos-d%c3%ada-mundial-del-sida-2024\\\/#primaryimage\"},\"thumbnailUrl\":\"https:\\\/\\\/laboratoriobioclinic.cr\\\/wp-content\\\/uploads\\\/2024\\\/11\\\/Sigamos-el-camino-de-los-derechos-\u2014-Dia-Mundial-del-Sida-2024-laboratorio-bioclinic.png\",\"datePublished\":\"2024-11-29T15:54:21+00:00\",\"author\":{\"@id\":\"https:\\\/\\\/laboratoriobioclinic.cr\\\/es\\\/#\\\/schema\\\/person\\\/22388802b822cf3b3ff7019581c95721\"},\"inLanguage\":\"es\",\"potentialAction\":[{\"@type\":\"ReadAction\",\"target\":[\"https:\\\/\\\/www.laboratoriobioclinic.cr\\\/es\\\/blog-es\\\/sigamos-el-camino-de-los-derechos-d%c3%ada-mundial-del-sida-2024\\\/\"]}]},{\"@type\":\"ImageObject\",\"inLanguage\":\"es\",\"@id\":\"https:\\\/\\\/www.laboratoriobioclinic.cr\\\/es\\\/blog-es\\\/sigamos-el-camino-de-los-derechos-d%c3%ada-mundial-del-sida-2024\\\/#primaryimage\",\"url\":\"https:\\\/\\\/laboratoriobioclinic.cr\\\/wp-content\\\/uploads\\\/2024\\\/11\\\/Sigamos-el-camino-de-los-derechos-\u2014-Dia-Mundial-del-Sida-2024-laboratorio-bioclinic.png\",\"contentUrl\":\"https:\\\/\\\/laboratoriobioclinic.cr\\\/wp-content\\\/uploads\\\/2024\\\/11\\\/Sigamos-el-camino-de-los-derechos-\u2014-Dia-Mundial-del-Sida-2024-laboratorio-bioclinic.png\",\"width\":850,\"height\":300,\"caption\":\"D\u00eda 1 de diciembre D\u00eda Mundial contra le VIH\"},{\"@type\":\"WebSite\",\"@id\":\"https:\\\/\\\/laboratoriobioclinic.cr\\\/es\\\/#website\",\"url\":\"https:\\\/\\\/laboratoriobioclinic.cr\\\/es\\\/\",\"name\":\"Laboratorio Bioclinic\",\"description\":\"An\u00e1lisis cl\u00ednicos | Puerto Viejo | Lim\u00f3n\",\"potentialAction\":[{\"@type\":\"SearchAction\",\"target\":{\"@type\":\"EntryPoint\",\"urlTemplate\":\"https:\\\/\\\/laboratoriobioclinic.cr\\\/es\\\/?s={search_term_string}\"},\"query-input\":{\"@type\":\"PropertyValueSpecification\",\"valueRequired\":true,\"valueName\":\"search_term_string\"}}],\"inLanguage\":\"es\"},{\"@type\":\"Person\",\"@id\":\"https:\\\/\\\/laboratoriobioclinic.cr\\\/es\\\/#\\\/schema\\\/person\\\/22388802b822cf3b3ff7019581c95721\",\"name\":\"V\u00edctor Hern\u00e1ndez\",\"image\":{\"@type\":\"ImageObject\",\"inLanguage\":\"es\",\"@id\":\"https:\\\/\\\/secure.gravatar.com\\\/avatar\\\/df86c8d5b329d3be6dc959b83558672fb6ce1002eb345c198ef5458738b7ce88?s=96&d=mm&r=g\",\"url\":\"https:\\\/\\\/secure.gravatar.com\\\/avatar\\\/df86c8d5b329d3be6dc959b83558672fb6ce1002eb345c198ef5458738b7ce88?s=96&d=mm&r=g\",\"contentUrl\":\"https:\\\/\\\/secure.gravatar.com\\\/avatar\\\/df86c8d5b329d3be6dc959b83558672fb6ce1002eb345c198ef5458738b7ce88?s=96&d=mm&r=g\",\"caption\":\"V\u00edctor Hern\u00e1ndez\"},\"url\":\"https:\\\/\\\/laboratoriobioclinic.cr\\\/es\\\/author\\\/victor\\\/\"}]}<\/script>\n<!-- \/ Yoast SEO plugin. -->","yoast_head_json":{"title":"Sigamos el camino de los derechos \u2014 D\u00eda Mundial del Sida 2024 - Laboratorio Bioclinic","robots":{"index":"index","follow":"follow","max-snippet":"max-snippet:-1","max-image-preview":"max-image-preview:large","max-video-preview":"max-video-preview:-1"},"canonical":"https:\/\/www.laboratoriobioclinic.cr\/es\/blog-es\/sigamos-el-camino-de-los-derechos-d\u00eda-mundial-del-sida-2024\/","og_locale":"es_ES","og_type":"article","og_title":"Sigamos el camino de los derechos \u2014 D\u00eda Mundial del Sida 2024 - Laboratorio Bioclinic","og_description":"El mundo puede acabar con el Sida si se protegen los derechos de todas las personas Con los derechos humanos en el centro, con las comunidades a la cabeza, el mundo puede acabar con el sida como amenaza para la salud p\u00fablica para 2030. Los avances sustanciales que se han logrado en la respuesta al [&hellip;]","og_url":"https:\/\/www.laboratoriobioclinic.cr\/es\/blog-es\/sigamos-el-camino-de-los-derechos-d\u00eda-mundial-del-sida-2024\/","og_site_name":"Laboratorio Bioclinic","article_published_time":"2024-11-29T15:54:21+00:00","og_image":[{"width":850,"height":300,"url":"https:\/\/www.laboratoriobioclinic.cr\/wp-content\/uploads\/2024\/11\/Sigamos-el-camino-de-los-derechos-\u2014-Dia-Mundial-del-Sida-2024-laboratorio-bioclinic.png","type":"image\/png"}],"author":"V\u00edctor Hern\u00e1ndez","twitter_card":"summary_large_image","twitter_misc":{"Escrito por":"V\u00edctor Hern\u00e1ndez","Tiempo de lectura":"4 minutos"},"schema":{"@context":"https:\/\/schema.org","@graph":[{"@type":"Article","@id":"https:\/\/www.laboratoriobioclinic.cr\/es\/blog-es\/sigamos-el-camino-de-los-derechos-d%c3%ada-mundial-del-sida-2024\/#article","isPartOf":{"@id":"https:\/\/www.laboratoriobioclinic.cr\/es\/blog-es\/sigamos-el-camino-de-los-derechos-d%c3%ada-mundial-del-sida-2024\/"},"author":{"name":"V\u00edctor Hern\u00e1ndez","@id":"https:\/\/laboratoriobioclinic.cr\/es\/#\/schema\/person\/22388802b822cf3b3ff7019581c95721"},"headline":"Sigamos el camino de los derechos \u2014 D\u00eda Mundial del Sida 2024","datePublished":"2024-11-29T15:54:21+00:00","mainEntityOfPage":{"@id":"https:\/\/www.laboratoriobioclinic.cr\/es\/blog-es\/sigamos-el-camino-de-los-derechos-d%c3%ada-mundial-del-sida-2024\/"},"wordCount":648,"commentCount":0,"image":{"@id":"https:\/\/www.laboratoriobioclinic.cr\/es\/blog-es\/sigamos-el-camino-de-los-derechos-d%c3%ada-mundial-del-sida-2024\/#primaryimage"},"thumbnailUrl":"https:\/\/laboratoriobioclinic.cr\/wp-content\/uploads\/2024\/11\/Sigamos-el-camino-de-los-derechos-\u2014-Dia-Mundial-del-Sida-2024-laboratorio-bioclinic.png","keywords":["derechos humanos","Laboratorio Bioclinic Costa Rica","onusida","vih","VIH\/SIDA"],"articleSection":["Blog ES"],"inLanguage":"es","potentialAction":[{"@type":"CommentAction","name":"Comment","target":["https:\/\/www.laboratoriobioclinic.cr\/es\/blog-es\/sigamos-el-camino-de-los-derechos-d%c3%ada-mundial-del-sida-2024\/#respond"]}]},{"@type":"WebPage","@id":"https:\/\/www.laboratoriobioclinic.cr\/es\/blog-es\/sigamos-el-camino-de-los-derechos-d%c3%ada-mundial-del-sida-2024\/","url":"https:\/\/www.laboratoriobioclinic.cr\/es\/blog-es\/sigamos-el-camino-de-los-derechos-d%c3%ada-mundial-del-sida-2024\/","name":"Sigamos el camino de los derechos \u2014 D\u00eda Mundial del Sida 2024 - Laboratorio Bioclinic","isPartOf":{"@id":"https:\/\/laboratoriobioclinic.cr\/es\/#website"},"primaryImageOfPage":{"@id":"https:\/\/www.laboratoriobioclinic.cr\/es\/blog-es\/sigamos-el-camino-de-los-derechos-d%c3%ada-mundial-del-sida-2024\/#primaryimage"},"image":{"@id":"https:\/\/www.laboratoriobioclinic.cr\/es\/blog-es\/sigamos-el-camino-de-los-derechos-d%c3%ada-mundial-del-sida-2024\/#primaryimage"},"thumbnailUrl":"https:\/\/laboratoriobioclinic.cr\/wp-content\/uploads\/2024\/11\/Sigamos-el-camino-de-los-derechos-\u2014-Dia-Mundial-del-Sida-2024-laboratorio-bioclinic.png","datePublished":"2024-11-29T15:54:21+00:00","author":{"@id":"https:\/\/laboratoriobioclinic.cr\/es\/#\/schema\/person\/22388802b822cf3b3ff7019581c95721"},"inLanguage":"es","potentialAction":[{"@type":"ReadAction","target":["https:\/\/www.laboratoriobioclinic.cr\/es\/blog-es\/sigamos-el-camino-de-los-derechos-d%c3%ada-mundial-del-sida-2024\/"]}]},{"@type":"ImageObject","inLanguage":"es","@id":"https:\/\/www.laboratoriobioclinic.cr\/es\/blog-es\/sigamos-el-camino-de-los-derechos-d%c3%ada-mundial-del-sida-2024\/#primaryimage","url":"https:\/\/laboratoriobioclinic.cr\/wp-content\/uploads\/2024\/11\/Sigamos-el-camino-de-los-derechos-\u2014-Dia-Mundial-del-Sida-2024-laboratorio-bioclinic.png","contentUrl":"https:\/\/laboratoriobioclinic.cr\/wp-content\/uploads\/2024\/11\/Sigamos-el-camino-de-los-derechos-\u2014-Dia-Mundial-del-Sida-2024-laboratorio-bioclinic.png","width":850,"height":300,"caption":"D\u00eda 1 de diciembre D\u00eda Mundial contra le VIH"},{"@type":"WebSite","@id":"https:\/\/laboratoriobioclinic.cr\/es\/#website","url":"https:\/\/laboratoriobioclinic.cr\/es\/","name":"Laboratorio Bioclinic","description":"An\u00e1lisis cl\u00ednicos | Puerto Viejo | Lim\u00f3n","potentialAction":[{"@type":"SearchAction","target":{"@type":"EntryPoint","urlTemplate":"https:\/\/laboratoriobioclinic.cr\/es\/?s={search_term_string}"},"query-input":{"@type":"PropertyValueSpecification","valueRequired":true,"valueName":"search_term_string"}}],"inLanguage":"es"},{"@type":"Person","@id":"https:\/\/laboratoriobioclinic.cr\/es\/#\/schema\/person\/22388802b822cf3b3ff7019581c95721","name":"V\u00edctor Hern\u00e1ndez","image":{"@type":"ImageObject","inLanguage":"es","@id":"https:\/\/secure.gravatar.com\/avatar\/df86c8d5b329d3be6dc959b83558672fb6ce1002eb345c198ef5458738b7ce88?s=96&d=mm&r=g","url":"https:\/\/secure.gravatar.com\/avatar\/df86c8d5b329d3be6dc959b83558672fb6ce1002eb345c198ef5458738b7ce88?s=96&d=mm&r=g","contentUrl":"https:\/\/secure.gravatar.com\/avatar\/df86c8d5b329d3be6dc959b83558672fb6ce1002eb345c198ef5458738b7ce88?s=96&d=mm&r=g","caption":"V\u00edctor Hern\u00e1ndez"},"url":"https:\/\/laboratoriobioclinic.cr\/es\/author\/victor\/"}]}},"_links":{"self":[{"href":"https:\/\/laboratoriobioclinic.cr\/es\/wp-json\/wp\/v2\/posts\/1004","targetHints":{"allow":["GET"]}}],"collection":[{"href":"https:\/\/laboratoriobioclinic.cr\/es\/wp-json\/wp\/v2\/posts"}],"about":[{"href":"https:\/\/laboratoriobioclinic.cr\/es\/wp-json\/wp\/v2\/types\/post"}],"author":[{"embeddable":true,"href":"https:\/\/laboratoriobioclinic.cr\/es\/wp-json\/wp\/v2\/users\/2"}],"replies":[{"embeddable":true,"href":"https:\/\/laboratoriobioclinic.cr\/es\/wp-json\/wp\/v2\/comments?post=1004"}],"version-history":[{"count":1,"href":"https:\/\/laboratoriobioclinic.cr\/es\/wp-json\/wp\/v2\/posts\/1004\/revisions"}],"predecessor-version":[{"id":1007,"href":"https:\/\/laboratoriobioclinic.cr\/es\/wp-json\/wp\/v2\/posts\/1004\/revisions\/1007"}],"wp:featuredmedia":[{"embeddable":true,"href":"https:\/\/laboratoriobioclinic.cr\/es\/wp-json\/wp\/v2\/media\/1005"}],"wp:attachment":[{"href":"https:\/\/laboratoriobioclinic.cr\/es\/wp-json\/wp\/v2\/media?parent=1004"}],"wp:term":[{"taxonomy":"category","embeddable":true,"href":"https:\/\/laboratoriobioclinic.cr\/es\/wp-json\/wp\/v2\/categories?post=1004"},{"taxonomy":"post_tag","embeddable":true,"href":"https:\/\/laboratoriobioclinic.cr\/es\/wp-json\/wp\/v2\/tags?post=1004"}],"curies":[{"name":"wp","href":"https:\/\/api.w.org\/{rel}","templated":true}]}}