{"id":972,"date":"2024-10-01T12:28:24","date_gmt":"2024-10-01T18:28:24","guid":{"rendered":"https:\/\/laboratoriobioclinic.cr\/?p=972"},"modified":"2024-10-01T12:28:24","modified_gmt":"2024-10-01T18:28:24","slug":"octubre-mes-rosa-cancer-mama","status":"publish","type":"post","link":"https:\/\/laboratoriobioclinic.cr\/en\/blog-es\/octubre-mes-rosa-cancer-mama\/","title":{"rendered":"Octubre, Mes Rosa: Concienciaci\u00f3n sobre el C\u00e1ncer de Mama"},"content":{"rendered":"<h2>La importancia de la detecci\u00f3n temprana y la prevenci\u00f3n<\/h2>\n<h3>El mes de octubre: un mes rosa para concienciar sobre el C\u00e1ncer de Mama<\/h3>\n<p>Octubre es reconocido como el Mes Rosa, dedicado a la <strong>concienciaci\u00f3n sobre el c\u00e1ncer de mama<\/strong>. Durante este mes, el enfoque global est\u00e1 en educar a la poblaci\u00f3n sobre la importancia de la detecci\u00f3n temprana y la prevenci\u00f3n de esta enfermedad, que afecta a millones de mujeres en todo el mundo.<\/p>\n<h4>\u00bfPor qu\u00e9 el color rosa?<\/h4>\n<p>El color rosa ha sido adoptado internacionalmente como un s\u00edmbolo de la lucha contra el c\u00e1ncer de mama. Este color, adem\u00e1s de ser asociado con la feminidad, representa la esperanza, la solidaridad y la fortaleza de quienes enfrentan esta enfermedad. Desde edificios emblem\u00e1ticos iluminados en rosa hasta productos comercializados con fines ben\u00e9ficos, el rosa se ha transformado en un emblema de apoyo y concienciaci\u00f3n\u200b <span class=\"whitespace-nowrap text-token-text-secondary dark:text-token-text-tertiary\">(<\/span><span class=\"\" data-state=\"closed\"><a class=\"!text-token-text-secondary !no-underline hover:!text-token-link dark:!text-token-text-tertiary dark:hover:!text-token-link\" href=\"https:\/\/www.breastcancer.org\/es\/sobre-cancer-mama\/mes-concientizacion-cancer-mama\" target=\"_blank\" rel=\"noopener\"><span class=\"truncate\">Breastcancer.org<\/span><\/a><\/span><span class=\"whitespace-nowrap text-token-text-secondary dark:text-token-text-tertiary\">)<\/span>\u200b<span class=\"whitespace-nowrap text-token-text-secondary dark:text-token-text-tertiary\">(<\/span><span class=\"\" data-state=\"closed\"><a class=\"!text-token-text-secondary !no-underline hover:!text-token-link dark:!text-token-text-tertiary dark:hover:!text-token-link\" href=\"https:\/\/tnh.gob.hn\/nacional\/mes-rosa-la-importancia-de-sensibilizar-sobre-el-cancer-de-mama\/\" target=\"_blank\" rel=\"noopener\"><span class=\"truncate\">Canal 8<\/span><\/a><\/span><span class=\"whitespace-nowrap text-token-text-secondary dark:text-token-text-tertiary\">)<\/span>.<\/p>\n<h4>La importancia de la detecci\u00f3n temprana<\/h4>\n<p>El c\u00e1ncer de mama es el tipo de c\u00e1ncer m\u00e1s com\u00fan entre las mujeres, y a pesar de su prevalencia, las tasas de supervivencia pueden ser muy altas si se detecta a tiempo. El diagn\u00f3stico temprano es crucial: cuando se detecta en sus etapas iniciales, las posibilidades de recuperaci\u00f3n superan el 90%. Las mamograf\u00edas y los autoex\u00e1menes regulares son esenciales para detectar posibles signos de alarma, como bultos o cambios en la piel de los senos\u200b <span class=\"whitespace-nowrap text-token-text-secondary dark:text-token-text-tertiary\">(<\/span><span class=\"\" data-state=\"closed\"><a class=\"!text-token-text-secondary !no-underline hover:!text-token-link dark:!text-token-text-tertiary dark:hover:!text-token-link\" href=\"https:\/\/infocielo.com\/sociedad\/cancer-mama-por-que-octubre-es-considerado-el-mes-rosa-n794035\" target=\"_blank\" rel=\"noopener\"><span class=\"truncate\">www.infocielo.com<\/span><\/a><\/span><span class=\"whitespace-nowrap text-token-text-secondary dark:text-token-text-tertiary\">)<\/span>\u200b<span class=\"whitespace-nowrap text-token-text-secondary dark:text-token-text-tertiary\">(<\/span><span class=\"\" data-state=\"closed\"><a class=\"!text-token-text-secondary !no-underline hover:!text-token-link dark:!text-token-text-tertiary dark:hover:!text-token-link\" href=\"https:\/\/scc10.com.br\/es\/Saude\/H%C3%A1bitos-de-octubre-rosa-que-ayudan-a-prevenir-el-c%C3%A1ncer-de-mama\/\" target=\"_blank\" rel=\"noopener\"><span class=\"truncate\">SCC10<\/span><\/a><\/span><span class=\"whitespace-nowrap text-token-text-secondary dark:text-token-text-tertiary\">)<\/span>.<\/p>\n<h4>Medidas de prevenci\u00f3n<\/h4>\n<p>Si bien no existe una manera infalible de prevenir el c\u00e1ncer de mama, adoptar un estilo de vida saludable puede reducir significativamente el riesgo. Entre las recomendaciones m\u00e1s destacadas se encuentran:<\/p>\n<ul>\n<li>Mantener una dieta equilibrada rica en alimentos naturales y bajos en grasas saturadas.<\/li>\n<li>Realizar actividad f\u00edsica regularmente, lo que ayuda a controlar el peso y a reducir los niveles hormonales que pueden influir en el desarrollo de ciertos tipos de c\u00e1ncer\u200b <span class=\"whitespace-nowrap text-token-text-secondary dark:text-token-text-tertiary\">(<a class=\"!text-token-text-secondary !no-underline hover:!text-token-link dark:!text-token-text-tertiary dark:hover:!text-token-link\" href=\"https:\/\/scc10.com.br\/es\/Saude\/H%C3%A1bitos-de-octubre-rosa-que-ayudan-a-prevenir-el-c%C3%A1ncer-de-mama\/\" target=\"_blank\" rel=\"noopener\"><span class=\"truncate\">SCC10<\/span><\/a><\/span><span class=\"whitespace-nowrap text-token-text-secondary dark:text-token-text-tertiary\">)<\/span>.<\/li>\n<li>Evitar el consumo excesivo de alcohol y el tabaquismo, ya que ambos son factores de riesgo reconocidos.<\/li>\n<\/ul>\n<h4>Actividades durante el Mes Rosa<\/h4>\n<p>A lo largo del mes de octubre, numerosas organizaciones, hospitales y comunidades alrededor del mundo organizan eventos para sensibilizar sobre el c\u00e1ncer de mama. Caminatas, charlas educativas, actividades de recaudaci\u00f3n de fondos y distribuci\u00f3n de materiales informativos son solo algunas de las iniciativas que se llevan a cabo. Estas actividades no solo buscan informar, sino tambi\u00e9n fomentar la solidaridad con las personas que est\u00e1n luchando contra el c\u00e1ncer y recordar a las que han perdido la batalla \u200b<span class=\"whitespace-nowrap text-token-text-secondary dark:text-token-text-tertiary\">(<\/span><span class=\"\" data-state=\"closed\"><a class=\"!text-token-text-secondary !no-underline hover:!text-token-link dark:!text-token-text-tertiary dark:hover:!text-token-link\" href=\"https:\/\/www.breastcancer.org\/es\/sobre-cancer-mama\/mes-concientizacion-cancer-mama\" target=\"_blank\" rel=\"noopener\"><span class=\"truncate\">Breastcancer.org<\/span><\/a><\/span><span class=\"whitespace-nowrap text-token-text-secondary dark:text-token-text-tertiary\">)<\/span>\u200b<span class=\"whitespace-nowrap text-token-text-secondary dark:text-token-text-tertiary\">(<\/span><span class=\"\" data-state=\"closed\"><a class=\"!text-token-text-secondary !no-underline hover:!text-token-link dark:!text-token-text-tertiary dark:hover:!text-token-link\" href=\"https:\/\/tnh.gob.hn\/nacional\/mes-rosa-la-importancia-de-sensibilizar-sobre-el-cancer-de-mama\/\" target=\"_blank\" rel=\"noopener\"><span class=\"truncate\">Canal 8<\/span><\/a><\/span><span class=\"whitespace-nowrap text-token-text-secondary dark:text-token-text-tertiary\">)<\/span>.<\/p>\n<h4>El impacto emocional del c\u00e1ncer de mama<\/h4>\n<p>El diagn\u00f3stico de c\u00e1ncer de mama no solo afecta f\u00edsicamente, sino que tambi\u00e9n tiene un impacto emocional profundo en las pacientes y sus familias. Es fundamental contar con una red de apoyo, ya sea a trav\u00e9s de familiares, amigos o grupos de apoyo. El Mes Rosa tambi\u00e9n tiene como objetivo generar empat\u00eda y brindar apoyo emocional a quienes est\u00e1n enfrentando esta enfermedad\u200b <span class=\"whitespace-nowrap text-token-text-secondary dark:text-token-text-tertiary\">(<\/span><span class=\"\" data-state=\"closed\"><a class=\"!text-token-text-secondary !no-underline hover:!text-token-link dark:!text-token-text-tertiary dark:hover:!text-token-link\" href=\"https:\/\/tnh.gob.hn\/nacional\/mes-rosa-la-importancia-de-sensibilizar-sobre-el-cancer-de-mama\/\" target=\"_blank\" rel=\"noopener\"><span class=\"truncate\">Canal 8<\/span><\/a><\/span><span class=\"whitespace-nowrap text-token-text-secondary dark:text-token-text-tertiary\">)<\/span>.<\/p>\n<h4>El futuro de la investigaci\u00f3n<\/h4>\n<p>Parte importante de las campa\u00f1as de octubre es recaudar fondos para la investigaci\u00f3n cient\u00edfica, que busca mejorar los tratamientos y, eventualmente, encontrar una cura para el c\u00e1ncer de mama. Gracias a los avances en la ciencia, hoy en d\u00eda existen tratamientos m\u00e1s personalizados y menos invasivos que aumentan las posibilidades de supervivencia y mejoran la calidad de vida de los pacientes\u200b <span class=\"whitespace-nowrap text-token-text-secondary dark:text-token-text-tertiary\">(<\/span><span class=\"\" data-state=\"closed\"><a class=\"!text-token-text-secondary !no-underline hover:!text-token-link dark:!text-token-text-tertiary dark:hover:!text-token-link\" href=\"https:\/\/scc10.com.br\/es\/Saude\/H%C3%A1bitos-de-octubre-rosa-que-ayudan-a-prevenir-el-c%C3%A1ncer-de-mama\/\" target=\"_blank\" rel=\"noopener\"><span class=\"truncate\">SCC10<\/span><\/a><\/span><span class=\"whitespace-nowrap text-token-text-secondary dark:text-token-text-tertiary\">)<\/span>.<\/p>\n<p><a href=\"https:\/\/laboratoriobioclinic.cr\/blog-es\/octubre-sensibilizaci%c3%b3n-sobre-el-c%c3%a1ncer-de-mama\/\">Art\u00edculos relacionados<\/a><\/p>\n","protected":false},"excerpt":{"rendered":"<p>La importancia de la detecci\u00f3n temprana y la prevenci\u00f3n El mes de octubre: un mes rosa para concienciar sobre el C\u00e1ncer de Mama Octubre es reconocido como el Mes Rosa, dedicado a la concienciaci\u00f3n sobre el c\u00e1ncer de mama. Durante este mes, el enfoque global est\u00e1 en educar a la poblaci\u00f3n sobre la importancia de [&hellip;]<\/p>\n","protected":false},"author":2,"featured_media":973,"comment_status":"open","ping_status":"open","sticky":false,"template":"","format":"standard","meta":{"footnotes":""},"categories":[15],"tags":[754,39,751,755,752,756,753,750,54,503],"class_list":["post-972","post","type-post","status-publish","format-standard","has-post-thumbnail","hentry","category-blog-es","tag-autoexamen","tag-cncer-de-mama","tag-concienciacin","tag-deteccin","tag-diagnstico-temprano","tag-investigacin","tag-mamografa","tag-octubre-rosa","tag-prevencin","tag-salud-femenina"],"yoast_head":"<!-- This site is optimized with the Yoast SEO plugin v27.5 - https:\/\/yoast.com\/product\/yoast-seo-wordpress\/ -->\n<title>Concienciaci\u00f3n c\u00e1ncer de mama en octubre - Laboratorio Bioclinic<\/title>\n<meta name=\"description\" content=\"Octubre es el Mes Rosa dedicado a la concienciaci\u00f3n sobre el c\u00e1ncer de mama. Descubre c\u00f3mo la detecci\u00f3n temprana puede salvar vidas.\" \/>\n<meta name=\"robots\" content=\"index, follow, max-snippet:-1, max-image-preview:large, max-video-preview:-1\" \/>\n<link rel=\"canonical\" href=\"https:\/\/www.laboratoriobioclinic.cr\/es\/blog-es\/octubre-mes-rosa-cancer-mama\/\" \/>\n<meta property=\"og:locale\" content=\"en_US\" \/>\n<meta property=\"og:type\" content=\"article\" \/>\n<meta property=\"og:title\" content=\"Concienciaci\u00f3n c\u00e1ncer de mama en octubre - Laboratorio Bioclinic\" \/>\n<meta property=\"og:description\" content=\"Octubre es el Mes Rosa dedicado a la concienciaci\u00f3n sobre el c\u00e1ncer de mama. Descubre c\u00f3mo la detecci\u00f3n temprana puede salvar vidas.\" \/>\n<meta property=\"og:url\" content=\"https:\/\/www.laboratoriobioclinic.cr\/es\/blog-es\/octubre-mes-rosa-cancer-mama\/\" \/>\n<meta property=\"og:site_name\" content=\"Laboratorio Bioclinic\" \/>\n<meta property=\"article:published_time\" content=\"2024-10-01T18:28:24+00:00\" \/>\n<meta property=\"og:image\" content=\"https:\/\/www.laboratoriobioclinic.cr\/wp-content\/uploads\/2024\/10\/octubre-mes-de-sensibilizacion-con-el-cancer-de-mama-laboratorio-bioclinic.png\" \/>\n\t<meta property=\"og:image:width\" content=\"851\" \/>\n\t<meta property=\"og:image:height\" content=\"315\" \/>\n\t<meta property=\"og:image:type\" content=\"image\/png\" \/>\n<meta name=\"author\" content=\"V\u00edctor Hern\u00e1ndez\" \/>\n<meta name=\"twitter:card\" content=\"summary_large_image\" \/>\n<meta name=\"twitter:label1\" content=\"Written by\" \/>\n\t<meta name=\"twitter:data1\" content=\"V\u00edctor Hern\u00e1ndez\" \/>\n\t<meta name=\"twitter:label2\" content=\"Est. reading time\" \/>\n\t<meta name=\"twitter:data2\" content=\"3 minutes\" \/>\n<script type=\"application\/ld+json\" class=\"yoast-schema-graph\">{\"@context\":\"https:\\\/\\\/schema.org\",\"@graph\":[{\"@type\":\"Article\",\"@id\":\"https:\\\/\\\/www.laboratoriobioclinic.cr\\\/es\\\/blog-es\\\/octubre-mes-rosa-cancer-mama\\\/#article\",\"isPartOf\":{\"@id\":\"https:\\\/\\\/www.laboratoriobioclinic.cr\\\/es\\\/blog-es\\\/octubre-mes-rosa-cancer-mama\\\/\"},\"author\":{\"name\":\"V\u00edctor Hern\u00e1ndez\",\"@id\":\"https:\\\/\\\/laboratoriobioclinic.cr\\\/es\\\/#\\\/schema\\\/person\\\/22388802b822cf3b3ff7019581c95721\"},\"headline\":\"Octubre, Mes Rosa: Concienciaci\u00f3n sobre el C\u00e1ncer de Mama\",\"datePublished\":\"2024-10-01T18:28:24+00:00\",\"mainEntityOfPage\":{\"@id\":\"https:\\\/\\\/www.laboratoriobioclinic.cr\\\/es\\\/blog-es\\\/octubre-mes-rosa-cancer-mama\\\/\"},\"wordCount\":610,\"commentCount\":1,\"image\":{\"@id\":\"https:\\\/\\\/www.laboratoriobioclinic.cr\\\/es\\\/blog-es\\\/octubre-mes-rosa-cancer-mama\\\/#primaryimage\"},\"thumbnailUrl\":\"https:\\\/\\\/laboratoriobioclinic.cr\\\/wp-content\\\/uploads\\\/2024\\\/10\\\/octubre-mes-de-sensibilizacion-con-el-cancer-de-mama-laboratorio-bioclinic.png\",\"keywords\":[\"autoexamen\",\"c\u00e1ncer de mama\",\"concienciaci\u00f3n\",\"detecci\u00f3n\",\"diagn\u00f3stico temprano\",\"investigaci\u00f3n.\",\"mamograf\u00eda\",\"octubre rosa\",\"prevenci\u00f3n\",\"Salud femenina\"],\"articleSection\":[\"Blog ES\"],\"inLanguage\":\"en-US\",\"potentialAction\":[{\"@type\":\"CommentAction\",\"name\":\"Comment\",\"target\":[\"https:\\\/\\\/www.laboratoriobioclinic.cr\\\/es\\\/blog-es\\\/octubre-mes-rosa-cancer-mama\\\/#respond\"]}]},{\"@type\":\"WebPage\",\"@id\":\"https:\\\/\\\/www.laboratoriobioclinic.cr\\\/es\\\/blog-es\\\/octubre-mes-rosa-cancer-mama\\\/\",\"url\":\"https:\\\/\\\/www.laboratoriobioclinic.cr\\\/es\\\/blog-es\\\/octubre-mes-rosa-cancer-mama\\\/\",\"name\":\"Concienciaci\u00f3n c\u00e1ncer de mama en octubre - Laboratorio Bioclinic\",\"isPartOf\":{\"@id\":\"https:\\\/\\\/laboratoriobioclinic.cr\\\/es\\\/#website\"},\"primaryImageOfPage\":{\"@id\":\"https:\\\/\\\/www.laboratoriobioclinic.cr\\\/es\\\/blog-es\\\/octubre-mes-rosa-cancer-mama\\\/#primaryimage\"},\"image\":{\"@id\":\"https:\\\/\\\/www.laboratoriobioclinic.cr\\\/es\\\/blog-es\\\/octubre-mes-rosa-cancer-mama\\\/#primaryimage\"},\"thumbnailUrl\":\"https:\\\/\\\/laboratoriobioclinic.cr\\\/wp-content\\\/uploads\\\/2024\\\/10\\\/octubre-mes-de-sensibilizacion-con-el-cancer-de-mama-laboratorio-bioclinic.png\",\"datePublished\":\"2024-10-01T18:28:24+00:00\",\"author\":{\"@id\":\"https:\\\/\\\/laboratoriobioclinic.cr\\\/es\\\/#\\\/schema\\\/person\\\/22388802b822cf3b3ff7019581c95721\"},\"description\":\"Octubre es el Mes Rosa dedicado a la concienciaci\u00f3n sobre el c\u00e1ncer de mama. Descubre c\u00f3mo la detecci\u00f3n temprana puede salvar vidas.\",\"inLanguage\":\"en-US\",\"potentialAction\":[{\"@type\":\"ReadAction\",\"target\":[\"https:\\\/\\\/www.laboratoriobioclinic.cr\\\/es\\\/blog-es\\\/octubre-mes-rosa-cancer-mama\\\/\"]}]},{\"@type\":\"ImageObject\",\"inLanguage\":\"en-US\",\"@id\":\"https:\\\/\\\/www.laboratoriobioclinic.cr\\\/es\\\/blog-es\\\/octubre-mes-rosa-cancer-mama\\\/#primaryimage\",\"url\":\"https:\\\/\\\/laboratoriobioclinic.cr\\\/wp-content\\\/uploads\\\/2024\\\/10\\\/octubre-mes-de-sensibilizacion-con-el-cancer-de-mama-laboratorio-bioclinic.png\",\"contentUrl\":\"https:\\\/\\\/laboratoriobioclinic.cr\\\/wp-content\\\/uploads\\\/2024\\\/10\\\/octubre-mes-de-sensibilizacion-con-el-cancer-de-mama-laboratorio-bioclinic.png\",\"width\":851,\"height\":315,\"caption\":\"Octubre mes sensibilizaci\u00f3n c\u00e1ncer de mama\"},{\"@type\":\"WebSite\",\"@id\":\"https:\\\/\\\/laboratoriobioclinic.cr\\\/es\\\/#website\",\"url\":\"https:\\\/\\\/laboratoriobioclinic.cr\\\/es\\\/\",\"name\":\"Laboratorio Bioclinic\",\"description\":\"An\u00e1lisis cl\u00ednicos | Puerto Viejo | Lim\u00f3n\",\"potentialAction\":[{\"@type\":\"SearchAction\",\"target\":{\"@type\":\"EntryPoint\",\"urlTemplate\":\"https:\\\/\\\/laboratoriobioclinic.cr\\\/es\\\/?s={search_term_string}\"},\"query-input\":{\"@type\":\"PropertyValueSpecification\",\"valueRequired\":true,\"valueName\":\"search_term_string\"}}],\"inLanguage\":\"en-US\"},{\"@type\":\"Person\",\"@id\":\"https:\\\/\\\/laboratoriobioclinic.cr\\\/es\\\/#\\\/schema\\\/person\\\/22388802b822cf3b3ff7019581c95721\",\"name\":\"V\u00edctor Hern\u00e1ndez\",\"image\":{\"@type\":\"ImageObject\",\"inLanguage\":\"en-US\",\"@id\":\"https:\\\/\\\/secure.gravatar.com\\\/avatar\\\/df86c8d5b329d3be6dc959b83558672fb6ce1002eb345c198ef5458738b7ce88?s=96&d=mm&r=g\",\"url\":\"https:\\\/\\\/secure.gravatar.com\\\/avatar\\\/df86c8d5b329d3be6dc959b83558672fb6ce1002eb345c198ef5458738b7ce88?s=96&d=mm&r=g\",\"contentUrl\":\"https:\\\/\\\/secure.gravatar.com\\\/avatar\\\/df86c8d5b329d3be6dc959b83558672fb6ce1002eb345c198ef5458738b7ce88?s=96&d=mm&r=g\",\"caption\":\"V\u00edctor Hern\u00e1ndez\"},\"url\":\"https:\\\/\\\/laboratoriobioclinic.cr\\\/en\\\/author\\\/victor\\\/\"}]}<\/script>\n<!-- \/ Yoast SEO plugin. -->","yoast_head_json":{"title":"Concienciaci\u00f3n c\u00e1ncer de mama en octubre - Laboratorio Bioclinic","description":"Octubre es el Mes Rosa dedicado a la concienciaci\u00f3n sobre el c\u00e1ncer de mama. Descubre c\u00f3mo la detecci\u00f3n temprana puede salvar vidas.","robots":{"index":"index","follow":"follow","max-snippet":"max-snippet:-1","max-image-preview":"max-image-preview:large","max-video-preview":"max-video-preview:-1"},"canonical":"https:\/\/www.laboratoriobioclinic.cr\/es\/blog-es\/octubre-mes-rosa-cancer-mama\/","og_locale":"en_US","og_type":"article","og_title":"Concienciaci\u00f3n c\u00e1ncer de mama en octubre - Laboratorio Bioclinic","og_description":"Octubre es el Mes Rosa dedicado a la concienciaci\u00f3n sobre el c\u00e1ncer de mama. Descubre c\u00f3mo la detecci\u00f3n temprana puede salvar vidas.","og_url":"https:\/\/www.laboratoriobioclinic.cr\/es\/blog-es\/octubre-mes-rosa-cancer-mama\/","og_site_name":"Laboratorio Bioclinic","article_published_time":"2024-10-01T18:28:24+00:00","og_image":[{"width":851,"height":315,"url":"https:\/\/www.laboratoriobioclinic.cr\/wp-content\/uploads\/2024\/10\/octubre-mes-de-sensibilizacion-con-el-cancer-de-mama-laboratorio-bioclinic.png","type":"image\/png"}],"author":"V\u00edctor Hern\u00e1ndez","twitter_card":"summary_large_image","twitter_misc":{"Written by":"V\u00edctor Hern\u00e1ndez","Est. reading time":"3 minutes"},"schema":{"@context":"https:\/\/schema.org","@graph":[{"@type":"Article","@id":"https:\/\/www.laboratoriobioclinic.cr\/es\/blog-es\/octubre-mes-rosa-cancer-mama\/#article","isPartOf":{"@id":"https:\/\/www.laboratoriobioclinic.cr\/es\/blog-es\/octubre-mes-rosa-cancer-mama\/"},"author":{"name":"V\u00edctor Hern\u00e1ndez","@id":"https:\/\/laboratoriobioclinic.cr\/es\/#\/schema\/person\/22388802b822cf3b3ff7019581c95721"},"headline":"Octubre, Mes Rosa: Concienciaci\u00f3n sobre el C\u00e1ncer de Mama","datePublished":"2024-10-01T18:28:24+00:00","mainEntityOfPage":{"@id":"https:\/\/www.laboratoriobioclinic.cr\/es\/blog-es\/octubre-mes-rosa-cancer-mama\/"},"wordCount":610,"commentCount":1,"image":{"@id":"https:\/\/www.laboratoriobioclinic.cr\/es\/blog-es\/octubre-mes-rosa-cancer-mama\/#primaryimage"},"thumbnailUrl":"https:\/\/laboratoriobioclinic.cr\/wp-content\/uploads\/2024\/10\/octubre-mes-de-sensibilizacion-con-el-cancer-de-mama-laboratorio-bioclinic.png","keywords":["autoexamen","c\u00e1ncer de mama","concienciaci\u00f3n","detecci\u00f3n","diagn\u00f3stico temprano","investigaci\u00f3n.","mamograf\u00eda","octubre rosa","prevenci\u00f3n","Salud femenina"],"articleSection":["Blog ES"],"inLanguage":"en-US","potentialAction":[{"@type":"CommentAction","name":"Comment","target":["https:\/\/www.laboratoriobioclinic.cr\/es\/blog-es\/octubre-mes-rosa-cancer-mama\/#respond"]}]},{"@type":"WebPage","@id":"https:\/\/www.laboratoriobioclinic.cr\/es\/blog-es\/octubre-mes-rosa-cancer-mama\/","url":"https:\/\/www.laboratoriobioclinic.cr\/es\/blog-es\/octubre-mes-rosa-cancer-mama\/","name":"Concienciaci\u00f3n c\u00e1ncer de mama en octubre - Laboratorio Bioclinic","isPartOf":{"@id":"https:\/\/laboratoriobioclinic.cr\/es\/#website"},"primaryImageOfPage":{"@id":"https:\/\/www.laboratoriobioclinic.cr\/es\/blog-es\/octubre-mes-rosa-cancer-mama\/#primaryimage"},"image":{"@id":"https:\/\/www.laboratoriobioclinic.cr\/es\/blog-es\/octubre-mes-rosa-cancer-mama\/#primaryimage"},"thumbnailUrl":"https:\/\/laboratoriobioclinic.cr\/wp-content\/uploads\/2024\/10\/octubre-mes-de-sensibilizacion-con-el-cancer-de-mama-laboratorio-bioclinic.png","datePublished":"2024-10-01T18:28:24+00:00","author":{"@id":"https:\/\/laboratoriobioclinic.cr\/es\/#\/schema\/person\/22388802b822cf3b3ff7019581c95721"},"description":"Octubre es el Mes Rosa dedicado a la concienciaci\u00f3n sobre el c\u00e1ncer de mama. Descubre c\u00f3mo la detecci\u00f3n temprana puede salvar vidas.","inLanguage":"en-US","potentialAction":[{"@type":"ReadAction","target":["https:\/\/www.laboratoriobioclinic.cr\/es\/blog-es\/octubre-mes-rosa-cancer-mama\/"]}]},{"@type":"ImageObject","inLanguage":"en-US","@id":"https:\/\/www.laboratoriobioclinic.cr\/es\/blog-es\/octubre-mes-rosa-cancer-mama\/#primaryimage","url":"https:\/\/laboratoriobioclinic.cr\/wp-content\/uploads\/2024\/10\/octubre-mes-de-sensibilizacion-con-el-cancer-de-mama-laboratorio-bioclinic.png","contentUrl":"https:\/\/laboratoriobioclinic.cr\/wp-content\/uploads\/2024\/10\/octubre-mes-de-sensibilizacion-con-el-cancer-de-mama-laboratorio-bioclinic.png","width":851,"height":315,"caption":"Octubre mes sensibilizaci\u00f3n c\u00e1ncer de mama"},{"@type":"WebSite","@id":"https:\/\/laboratoriobioclinic.cr\/es\/#website","url":"https:\/\/laboratoriobioclinic.cr\/es\/","name":"Laboratorio Bioclinic","description":"An\u00e1lisis cl\u00ednicos | Puerto Viejo | Lim\u00f3n","potentialAction":[{"@type":"SearchAction","target":{"@type":"EntryPoint","urlTemplate":"https:\/\/laboratoriobioclinic.cr\/es\/?s={search_term_string}"},"query-input":{"@type":"PropertyValueSpecification","valueRequired":true,"valueName":"search_term_string"}}],"inLanguage":"en-US"},{"@type":"Person","@id":"https:\/\/laboratoriobioclinic.cr\/es\/#\/schema\/person\/22388802b822cf3b3ff7019581c95721","name":"V\u00edctor Hern\u00e1ndez","image":{"@type":"ImageObject","inLanguage":"en-US","@id":"https:\/\/secure.gravatar.com\/avatar\/df86c8d5b329d3be6dc959b83558672fb6ce1002eb345c198ef5458738b7ce88?s=96&d=mm&r=g","url":"https:\/\/secure.gravatar.com\/avatar\/df86c8d5b329d3be6dc959b83558672fb6ce1002eb345c198ef5458738b7ce88?s=96&d=mm&r=g","contentUrl":"https:\/\/secure.gravatar.com\/avatar\/df86c8d5b329d3be6dc959b83558672fb6ce1002eb345c198ef5458738b7ce88?s=96&d=mm&r=g","caption":"V\u00edctor Hern\u00e1ndez"},"url":"https:\/\/laboratoriobioclinic.cr\/en\/author\/victor\/"}]}},"_links":{"self":[{"href":"https:\/\/laboratoriobioclinic.cr\/en\/wp-json\/wp\/v2\/posts\/972","targetHints":{"allow":["GET"]}}],"collection":[{"href":"https:\/\/laboratoriobioclinic.cr\/en\/wp-json\/wp\/v2\/posts"}],"about":[{"href":"https:\/\/laboratoriobioclinic.cr\/en\/wp-json\/wp\/v2\/types\/post"}],"author":[{"embeddable":true,"href":"https:\/\/laboratoriobioclinic.cr\/en\/wp-json\/wp\/v2\/users\/2"}],"replies":[{"embeddable":true,"href":"https:\/\/laboratoriobioclinic.cr\/en\/wp-json\/wp\/v2\/comments?post=972"}],"version-history":[{"count":1,"href":"https:\/\/laboratoriobioclinic.cr\/en\/wp-json\/wp\/v2\/posts\/972\/revisions"}],"predecessor-version":[{"id":974,"href":"https:\/\/laboratoriobioclinic.cr\/en\/wp-json\/wp\/v2\/posts\/972\/revisions\/974"}],"wp:featuredmedia":[{"embeddable":true,"href":"https:\/\/laboratoriobioclinic.cr\/en\/wp-json\/wp\/v2\/media\/973"}],"wp:attachment":[{"href":"https:\/\/laboratoriobioclinic.cr\/en\/wp-json\/wp\/v2\/media?parent=972"}],"wp:term":[{"taxonomy":"category","embeddable":true,"href":"https:\/\/laboratoriobioclinic.cr\/en\/wp-json\/wp\/v2\/categories?post=972"},{"taxonomy":"post_tag","embeddable":true,"href":"https:\/\/laboratoriobioclinic.cr\/en\/wp-json\/wp\/v2\/tags?post=972"}],"curies":[{"name":"wp","href":"https:\/\/api.w.org\/{rel}","templated":true}]}}