{"id":769,"date":"2023-07-28T10:27:03","date_gmt":"2023-07-28T16:27:03","guid":{"rendered":"https:\/\/laboratoriobioclinic.cr\/?p=769"},"modified":"2023-07-28T10:27:03","modified_gmt":"2023-07-28T16:27:03","slug":"secuenciaci%c3%b3n-gen%c3%a9tica-entendiendo-el-c%c3%b3digo-de-la-vida","status":"publish","type":"post","link":"https:\/\/laboratoriobioclinic.cr\/en\/blog-es\/secuenciaci%c3%b3n-gen%c3%a9tica-entendiendo-el-c%c3%b3digo-de-la-vida\/","title":{"rendered":"Secuenciaci\u00f3n Gen\u00e9tica: Entendiendo el C\u00f3digo de la Vida"},"content":{"rendered":"<h2>Explora c\u00f3mo la secuenciaci\u00f3n gen\u00e9tica descifra el c\u00f3digo de la vida, c\u00f3mo influyen factores y c\u00f3mo las pruebas pueden minimizar riesgos<\/h2>\n<p>La <strong>secuenciaci\u00f3n gen\u00e9tica<\/strong> es m\u00e1s que una simple t\u00e9cnica de laboratorio. Es una ventana que nos permite explorar la esencia m\u00e1s profunda de lo que somos como seres humanos: <strong>nuestro c\u00f3digo gen\u00e9tico<\/strong>. Este c\u00f3digo es una intrincada combinaci\u00f3n de influencias de la etnia, desarrollo embrionario, herencia gen\u00e9tica y estilo de vida.<\/p>\n<p>Imagina el <strong>c\u00f3digo gen\u00e9tico<\/strong> como un c\u00f3digo de barras \u00fanico y personalizado. Parte de este c\u00f3digo nos es heredado por nuestro padre, y otra parte por nuestra madre. Juntos, crean una matriz \u00fanica que determina gran parte de lo que somos.<\/p>\n<p>Pero este c\u00f3digo no siempre es perfecto. Puede contener mutaciones que, en ocasiones, se manifiestan en forma de enfermedades o padecimientos de salud en las personas que las heredan. Estos desaf\u00edos pueden parecer abrumadores, pero ah\u00ed es donde la secuenciaci\u00f3n gen\u00e9tica entra en juego.<\/p>\n<p>Las <a href=\"https:\/\/laboratoriobioclinic.cr\/blog-es\/combatiendo-el-c%c3%a1ncer-con-paneles-gen%c3%a9ticos-enfoque-bioclinic\/\">pruebas gen\u00e9ticas<\/a> son una herramienta valiosa que nos brinda informaci\u00f3n esencial. En el caso de algunas <strong>enfermedades hereditarias<\/strong>, con el adecuado asesoramiento m\u00e9dico y un tratamiento personalizado, es posible minimizar su impacto y reducir el riesgo de una muerte prematura.<\/p>\n<p>Si tienes alguna duda sobre las <strong>pruebas gen\u00e9ticas<\/strong> que ofrece nuestro laboratorio, te invitamos a comunicarte con nosotros. Ser\u00e1s atendido por un profesional en Microbiolog\u00eda, quien te guiar\u00e1 a trav\u00e9s del proceso. Recuerda que se debe agendar una cita previa para la realizaci\u00f3n de este tipo de pruebas.<\/p>\n<p>La secuenciaci\u00f3n gen\u00e9tica nos ofrece la posibilidad de entender mejor nuestro c\u00f3digo de la vida. Nos ayuda a prepararnos para lo que pueda venir y a tomar medidas para vivir vidas m\u00e1s saludables y plenas. La secuenciaci\u00f3n gen\u00e9tica es, verdaderamente, un regalo de conocimiento, y nosotros estamos aqu\u00ed para ayudarte a descifrarlo.<\/p>\n<p>Ofrecemos estas pruebas en nuestras\u00a0<strong><a href=\"https:\/\/laboratoriobioclinic.cr\/empresa\/sedes-laboratorio-bioclinic-limon\/\">dos sedes<\/a>\u00a0en Lim\u00f3n centro<\/strong>\u00a0y\u00a0<strong>Puerto Viejo de Talamanca<\/strong>.<\/p>\n","protected":false},"excerpt":{"rendered":"<p>Explora c\u00f3mo la secuenciaci\u00f3n gen\u00e9tica descifra el c\u00f3digo de la vida, c\u00f3mo influyen factores y c\u00f3mo las pruebas pueden minimizar riesgos La secuenciaci\u00f3n gen\u00e9tica es m\u00e1s que una simple t\u00e9cnica de laboratorio. Es una ventana que nos permite explorar la esencia m\u00e1s profunda de lo que somos como seres humanos: nuestro c\u00f3digo gen\u00e9tico. Este c\u00f3digo [&hellip;]<\/p>\n","protected":false},"author":2,"featured_media":770,"comment_status":"open","ping_status":"open","sticky":false,"template":"","format":"standard","meta":{"footnotes":""},"categories":[15],"tags":[552,554,42,553,555,45,541,168],"class_list":["post-769","post","type-post","status-publish","format-standard","has-post-thumbnail","hentry","category-blog-es","tag-cdigo-gentico","tag-enfermedades-hereditarias","tag-limn","tag-mutaciones","tag-pruebas-genticas","tag-puerto-viejo","tag-secuenciacin","tag-talamanca"],"yoast_head":"<!-- This site is optimized with the Yoast SEO plugin v27.5 - https:\/\/yoast.com\/product\/yoast-seo-wordpress\/ -->\n<title>Secuenciaci\u00f3n Gen\u00e9tica: Entendiendo el C\u00f3digo de la Vida - Laboratorio Bioclinic<\/title>\n<meta name=\"description\" content=\"Explora c\u00f3mo la secuenciaci\u00f3n gen\u00e9tica descifra el c\u00f3digo de la vida, c\u00f3mo influyen factores y c\u00f3mo las pruebas pueden minimizar riesgos.\" \/>\n<meta name=\"robots\" content=\"index, follow, max-snippet:-1, max-image-preview:large, max-video-preview:-1\" \/>\n<link rel=\"canonical\" href=\"https:\/\/www.laboratoriobioclinic.cr\/en\/blog-es\/secuenciaci\u00f3n-gen\u00e9tica-entendiendo-el-c\u00f3digo-de-la-vida\/\" \/>\n<meta property=\"og:locale\" content=\"en_US\" \/>\n<meta property=\"og:type\" content=\"article\" \/>\n<meta property=\"og:title\" content=\"Secuenciaci\u00f3n Gen\u00e9tica: Entendiendo el C\u00f3digo de la Vida - Laboratorio Bioclinic\" \/>\n<meta property=\"og:description\" content=\"Explora c\u00f3mo la secuenciaci\u00f3n gen\u00e9tica descifra el c\u00f3digo de la vida, c\u00f3mo influyen factores y c\u00f3mo las pruebas pueden minimizar riesgos.\" \/>\n<meta property=\"og:url\" content=\"https:\/\/www.laboratoriobioclinic.cr\/en\/blog-es\/secuenciaci\u00f3n-gen\u00e9tica-entendiendo-el-c\u00f3digo-de-la-vida\/\" \/>\n<meta property=\"og:site_name\" content=\"Laboratorio Bioclinic\" \/>\n<meta property=\"article:published_time\" content=\"2023-07-28T16:27:03+00:00\" \/>\n<meta property=\"og:image\" content=\"https:\/\/www.laboratoriobioclinic.cr\/wp-content\/uploads\/2023\/07\/Secuenciacion-Genetica.png\" \/>\n\t<meta property=\"og:image:width\" content=\"1200\" \/>\n\t<meta property=\"og:image:height\" content=\"1243\" \/>\n\t<meta property=\"og:image:type\" content=\"image\/png\" \/>\n<meta name=\"author\" content=\"V\u00edctor Hern\u00e1ndez\" \/>\n<meta name=\"twitter:card\" content=\"summary_large_image\" \/>\n<meta name=\"twitter:label1\" content=\"Written by\" \/>\n\t<meta name=\"twitter:data1\" content=\"V\u00edctor Hern\u00e1ndez\" \/>\n\t<meta name=\"twitter:label2\" content=\"Est. reading time\" \/>\n\t<meta name=\"twitter:data2\" content=\"2 minutes\" \/>\n<script type=\"application\/ld+json\" class=\"yoast-schema-graph\">{\"@context\":\"https:\\\/\\\/schema.org\",\"@graph\":[{\"@type\":\"Article\",\"@id\":\"https:\\\/\\\/www.laboratoriobioclinic.cr\\\/en\\\/blog-es\\\/secuenciaci%c3%b3n-gen%c3%a9tica-entendiendo-el-c%c3%b3digo-de-la-vida\\\/#article\",\"isPartOf\":{\"@id\":\"https:\\\/\\\/www.laboratoriobioclinic.cr\\\/en\\\/blog-es\\\/secuenciaci%c3%b3n-gen%c3%a9tica-entendiendo-el-c%c3%b3digo-de-la-vida\\\/\"},\"author\":{\"name\":\"V\u00edctor Hern\u00e1ndez\",\"@id\":\"https:\\\/\\\/laboratoriobioclinic.cr\\\/es\\\/#\\\/schema\\\/person\\\/22388802b822cf3b3ff7019581c95721\"},\"headline\":\"Secuenciaci\u00f3n Gen\u00e9tica: Entendiendo el C\u00f3digo de la Vida\",\"datePublished\":\"2023-07-28T16:27:03+00:00\",\"mainEntityOfPage\":{\"@id\":\"https:\\\/\\\/www.laboratoriobioclinic.cr\\\/en\\\/blog-es\\\/secuenciaci%c3%b3n-gen%c3%a9tica-entendiendo-el-c%c3%b3digo-de-la-vida\\\/\"},\"wordCount\":363,\"commentCount\":0,\"image\":{\"@id\":\"https:\\\/\\\/www.laboratoriobioclinic.cr\\\/en\\\/blog-es\\\/secuenciaci%c3%b3n-gen%c3%a9tica-entendiendo-el-c%c3%b3digo-de-la-vida\\\/#primaryimage\"},\"thumbnailUrl\":\"https:\\\/\\\/laboratoriobioclinic.cr\\\/wp-content\\\/uploads\\\/2023\\\/07\\\/Secuenciacion-Genetica.png\",\"keywords\":[\"C\u00f3digo Gen\u00e9tico\",\"Enfermedades Hereditarias\",\"lim\u00f3n\",\"Mutaciones\",\"Pruebas Gen\u00e9ticas\",\"puerto viejo\",\"Secuenciaci\u00f3n\",\"Talamanca\"],\"articleSection\":[\"Blog ES\"],\"inLanguage\":\"en-US\",\"potentialAction\":[{\"@type\":\"CommentAction\",\"name\":\"Comment\",\"target\":[\"https:\\\/\\\/www.laboratoriobioclinic.cr\\\/en\\\/blog-es\\\/secuenciaci%c3%b3n-gen%c3%a9tica-entendiendo-el-c%c3%b3digo-de-la-vida\\\/#respond\"]}]},{\"@type\":\"WebPage\",\"@id\":\"https:\\\/\\\/www.laboratoriobioclinic.cr\\\/en\\\/blog-es\\\/secuenciaci%c3%b3n-gen%c3%a9tica-entendiendo-el-c%c3%b3digo-de-la-vida\\\/\",\"url\":\"https:\\\/\\\/www.laboratoriobioclinic.cr\\\/en\\\/blog-es\\\/secuenciaci%c3%b3n-gen%c3%a9tica-entendiendo-el-c%c3%b3digo-de-la-vida\\\/\",\"name\":\"Secuenciaci\u00f3n Gen\u00e9tica: Entendiendo el C\u00f3digo de la Vida - Laboratorio Bioclinic\",\"isPartOf\":{\"@id\":\"https:\\\/\\\/laboratoriobioclinic.cr\\\/es\\\/#website\"},\"primaryImageOfPage\":{\"@id\":\"https:\\\/\\\/www.laboratoriobioclinic.cr\\\/en\\\/blog-es\\\/secuenciaci%c3%b3n-gen%c3%a9tica-entendiendo-el-c%c3%b3digo-de-la-vida\\\/#primaryimage\"},\"image\":{\"@id\":\"https:\\\/\\\/www.laboratoriobioclinic.cr\\\/en\\\/blog-es\\\/secuenciaci%c3%b3n-gen%c3%a9tica-entendiendo-el-c%c3%b3digo-de-la-vida\\\/#primaryimage\"},\"thumbnailUrl\":\"https:\\\/\\\/laboratoriobioclinic.cr\\\/wp-content\\\/uploads\\\/2023\\\/07\\\/Secuenciacion-Genetica.png\",\"datePublished\":\"2023-07-28T16:27:03+00:00\",\"author\":{\"@id\":\"https:\\\/\\\/laboratoriobioclinic.cr\\\/es\\\/#\\\/schema\\\/person\\\/22388802b822cf3b3ff7019581c95721\"},\"description\":\"Explora c\u00f3mo la secuenciaci\u00f3n gen\u00e9tica descifra el c\u00f3digo de la vida, c\u00f3mo influyen factores y c\u00f3mo las pruebas pueden minimizar riesgos.\",\"inLanguage\":\"en-US\",\"potentialAction\":[{\"@type\":\"ReadAction\",\"target\":[\"https:\\\/\\\/www.laboratoriobioclinic.cr\\\/en\\\/blog-es\\\/secuenciaci%c3%b3n-gen%c3%a9tica-entendiendo-el-c%c3%b3digo-de-la-vida\\\/\"]}]},{\"@type\":\"ImageObject\",\"inLanguage\":\"en-US\",\"@id\":\"https:\\\/\\\/www.laboratoriobioclinic.cr\\\/en\\\/blog-es\\\/secuenciaci%c3%b3n-gen%c3%a9tica-entendiendo-el-c%c3%b3digo-de-la-vida\\\/#primaryimage\",\"url\":\"https:\\\/\\\/laboratoriobioclinic.cr\\\/wp-content\\\/uploads\\\/2023\\\/07\\\/Secuenciacion-Genetica.png\",\"contentUrl\":\"https:\\\/\\\/laboratoriobioclinic.cr\\\/wp-content\\\/uploads\\\/2023\\\/07\\\/Secuenciacion-Genetica.png\",\"width\":1200,\"height\":1243,\"caption\":\"Secuenciaci\u00f3n gen\u00e9tica\"},{\"@type\":\"WebSite\",\"@id\":\"https:\\\/\\\/laboratoriobioclinic.cr\\\/es\\\/#website\",\"url\":\"https:\\\/\\\/laboratoriobioclinic.cr\\\/es\\\/\",\"name\":\"Laboratorio Bioclinic\",\"description\":\"An\u00e1lisis cl\u00ednicos | Puerto Viejo | Lim\u00f3n\",\"potentialAction\":[{\"@type\":\"SearchAction\",\"target\":{\"@type\":\"EntryPoint\",\"urlTemplate\":\"https:\\\/\\\/laboratoriobioclinic.cr\\\/es\\\/?s={search_term_string}\"},\"query-input\":{\"@type\":\"PropertyValueSpecification\",\"valueRequired\":true,\"valueName\":\"search_term_string\"}}],\"inLanguage\":\"en-US\"},{\"@type\":\"Person\",\"@id\":\"https:\\\/\\\/laboratoriobioclinic.cr\\\/es\\\/#\\\/schema\\\/person\\\/22388802b822cf3b3ff7019581c95721\",\"name\":\"V\u00edctor Hern\u00e1ndez\",\"image\":{\"@type\":\"ImageObject\",\"inLanguage\":\"en-US\",\"@id\":\"https:\\\/\\\/secure.gravatar.com\\\/avatar\\\/df86c8d5b329d3be6dc959b83558672fb6ce1002eb345c198ef5458738b7ce88?s=96&d=mm&r=g\",\"url\":\"https:\\\/\\\/secure.gravatar.com\\\/avatar\\\/df86c8d5b329d3be6dc959b83558672fb6ce1002eb345c198ef5458738b7ce88?s=96&d=mm&r=g\",\"contentUrl\":\"https:\\\/\\\/secure.gravatar.com\\\/avatar\\\/df86c8d5b329d3be6dc959b83558672fb6ce1002eb345c198ef5458738b7ce88?s=96&d=mm&r=g\",\"caption\":\"V\u00edctor Hern\u00e1ndez\"},\"url\":\"https:\\\/\\\/laboratoriobioclinic.cr\\\/en\\\/author\\\/victor\\\/\"}]}<\/script>\n<!-- \/ Yoast SEO plugin. -->","yoast_head_json":{"title":"Secuenciaci\u00f3n Gen\u00e9tica: Entendiendo el C\u00f3digo de la Vida - Laboratorio Bioclinic","description":"Explora c\u00f3mo la secuenciaci\u00f3n gen\u00e9tica descifra el c\u00f3digo de la vida, c\u00f3mo influyen factores y c\u00f3mo las pruebas pueden minimizar riesgos.","robots":{"index":"index","follow":"follow","max-snippet":"max-snippet:-1","max-image-preview":"max-image-preview:large","max-video-preview":"max-video-preview:-1"},"canonical":"https:\/\/www.laboratoriobioclinic.cr\/en\/blog-es\/secuenciaci\u00f3n-gen\u00e9tica-entendiendo-el-c\u00f3digo-de-la-vida\/","og_locale":"en_US","og_type":"article","og_title":"Secuenciaci\u00f3n Gen\u00e9tica: Entendiendo el C\u00f3digo de la Vida - Laboratorio Bioclinic","og_description":"Explora c\u00f3mo la secuenciaci\u00f3n gen\u00e9tica descifra el c\u00f3digo de la vida, c\u00f3mo influyen factores y c\u00f3mo las pruebas pueden minimizar riesgos.","og_url":"https:\/\/www.laboratoriobioclinic.cr\/en\/blog-es\/secuenciaci\u00f3n-gen\u00e9tica-entendiendo-el-c\u00f3digo-de-la-vida\/","og_site_name":"Laboratorio Bioclinic","article_published_time":"2023-07-28T16:27:03+00:00","og_image":[{"width":1200,"height":1243,"url":"https:\/\/www.laboratoriobioclinic.cr\/wp-content\/uploads\/2023\/07\/Secuenciacion-Genetica.png","type":"image\/png"}],"author":"V\u00edctor Hern\u00e1ndez","twitter_card":"summary_large_image","twitter_misc":{"Written by":"V\u00edctor Hern\u00e1ndez","Est. reading time":"2 minutes"},"schema":{"@context":"https:\/\/schema.org","@graph":[{"@type":"Article","@id":"https:\/\/www.laboratoriobioclinic.cr\/en\/blog-es\/secuenciaci%c3%b3n-gen%c3%a9tica-entendiendo-el-c%c3%b3digo-de-la-vida\/#article","isPartOf":{"@id":"https:\/\/www.laboratoriobioclinic.cr\/en\/blog-es\/secuenciaci%c3%b3n-gen%c3%a9tica-entendiendo-el-c%c3%b3digo-de-la-vida\/"},"author":{"name":"V\u00edctor Hern\u00e1ndez","@id":"https:\/\/laboratoriobioclinic.cr\/es\/#\/schema\/person\/22388802b822cf3b3ff7019581c95721"},"headline":"Secuenciaci\u00f3n Gen\u00e9tica: Entendiendo el C\u00f3digo de la Vida","datePublished":"2023-07-28T16:27:03+00:00","mainEntityOfPage":{"@id":"https:\/\/www.laboratoriobioclinic.cr\/en\/blog-es\/secuenciaci%c3%b3n-gen%c3%a9tica-entendiendo-el-c%c3%b3digo-de-la-vida\/"},"wordCount":363,"commentCount":0,"image":{"@id":"https:\/\/www.laboratoriobioclinic.cr\/en\/blog-es\/secuenciaci%c3%b3n-gen%c3%a9tica-entendiendo-el-c%c3%b3digo-de-la-vida\/#primaryimage"},"thumbnailUrl":"https:\/\/laboratoriobioclinic.cr\/wp-content\/uploads\/2023\/07\/Secuenciacion-Genetica.png","keywords":["C\u00f3digo Gen\u00e9tico","Enfermedades Hereditarias","lim\u00f3n","Mutaciones","Pruebas Gen\u00e9ticas","puerto viejo","Secuenciaci\u00f3n","Talamanca"],"articleSection":["Blog ES"],"inLanguage":"en-US","potentialAction":[{"@type":"CommentAction","name":"Comment","target":["https:\/\/www.laboratoriobioclinic.cr\/en\/blog-es\/secuenciaci%c3%b3n-gen%c3%a9tica-entendiendo-el-c%c3%b3digo-de-la-vida\/#respond"]}]},{"@type":"WebPage","@id":"https:\/\/www.laboratoriobioclinic.cr\/en\/blog-es\/secuenciaci%c3%b3n-gen%c3%a9tica-entendiendo-el-c%c3%b3digo-de-la-vida\/","url":"https:\/\/www.laboratoriobioclinic.cr\/en\/blog-es\/secuenciaci%c3%b3n-gen%c3%a9tica-entendiendo-el-c%c3%b3digo-de-la-vida\/","name":"Secuenciaci\u00f3n Gen\u00e9tica: Entendiendo el C\u00f3digo de la Vida - Laboratorio Bioclinic","isPartOf":{"@id":"https:\/\/laboratoriobioclinic.cr\/es\/#website"},"primaryImageOfPage":{"@id":"https:\/\/www.laboratoriobioclinic.cr\/en\/blog-es\/secuenciaci%c3%b3n-gen%c3%a9tica-entendiendo-el-c%c3%b3digo-de-la-vida\/#primaryimage"},"image":{"@id":"https:\/\/www.laboratoriobioclinic.cr\/en\/blog-es\/secuenciaci%c3%b3n-gen%c3%a9tica-entendiendo-el-c%c3%b3digo-de-la-vida\/#primaryimage"},"thumbnailUrl":"https:\/\/laboratoriobioclinic.cr\/wp-content\/uploads\/2023\/07\/Secuenciacion-Genetica.png","datePublished":"2023-07-28T16:27:03+00:00","author":{"@id":"https:\/\/laboratoriobioclinic.cr\/es\/#\/schema\/person\/22388802b822cf3b3ff7019581c95721"},"description":"Explora c\u00f3mo la secuenciaci\u00f3n gen\u00e9tica descifra el c\u00f3digo de la vida, c\u00f3mo influyen factores y c\u00f3mo las pruebas pueden minimizar riesgos.","inLanguage":"en-US","potentialAction":[{"@type":"ReadAction","target":["https:\/\/www.laboratoriobioclinic.cr\/en\/blog-es\/secuenciaci%c3%b3n-gen%c3%a9tica-entendiendo-el-c%c3%b3digo-de-la-vida\/"]}]},{"@type":"ImageObject","inLanguage":"en-US","@id":"https:\/\/www.laboratoriobioclinic.cr\/en\/blog-es\/secuenciaci%c3%b3n-gen%c3%a9tica-entendiendo-el-c%c3%b3digo-de-la-vida\/#primaryimage","url":"https:\/\/laboratoriobioclinic.cr\/wp-content\/uploads\/2023\/07\/Secuenciacion-Genetica.png","contentUrl":"https:\/\/laboratoriobioclinic.cr\/wp-content\/uploads\/2023\/07\/Secuenciacion-Genetica.png","width":1200,"height":1243,"caption":"Secuenciaci\u00f3n gen\u00e9tica"},{"@type":"WebSite","@id":"https:\/\/laboratoriobioclinic.cr\/es\/#website","url":"https:\/\/laboratoriobioclinic.cr\/es\/","name":"Laboratorio Bioclinic","description":"An\u00e1lisis cl\u00ednicos | Puerto Viejo | Lim\u00f3n","potentialAction":[{"@type":"SearchAction","target":{"@type":"EntryPoint","urlTemplate":"https:\/\/laboratoriobioclinic.cr\/es\/?s={search_term_string}"},"query-input":{"@type":"PropertyValueSpecification","valueRequired":true,"valueName":"search_term_string"}}],"inLanguage":"en-US"},{"@type":"Person","@id":"https:\/\/laboratoriobioclinic.cr\/es\/#\/schema\/person\/22388802b822cf3b3ff7019581c95721","name":"V\u00edctor Hern\u00e1ndez","image":{"@type":"ImageObject","inLanguage":"en-US","@id":"https:\/\/secure.gravatar.com\/avatar\/df86c8d5b329d3be6dc959b83558672fb6ce1002eb345c198ef5458738b7ce88?s=96&d=mm&r=g","url":"https:\/\/secure.gravatar.com\/avatar\/df86c8d5b329d3be6dc959b83558672fb6ce1002eb345c198ef5458738b7ce88?s=96&d=mm&r=g","contentUrl":"https:\/\/secure.gravatar.com\/avatar\/df86c8d5b329d3be6dc959b83558672fb6ce1002eb345c198ef5458738b7ce88?s=96&d=mm&r=g","caption":"V\u00edctor Hern\u00e1ndez"},"url":"https:\/\/laboratoriobioclinic.cr\/en\/author\/victor\/"}]}},"_links":{"self":[{"href":"https:\/\/laboratoriobioclinic.cr\/en\/wp-json\/wp\/v2\/posts\/769","targetHints":{"allow":["GET"]}}],"collection":[{"href":"https:\/\/laboratoriobioclinic.cr\/en\/wp-json\/wp\/v2\/posts"}],"about":[{"href":"https:\/\/laboratoriobioclinic.cr\/en\/wp-json\/wp\/v2\/types\/post"}],"author":[{"embeddable":true,"href":"https:\/\/laboratoriobioclinic.cr\/en\/wp-json\/wp\/v2\/users\/2"}],"replies":[{"embeddable":true,"href":"https:\/\/laboratoriobioclinic.cr\/en\/wp-json\/wp\/v2\/comments?post=769"}],"version-history":[{"count":1,"href":"https:\/\/laboratoriobioclinic.cr\/en\/wp-json\/wp\/v2\/posts\/769\/revisions"}],"predecessor-version":[{"id":771,"href":"https:\/\/laboratoriobioclinic.cr\/en\/wp-json\/wp\/v2\/posts\/769\/revisions\/771"}],"wp:featuredmedia":[{"embeddable":true,"href":"https:\/\/laboratoriobioclinic.cr\/en\/wp-json\/wp\/v2\/media\/770"}],"wp:attachment":[{"href":"https:\/\/laboratoriobioclinic.cr\/en\/wp-json\/wp\/v2\/media?parent=769"}],"wp:term":[{"taxonomy":"category","embeddable":true,"href":"https:\/\/laboratoriobioclinic.cr\/en\/wp-json\/wp\/v2\/categories?post=769"},{"taxonomy":"post_tag","embeddable":true,"href":"https:\/\/laboratoriobioclinic.cr\/en\/wp-json\/wp\/v2\/tags?post=769"}],"curies":[{"name":"wp","href":"https:\/\/api.w.org\/{rel}","templated":true}]}}