{"id":333,"date":"2021-10-02T00:21:28","date_gmt":"2021-10-02T00:21:28","guid":{"rendered":"https:\/\/laboratoriobioclinic.cr\/?p=333"},"modified":"2021-10-02T00:28:29","modified_gmt":"2021-10-02T00:28:29","slug":"octubre-sensibilizaci%c3%b3n-sobre-el-c%c3%a1ncer-de-mama","status":"publish","type":"post","link":"https:\/\/laboratoriobioclinic.cr\/en\/blog-es\/octubre-sensibilizaci%c3%b3n-sobre-el-c%c3%a1ncer-de-mama\/","title":{"rendered":"Octubre: Sensibilizaci\u00f3n sobre el C\u00e1ncer de Mama"},"content":{"rendered":"<h4 class=\"p1\">Octubre: Sensibilizaci\u00f3n sobre el C\u00e1ncer de Mama<\/h4>\n<h5 class=\"p1\"><b>El c\u00e1ncer de mama en la Regi\u00f3n de las Am\u00e9ricas<\/b><\/h5>\n<p class=\"p1\">En la Regi\u00f3n de las Am\u00e9ricas, el <strong>c\u00e1ncer de mama<\/strong> es el m\u00e1s com\u00fan en <strong>mujeres<\/strong> y la segunda causa principal de muerte por c\u00e1ncer en mujeres. Se estima que m\u00e1s de <strong>462.000 mujeres<\/strong> son diagnosticadas y aproximadamente 100.000 mueren por c\u00e1ncer de mama cada a\u00f1o. Se estima que si se mantienen las tendencias actuales, para 2030 aumentar\u00e1 en un 34% en la Regi\u00f3n de las Am\u00e9ricas.<\/p>\n<p><img loading=\"lazy\" decoding=\"async\" class=\"alignnone size-medium wp-image-336\" src=\"https:\/\/laboratoriobioclinic.cr\/wp-content\/uploads\/2021\/10\/Mensajes-claves-ca\u0301ncer-de-mama-247x300.jpg\" alt=\"Mensajes claves c\u00e1ncer de mama\" width=\"247\" height=\"300\" srcset=\"https:\/\/laboratoriobioclinic.cr\/wp-content\/uploads\/2021\/10\/Mensajes-claves-ca\u0301ncer-de-mama-247x300.jpg 247w, https:\/\/laboratoriobioclinic.cr\/wp-content\/uploads\/2021\/10\/Mensajes-claves-ca\u0301ncer-de-mama.jpg 733w\" sizes=\"auto, (max-width: 247px) 100vw, 247px\" \/><\/p>\n<p class=\"p1\">En los pa\u00edses de altos ingresos, los programas de cribado organizado mediante la mamograf\u00eda han dado lugar a un diagn\u00f3stico precoz, y junto con un tratamiento eficaz, han llevado a la reducci\u00f3n de la mortalidad por c\u00e1ncer de mama. Sin embargo, hay muchos desaf\u00edos en la implementaci\u00f3n de este tipo de programas de cribado organizado eficaces en entornos de recursos limitados. Por lo tanto, <strong>la sensibilizaci\u00f3n<\/strong> y la <strong>comprensi\u00f3n<\/strong> sobre los riesgos de c\u00e1ncer de mama, los primeros signos y s\u00edntomas y la concienciaci\u00f3n general sobre la salud mamaria es una parte importante de un enfoque de salud p\u00fablica para el c\u00e1ncer de mama.<\/p>\n<p class=\"p1\">\u00danase a la <strong>campa\u00f1a de sensibilizaci\u00f3n<\/strong> del mes de octubre para crear conciencia sobre el c\u00e1ncer de mama y brindar apoyo a las mujeres para reducir sus riesgos, participar en el tamizaje y buscar atenci\u00f3n m\u00e9dica, si detectan un bulto sospechoso. Acuda a su <strong>EBAIS<\/strong> o centro de salud y solicite un chequeo m\u00e9dico.<\/p>\n<p class=\"p1\">El c\u00e1ncer es en la actualidad la segunda causa de muerte en Costa Rica y la\u00a0 mayor amenaza para la salud de los costarricenses.\u00a0 Actualmente mueren 8 personas por d\u00eda en el pa\u00eds, por alg\u00fan tipo de c\u00e1ncer y durante los pr\u00f3ximos 10 a\u00f1os, se calcula que el aumento de la incidencia de esta enfermedad, producir\u00e1 casi 11 mil casos nuevos por a\u00f1o.<\/p>\n<p>Durante este mes de octubre, <strong>Laboratorio Bioclinic<\/strong> en <strong>Puerto Viejo<\/strong>, estar\u00e1 ofreciendo contenidos de sensibilizaci\u00f3n y apoyando a mujeres con c\u00e1ncer de mama. Sigue a nuestro <a href=\"https:\/\/laboratoriobioclinic.cr\/blog\/\"><strong>BLOG<\/strong><\/a> en nuestra web.<\/p>\n<p>Fuente: PAHO\/OMS<\/p>\n","protected":false},"excerpt":{"rendered":"<p>Octubre: Sensibilizaci\u00f3n sobre el C\u00e1ncer de Mama El c\u00e1ncer de mama en la Regi\u00f3n de las Am\u00e9ricas En la Regi\u00f3n de las Am\u00e9ricas, el c\u00e1ncer de mama es el m\u00e1s com\u00fan en mujeres y la segunda causa principal de muerte por c\u00e1ncer en mujeres. Se estima que m\u00e1s de 462.000 mujeres son diagnosticadas y aproximadamente [&hellip;]<\/p>\n","protected":false},"author":2,"featured_media":335,"comment_status":"open","ping_status":"open","sticky":false,"template":"","format":"standard","meta":{"footnotes":""},"categories":[15],"tags":[47,49,40,39,43,44,46,48,42,41,45,50],"class_list":["post-333","post","type-post","status-publish","format-standard","has-post-thumbnail","hentry","category-blog-es","tag-bioclinic","tag-blog","tag-cncer","tag-cncer-de-mama","tag-costa-rica","tag-ebais","tag-laboratorio","tag-laboratorio-bioclinic","tag-limn","tag-mama","tag-puerto-viejo","tag-web"],"yoast_head":"<!-- This site is optimized with the Yoast SEO plugin v27.5 - https:\/\/yoast.com\/product\/yoast-seo-wordpress\/ -->\n<title>Sensibilizaci\u00f3n sobre el C\u00e1ncer de Mama - Laboratorio Bioclinic<\/title>\n<meta name=\"description\" content=\"En la Regi\u00f3n de las Am\u00e9ricas, el c\u00e1ncer de mama es el m\u00e1s com\u00fan en mujeres y la segunda causa principal de muerte por c\u00e1ncer en mujeres.\" \/>\n<meta name=\"robots\" content=\"index, follow, max-snippet:-1, max-image-preview:large, max-video-preview:-1\" \/>\n<link rel=\"canonical\" href=\"https:\/\/laboratoriobioclinic.cr\/es\/blog-es\/octubre-sensibilizaci\u00f3n-sobre-el-c\u00e1ncer-de-mama\/\" \/>\n<meta property=\"og:locale\" content=\"en_US\" \/>\n<meta property=\"og:type\" content=\"article\" \/>\n<meta property=\"og:title\" content=\"Sensibilizaci\u00f3n sobre el C\u00e1ncer de Mama - Laboratorio Bioclinic\" \/>\n<meta property=\"og:description\" content=\"En la Regi\u00f3n de las Am\u00e9ricas, el c\u00e1ncer de mama es el m\u00e1s com\u00fan en mujeres y la segunda causa principal de muerte por c\u00e1ncer en mujeres.\" \/>\n<meta property=\"og:url\" content=\"https:\/\/laboratoriobioclinic.cr\/es\/blog-es\/octubre-sensibilizaci\u00f3n-sobre-el-c\u00e1ncer-de-mama\/\" \/>\n<meta property=\"og:site_name\" content=\"Laboratorio Bioclinic\" \/>\n<meta property=\"article:published_time\" content=\"2021-10-02T00:21:28+00:00\" \/>\n<meta property=\"article:modified_time\" content=\"2021-10-02T00:28:29+00:00\" \/>\n<meta property=\"og:image\" content=\"https:\/\/laboratoriobioclinic.cr\/wp-content\/uploads\/2021\/10\/Octubre-Sensibilizacio\u0301n-sobre-el-Ca\u0301ncer-de-Mama-1.jpg\" \/>\n\t<meta property=\"og:image:width\" content=\"1920\" \/>\n\t<meta property=\"og:image:height\" content=\"1080\" \/>\n\t<meta property=\"og:image:type\" content=\"image\/jpeg\" \/>\n<meta name=\"author\" content=\"V\u00edctor Hern\u00e1ndez\" \/>\n<meta name=\"twitter:card\" content=\"summary_large_image\" \/>\n<meta name=\"twitter:label1\" content=\"Written by\" \/>\n\t<meta name=\"twitter:data1\" content=\"V\u00edctor Hern\u00e1ndez\" \/>\n\t<meta name=\"twitter:label2\" content=\"Est. reading time\" \/>\n\t<meta name=\"twitter:data2\" content=\"2 minutes\" \/>\n<script type=\"application\/ld+json\" class=\"yoast-schema-graph\">{\"@context\":\"https:\\\/\\\/schema.org\",\"@graph\":[{\"@type\":\"Article\",\"@id\":\"https:\\\/\\\/laboratoriobioclinic.cr\\\/es\\\/blog-es\\\/octubre-sensibilizaci%c3%b3n-sobre-el-c%c3%a1ncer-de-mama\\\/#article\",\"isPartOf\":{\"@id\":\"https:\\\/\\\/laboratoriobioclinic.cr\\\/es\\\/blog-es\\\/octubre-sensibilizaci%c3%b3n-sobre-el-c%c3%a1ncer-de-mama\\\/\"},\"author\":{\"name\":\"V\u00edctor Hern\u00e1ndez\",\"@id\":\"https:\\\/\\\/laboratoriobioclinic.cr\\\/es\\\/#\\\/schema\\\/person\\\/22388802b822cf3b3ff7019581c95721\"},\"headline\":\"Octubre: Sensibilizaci\u00f3n sobre el C\u00e1ncer de Mama\",\"datePublished\":\"2021-10-02T00:21:28+00:00\",\"dateModified\":\"2021-10-02T00:28:29+00:00\",\"mainEntityOfPage\":{\"@id\":\"https:\\\/\\\/laboratoriobioclinic.cr\\\/es\\\/blog-es\\\/octubre-sensibilizaci%c3%b3n-sobre-el-c%c3%a1ncer-de-mama\\\/\"},\"wordCount\":386,\"commentCount\":0,\"image\":{\"@id\":\"https:\\\/\\\/laboratoriobioclinic.cr\\\/es\\\/blog-es\\\/octubre-sensibilizaci%c3%b3n-sobre-el-c%c3%a1ncer-de-mama\\\/#primaryimage\"},\"thumbnailUrl\":\"https:\\\/\\\/laboratoriobioclinic.cr\\\/wp-content\\\/uploads\\\/2021\\\/10\\\/Octubre-Sensibilizacio\u0301n-sobre-el-Ca\u0301ncer-de-Mama-1.jpg\",\"keywords\":[\"bioclinic\",\"blog\",\"c\u00e1ncer\",\"c\u00e1ncer de mama\",\"costa rica\",\"ebais\",\"laboratorio\",\"laboratorio bioclinic\",\"lim\u00f3n\",\"mama\",\"puerto viejo\",\"web\"],\"articleSection\":[\"Blog ES\"],\"inLanguage\":\"en-US\",\"potentialAction\":[{\"@type\":\"CommentAction\",\"name\":\"Comment\",\"target\":[\"https:\\\/\\\/laboratoriobioclinic.cr\\\/es\\\/blog-es\\\/octubre-sensibilizaci%c3%b3n-sobre-el-c%c3%a1ncer-de-mama\\\/#respond\"]}]},{\"@type\":\"WebPage\",\"@id\":\"https:\\\/\\\/laboratoriobioclinic.cr\\\/es\\\/blog-es\\\/octubre-sensibilizaci%c3%b3n-sobre-el-c%c3%a1ncer-de-mama\\\/\",\"url\":\"https:\\\/\\\/laboratoriobioclinic.cr\\\/es\\\/blog-es\\\/octubre-sensibilizaci%c3%b3n-sobre-el-c%c3%a1ncer-de-mama\\\/\",\"name\":\"Sensibilizaci\u00f3n sobre el C\u00e1ncer de Mama - Laboratorio Bioclinic\",\"isPartOf\":{\"@id\":\"https:\\\/\\\/laboratoriobioclinic.cr\\\/es\\\/#website\"},\"primaryImageOfPage\":{\"@id\":\"https:\\\/\\\/laboratoriobioclinic.cr\\\/es\\\/blog-es\\\/octubre-sensibilizaci%c3%b3n-sobre-el-c%c3%a1ncer-de-mama\\\/#primaryimage\"},\"image\":{\"@id\":\"https:\\\/\\\/laboratoriobioclinic.cr\\\/es\\\/blog-es\\\/octubre-sensibilizaci%c3%b3n-sobre-el-c%c3%a1ncer-de-mama\\\/#primaryimage\"},\"thumbnailUrl\":\"https:\\\/\\\/laboratoriobioclinic.cr\\\/wp-content\\\/uploads\\\/2021\\\/10\\\/Octubre-Sensibilizacio\u0301n-sobre-el-Ca\u0301ncer-de-Mama-1.jpg\",\"datePublished\":\"2021-10-02T00:21:28+00:00\",\"dateModified\":\"2021-10-02T00:28:29+00:00\",\"author\":{\"@id\":\"https:\\\/\\\/laboratoriobioclinic.cr\\\/es\\\/#\\\/schema\\\/person\\\/22388802b822cf3b3ff7019581c95721\"},\"description\":\"En la Regi\u00f3n de las Am\u00e9ricas, el c\u00e1ncer de mama es el m\u00e1s com\u00fan en mujeres y la segunda causa principal de muerte por c\u00e1ncer en mujeres.\",\"inLanguage\":\"en-US\",\"potentialAction\":[{\"@type\":\"ReadAction\",\"target\":[\"https:\\\/\\\/laboratoriobioclinic.cr\\\/es\\\/blog-es\\\/octubre-sensibilizaci%c3%b3n-sobre-el-c%c3%a1ncer-de-mama\\\/\"]}]},{\"@type\":\"ImageObject\",\"inLanguage\":\"en-US\",\"@id\":\"https:\\\/\\\/laboratoriobioclinic.cr\\\/es\\\/blog-es\\\/octubre-sensibilizaci%c3%b3n-sobre-el-c%c3%a1ncer-de-mama\\\/#primaryimage\",\"url\":\"https:\\\/\\\/laboratoriobioclinic.cr\\\/wp-content\\\/uploads\\\/2021\\\/10\\\/Octubre-Sensibilizacio\u0301n-sobre-el-Ca\u0301ncer-de-Mama-1.jpg\",\"contentUrl\":\"https:\\\/\\\/laboratoriobioclinic.cr\\\/wp-content\\\/uploads\\\/2021\\\/10\\\/Octubre-Sensibilizacio\u0301n-sobre-el-Ca\u0301ncer-de-Mama-1.jpg\",\"width\":1920,\"height\":1080,\"caption\":\"Sensiblizar por el c\u00e1ncer de mama\"},{\"@type\":\"WebSite\",\"@id\":\"https:\\\/\\\/laboratoriobioclinic.cr\\\/es\\\/#website\",\"url\":\"https:\\\/\\\/laboratoriobioclinic.cr\\\/es\\\/\",\"name\":\"Laboratorio Bioclinic\",\"description\":\"An\u00e1lisis cl\u00ednicos | Puerto Viejo | Lim\u00f3n\",\"potentialAction\":[{\"@type\":\"SearchAction\",\"target\":{\"@type\":\"EntryPoint\",\"urlTemplate\":\"https:\\\/\\\/laboratoriobioclinic.cr\\\/es\\\/?s={search_term_string}\"},\"query-input\":{\"@type\":\"PropertyValueSpecification\",\"valueRequired\":true,\"valueName\":\"search_term_string\"}}],\"inLanguage\":\"en-US\"},{\"@type\":\"Person\",\"@id\":\"https:\\\/\\\/laboratoriobioclinic.cr\\\/es\\\/#\\\/schema\\\/person\\\/22388802b822cf3b3ff7019581c95721\",\"name\":\"V\u00edctor Hern\u00e1ndez\",\"image\":{\"@type\":\"ImageObject\",\"inLanguage\":\"en-US\",\"@id\":\"https:\\\/\\\/secure.gravatar.com\\\/avatar\\\/df86c8d5b329d3be6dc959b83558672fb6ce1002eb345c198ef5458738b7ce88?s=96&d=mm&r=g\",\"url\":\"https:\\\/\\\/secure.gravatar.com\\\/avatar\\\/df86c8d5b329d3be6dc959b83558672fb6ce1002eb345c198ef5458738b7ce88?s=96&d=mm&r=g\",\"contentUrl\":\"https:\\\/\\\/secure.gravatar.com\\\/avatar\\\/df86c8d5b329d3be6dc959b83558672fb6ce1002eb345c198ef5458738b7ce88?s=96&d=mm&r=g\",\"caption\":\"V\u00edctor Hern\u00e1ndez\"},\"url\":\"https:\\\/\\\/laboratoriobioclinic.cr\\\/en\\\/author\\\/victor\\\/\"}]}<\/script>\n<!-- \/ Yoast SEO plugin. -->","yoast_head_json":{"title":"Sensibilizaci\u00f3n sobre el C\u00e1ncer de Mama - Laboratorio Bioclinic","description":"En la Regi\u00f3n de las Am\u00e9ricas, el c\u00e1ncer de mama es el m\u00e1s com\u00fan en mujeres y la segunda causa principal de muerte por c\u00e1ncer en mujeres.","robots":{"index":"index","follow":"follow","max-snippet":"max-snippet:-1","max-image-preview":"max-image-preview:large","max-video-preview":"max-video-preview:-1"},"canonical":"https:\/\/laboratoriobioclinic.cr\/es\/blog-es\/octubre-sensibilizaci\u00f3n-sobre-el-c\u00e1ncer-de-mama\/","og_locale":"en_US","og_type":"article","og_title":"Sensibilizaci\u00f3n sobre el C\u00e1ncer de Mama - Laboratorio Bioclinic","og_description":"En la Regi\u00f3n de las Am\u00e9ricas, el c\u00e1ncer de mama es el m\u00e1s com\u00fan en mujeres y la segunda causa principal de muerte por c\u00e1ncer en mujeres.","og_url":"https:\/\/laboratoriobioclinic.cr\/es\/blog-es\/octubre-sensibilizaci\u00f3n-sobre-el-c\u00e1ncer-de-mama\/","og_site_name":"Laboratorio Bioclinic","article_published_time":"2021-10-02T00:21:28+00:00","article_modified_time":"2021-10-02T00:28:29+00:00","og_image":[{"width":1920,"height":1080,"url":"https:\/\/laboratoriobioclinic.cr\/wp-content\/uploads\/2021\/10\/Octubre-Sensibilizacio\u0301n-sobre-el-Ca\u0301ncer-de-Mama-1.jpg","type":"image\/jpeg"}],"author":"V\u00edctor Hern\u00e1ndez","twitter_card":"summary_large_image","twitter_misc":{"Written by":"V\u00edctor Hern\u00e1ndez","Est. reading time":"2 minutes"},"schema":{"@context":"https:\/\/schema.org","@graph":[{"@type":"Article","@id":"https:\/\/laboratoriobioclinic.cr\/es\/blog-es\/octubre-sensibilizaci%c3%b3n-sobre-el-c%c3%a1ncer-de-mama\/#article","isPartOf":{"@id":"https:\/\/laboratoriobioclinic.cr\/es\/blog-es\/octubre-sensibilizaci%c3%b3n-sobre-el-c%c3%a1ncer-de-mama\/"},"author":{"name":"V\u00edctor Hern\u00e1ndez","@id":"https:\/\/laboratoriobioclinic.cr\/es\/#\/schema\/person\/22388802b822cf3b3ff7019581c95721"},"headline":"Octubre: Sensibilizaci\u00f3n sobre el C\u00e1ncer de Mama","datePublished":"2021-10-02T00:21:28+00:00","dateModified":"2021-10-02T00:28:29+00:00","mainEntityOfPage":{"@id":"https:\/\/laboratoriobioclinic.cr\/es\/blog-es\/octubre-sensibilizaci%c3%b3n-sobre-el-c%c3%a1ncer-de-mama\/"},"wordCount":386,"commentCount":0,"image":{"@id":"https:\/\/laboratoriobioclinic.cr\/es\/blog-es\/octubre-sensibilizaci%c3%b3n-sobre-el-c%c3%a1ncer-de-mama\/#primaryimage"},"thumbnailUrl":"https:\/\/laboratoriobioclinic.cr\/wp-content\/uploads\/2021\/10\/Octubre-Sensibilizacio\u0301n-sobre-el-Ca\u0301ncer-de-Mama-1.jpg","keywords":["bioclinic","blog","c\u00e1ncer","c\u00e1ncer de mama","costa rica","ebais","laboratorio","laboratorio bioclinic","lim\u00f3n","mama","puerto viejo","web"],"articleSection":["Blog ES"],"inLanguage":"en-US","potentialAction":[{"@type":"CommentAction","name":"Comment","target":["https:\/\/laboratoriobioclinic.cr\/es\/blog-es\/octubre-sensibilizaci%c3%b3n-sobre-el-c%c3%a1ncer-de-mama\/#respond"]}]},{"@type":"WebPage","@id":"https:\/\/laboratoriobioclinic.cr\/es\/blog-es\/octubre-sensibilizaci%c3%b3n-sobre-el-c%c3%a1ncer-de-mama\/","url":"https:\/\/laboratoriobioclinic.cr\/es\/blog-es\/octubre-sensibilizaci%c3%b3n-sobre-el-c%c3%a1ncer-de-mama\/","name":"Sensibilizaci\u00f3n sobre el C\u00e1ncer de Mama - Laboratorio Bioclinic","isPartOf":{"@id":"https:\/\/laboratoriobioclinic.cr\/es\/#website"},"primaryImageOfPage":{"@id":"https:\/\/laboratoriobioclinic.cr\/es\/blog-es\/octubre-sensibilizaci%c3%b3n-sobre-el-c%c3%a1ncer-de-mama\/#primaryimage"},"image":{"@id":"https:\/\/laboratoriobioclinic.cr\/es\/blog-es\/octubre-sensibilizaci%c3%b3n-sobre-el-c%c3%a1ncer-de-mama\/#primaryimage"},"thumbnailUrl":"https:\/\/laboratoriobioclinic.cr\/wp-content\/uploads\/2021\/10\/Octubre-Sensibilizacio\u0301n-sobre-el-Ca\u0301ncer-de-Mama-1.jpg","datePublished":"2021-10-02T00:21:28+00:00","dateModified":"2021-10-02T00:28:29+00:00","author":{"@id":"https:\/\/laboratoriobioclinic.cr\/es\/#\/schema\/person\/22388802b822cf3b3ff7019581c95721"},"description":"En la Regi\u00f3n de las Am\u00e9ricas, el c\u00e1ncer de mama es el m\u00e1s com\u00fan en mujeres y la segunda causa principal de muerte por c\u00e1ncer en mujeres.","inLanguage":"en-US","potentialAction":[{"@type":"ReadAction","target":["https:\/\/laboratoriobioclinic.cr\/es\/blog-es\/octubre-sensibilizaci%c3%b3n-sobre-el-c%c3%a1ncer-de-mama\/"]}]},{"@type":"ImageObject","inLanguage":"en-US","@id":"https:\/\/laboratoriobioclinic.cr\/es\/blog-es\/octubre-sensibilizaci%c3%b3n-sobre-el-c%c3%a1ncer-de-mama\/#primaryimage","url":"https:\/\/laboratoriobioclinic.cr\/wp-content\/uploads\/2021\/10\/Octubre-Sensibilizacio\u0301n-sobre-el-Ca\u0301ncer-de-Mama-1.jpg","contentUrl":"https:\/\/laboratoriobioclinic.cr\/wp-content\/uploads\/2021\/10\/Octubre-Sensibilizacio\u0301n-sobre-el-Ca\u0301ncer-de-Mama-1.jpg","width":1920,"height":1080,"caption":"Sensiblizar por el c\u00e1ncer de mama"},{"@type":"WebSite","@id":"https:\/\/laboratoriobioclinic.cr\/es\/#website","url":"https:\/\/laboratoriobioclinic.cr\/es\/","name":"Laboratorio Bioclinic","description":"An\u00e1lisis cl\u00ednicos | Puerto Viejo | Lim\u00f3n","potentialAction":[{"@type":"SearchAction","target":{"@type":"EntryPoint","urlTemplate":"https:\/\/laboratoriobioclinic.cr\/es\/?s={search_term_string}"},"query-input":{"@type":"PropertyValueSpecification","valueRequired":true,"valueName":"search_term_string"}}],"inLanguage":"en-US"},{"@type":"Person","@id":"https:\/\/laboratoriobioclinic.cr\/es\/#\/schema\/person\/22388802b822cf3b3ff7019581c95721","name":"V\u00edctor Hern\u00e1ndez","image":{"@type":"ImageObject","inLanguage":"en-US","@id":"https:\/\/secure.gravatar.com\/avatar\/df86c8d5b329d3be6dc959b83558672fb6ce1002eb345c198ef5458738b7ce88?s=96&d=mm&r=g","url":"https:\/\/secure.gravatar.com\/avatar\/df86c8d5b329d3be6dc959b83558672fb6ce1002eb345c198ef5458738b7ce88?s=96&d=mm&r=g","contentUrl":"https:\/\/secure.gravatar.com\/avatar\/df86c8d5b329d3be6dc959b83558672fb6ce1002eb345c198ef5458738b7ce88?s=96&d=mm&r=g","caption":"V\u00edctor Hern\u00e1ndez"},"url":"https:\/\/laboratoriobioclinic.cr\/en\/author\/victor\/"}]}},"_links":{"self":[{"href":"https:\/\/laboratoriobioclinic.cr\/en\/wp-json\/wp\/v2\/posts\/333","targetHints":{"allow":["GET"]}}],"collection":[{"href":"https:\/\/laboratoriobioclinic.cr\/en\/wp-json\/wp\/v2\/posts"}],"about":[{"href":"https:\/\/laboratoriobioclinic.cr\/en\/wp-json\/wp\/v2\/types\/post"}],"author":[{"embeddable":true,"href":"https:\/\/laboratoriobioclinic.cr\/en\/wp-json\/wp\/v2\/users\/2"}],"replies":[{"embeddable":true,"href":"https:\/\/laboratoriobioclinic.cr\/en\/wp-json\/wp\/v2\/comments?post=333"}],"version-history":[{"count":3,"href":"https:\/\/laboratoriobioclinic.cr\/en\/wp-json\/wp\/v2\/posts\/333\/revisions"}],"predecessor-version":[{"id":339,"href":"https:\/\/laboratoriobioclinic.cr\/en\/wp-json\/wp\/v2\/posts\/333\/revisions\/339"}],"wp:featuredmedia":[{"embeddable":true,"href":"https:\/\/laboratoriobioclinic.cr\/en\/wp-json\/wp\/v2\/media\/335"}],"wp:attachment":[{"href":"https:\/\/laboratoriobioclinic.cr\/en\/wp-json\/wp\/v2\/media?parent=333"}],"wp:term":[{"taxonomy":"category","embeddable":true,"href":"https:\/\/laboratoriobioclinic.cr\/en\/wp-json\/wp\/v2\/categories?post=333"},{"taxonomy":"post_tag","embeddable":true,"href":"https:\/\/laboratoriobioclinic.cr\/en\/wp-json\/wp\/v2\/tags?post=333"}],"curies":[{"name":"wp","href":"https:\/\/api.w.org\/{rel}","templated":true}]}}