{"id":1076,"date":"2025-03-20T10:00:46","date_gmt":"2025-03-20T16:00:46","guid":{"rendered":"https:\/\/laboratoriobioclinic.cr\/?p=1076"},"modified":"2025-03-20T10:00:59","modified_gmt":"2025-03-20T16:00:59","slug":"dia-mundial-tuberculosis-costa-rica-2","status":"publish","type":"post","link":"https:\/\/laboratoriobioclinic.cr\/en\/blog-es\/dia-mundial-tuberculosis-costa-rica-2\/","title":{"rendered":"Laboratorio Bioclinic: Diagn\u00f3stico y Prevenci\u00f3n de la Tuberculosis en Costa Rica"},"content":{"rendered":"<h2>\u00bfC\u00f3mo ayuda Laboratorio Bioclinic en la detecci\u00f3n de la tuberculosis?<\/h2>\n<p class=\"p1\">Cada <strong data-start=\"301\" data-end=\"316\">24 de marzo<\/strong>, se conmemora el <a href=\"https:\/\/www.who.int\/es\/campaigns\/world-tb-day\/2025\"><strong data-start=\"334\" data-end=\"382\">D\u00eda Mundial de la Tuberculosis en Costa Rica<\/strong><\/a>, una fecha clave para concienciar sobre esta enfermedad infecciosa prevenible y curable. En <strong data-start=\"475\" data-end=\"508\">Laboratorio Cl\u00ednico Bioclinic<\/strong>, con presencia en <strong data-start=\"527\" data-end=\"551\" data-is-only-node=\"\">Lim\u00f3n y Puerto Viejo<\/strong>, trabajamos para fortalecer la prevenci\u00f3n y el diagn\u00f3stico oportuno, ayudando a reducir la incidencia de la tuberculosis en la regi\u00f3n.<\/p>\n<h3 class=\"p2\"><b>El papel de Laboratorio Bioclinic en la detecci\u00f3n y prevenci\u00f3n de la tuberculosis<\/b><\/h3>\n<p class=\"p1\">En <b>Laboratorio Cl\u00ednico Bioclinic<\/b>, comprendemos la importancia de un <b>diagn\u00f3stico oportuno y preciso<\/b> para el control de la tuberculosis. Nuestros servicios incluyen:<\/p>\n<h4 class=\"p2\"><b>1. Diagn\u00f3stico especializado y confiable<\/b><\/h4>\n<p class=\"p1\">Contamos con <a href=\"https:\/\/laboratoriobioclinic.cr\/servicios\/bacteriolog%c3%ada\/\">pruebas de laboratorio<\/a> que permiten la detecci\u00f3n temprana de la tuberculosis, como:<\/p>\n<ul>\n<li><b>Baciloscop\u00eda (tinci\u00f3n de Ziehl-Neelsen)<\/b>: An\u00e1lisis de muestras de esputo para detectar la presencia de <i>Mycobacterium tuberculosis<\/i>.<\/li>\n<li><b>Cultivo de Mycobacterium tuberculosis<\/b>: Prueba m\u00e1s precisa para confirmar el diagn\u00f3stico y evaluar la resistencia a los medicamentos.<\/li>\n<li><b>Prueba de Tuberculina (PPD)<\/b>: Determina si una persona ha estado expuesta a la bacteria.<\/li>\n<li><b>Pruebas moleculares (GeneXpert MTB\/RIF)<\/b>: M\u00e9todo r\u00e1pido para detectar el ADN de la bacteria y evaluar su resistencia a la rifampicina, un antibi\u00f3tico clave en el tratamiento.<\/li>\n<\/ul>\n<h4 class=\"p2\"><b>2. Seguimiento y control de pacientes<\/b><\/h4>\n<p class=\"p1\">Para garantizar la efectividad del tratamiento, ofrecemos <b>monitoreo del progreso de los pacientes<\/b> a trav\u00e9s de an\u00e1lisis peri\u00f3dicos, asegurando que la terapia antibi\u00f3tica funcione correctamente y evitando reca\u00eddas o resistencia a los medicamentos.<\/p>\n<p><img loading=\"lazy\" decoding=\"async\" class=\"alignnone size-medium wp-image-1080\" src=\"https:\/\/laboratoriobioclinic.cr\/wp-content\/uploads\/2025\/03\/Pruebas-de-diagnostico-rapido-tuberculosis-300x300.png\" alt=\"Pruebas de diagn\u00f3stico r\u00e1pido para la tuberculosis\" width=\"300\" height=\"300\" srcset=\"https:\/\/laboratoriobioclinic.cr\/wp-content\/uploads\/2025\/03\/Pruebas-de-diagnostico-rapido-tuberculosis-300x300.png 300w, https:\/\/laboratoriobioclinic.cr\/wp-content\/uploads\/2025\/03\/Pruebas-de-diagnostico-rapido-tuberculosis-1024x1024.png 1024w, https:\/\/laboratoriobioclinic.cr\/wp-content\/uploads\/2025\/03\/Pruebas-de-diagnostico-rapido-tuberculosis-150x150.png 150w, https:\/\/laboratoriobioclinic.cr\/wp-content\/uploads\/2025\/03\/Pruebas-de-diagnostico-rapido-tuberculosis-768x768.png 768w, https:\/\/laboratoriobioclinic.cr\/wp-content\/uploads\/2025\/03\/Pruebas-de-diagnostico-rapido-tuberculosis.png 1080w\" sizes=\"auto, (max-width: 300px) 100vw, 300px\" \/><\/p>\n<h4 class=\"p2\"><b>3. Pruebas para grupos de riesgo<\/b><\/h4>\n<p class=\"p1\">Algunas personas tienen mayor riesgo de desarrollar tuberculosis, como:<\/p>\n<ul>\n<li>Trabajadores del sector salud.<\/li>\n<li>Personas en contacto cercano con pacientes con tuberculosis.<\/li>\n<li>Personas con enfermedades cr\u00f3nicas como diabetes o VIH.<\/li>\n<li>Personas inmunocomprometidas.<\/li>\n<\/ul>\n<p class=\"p1\">Para estos casos, Laboratorio Bioclinic ofrece <a href=\"https:\/\/laboratoriobioclinic.cr\/category-packages\/paquetes-de-control\/\"><b>paquetes de chequeo espec\u00edficos<\/b><\/a>, adaptados a sus necesidades.<\/p>\n<h4 class=\"p2\"><b>4. Diagn\u00f3stico de coinfecci\u00f3n TB\/VIH y TB\/diabetes<\/b><\/h4>\n<p class=\"p1\">Las personas con VIH o diabetes tienen un mayor riesgo de desarrollar tuberculosis. En Bioclinic realizamos <a href=\"https:\/\/laboratoriobioclinic.cr\/servicios\/inmunolog%c3%ada\/\"><b>pruebas integrales<\/b><\/a> para detectar estas condiciones y proporcionar un enfoque m\u00e1s completo para su tratamiento.<\/p>\n<h4 class=\"p2\"><b>5. Educaci\u00f3n y sensibilizaci\u00f3n en la comunidad<\/b><\/h4>\n<p class=\"p1\">Adem\u00e1s de nuestros servicios de diagn\u00f3stico, participamos activamente en la difusi\u00f3n de informaci\u00f3n sobre la tuberculosis, promoviendo la prevenci\u00f3n y el diagn\u00f3stico temprano a trav\u00e9s de material educativo y asesor\u00eda personalizada.<\/p>\n<h3 class=\"p2\"><b>Importancia del diagn\u00f3stico temprano en Lim\u00f3n y Puerto Viejo<\/b><\/h3>\n<p class=\"p1\">Lim\u00f3n y Puerto Viejo son regiones con una alta movilidad de personas y factores ambientales que pueden influir en la propagaci\u00f3n de enfermedades respiratorias. Por ello, en <b>Laboratorio Cl\u00ednico Bioclinic<\/b> enfatizamos la importancia de detectar la tuberculosis a tiempo.<\/p>\n<p class=\"p1\">Los <b>s\u00edntomas de la tuberculosis<\/b> incluyen:<\/p>\n<ul>\n<li>Tos persistente por m\u00e1s de dos semanas.<\/li>\n<li>Dolor en el pecho.<\/li>\n<li>Fiebre al final del d\u00eda.<\/li>\n<li>Sudoraci\u00f3n nocturna.<\/li>\n<li>P\u00e9rdida de peso sin raz\u00f3n aparente.<\/li>\n<li>Fatiga constante.<\/li>\n<\/ul>\n<p class=\"p1\">Si presentas alguno de estos s\u00edntomas, es fundamental realizarte una prueba de tuberculosis lo antes posible.<\/p>\n<h3 class=\"p2\"><b>Conclusi\u00f3n<\/b><\/h3>\n<p class=\"p1\">El <a href=\"https:\/\/www.who.int\/es\/campaigns\/world-tb-day\/2025\"><b>D\u00eda Mundial de la Tuberculosis<\/b><\/a> es una oportunidad para reforzar el compromiso con la prevenci\u00f3n y el tratamiento de esta enfermedad en Costa Rica. En <b>Laboratorio Cl\u00ednico Bioclinic<\/b>, trabajamos para que la comunidad de <b>Lim\u00f3n y Puerto Viejo<\/b> tenga acceso a pruebas diagn\u00f3sticas confiables, contribuyendo al control de la tuberculosis en el pa\u00eds.<\/p>\n","protected":false},"excerpt":{"rendered":"<p>\u00bfC\u00f3mo ayuda Laboratorio Bioclinic en la detecci\u00f3n de la tuberculosis? Cada 24 de marzo, se conmemora el D\u00eda Mundial de la Tuberculosis en Costa Rica, una fecha clave para concienciar sobre esta enfermedad infecciosa prevenible y curable. En Laboratorio Cl\u00ednico Bioclinic, con presencia en Lim\u00f3n y Puerto Viejo, trabajamos para fortalecer la prevenci\u00f3n y el [&hellip;]<\/p>\n","protected":false},"author":2,"featured_media":1077,"comment_status":"open","ping_status":"open","sticky":false,"template":"","format":"standard","meta":{"footnotes":""},"categories":[15],"tags":[47,43,463,46,42,838,54,462,661,481],"class_list":["post-1076","post","type-post","status-publish","format-standard","has-post-thumbnail","hentry","category-blog-es","tag-bioclinic","tag-costa-rica","tag-diagnstico","tag-laboratorio","tag-limn","tag-mycobacterium-tuberculosis","tag-prevencin","tag-sntomas","tag-tratamiento","tag-tuberculosis"],"yoast_head":"<!-- This site is optimized with the Yoast SEO plugin v27.5 - https:\/\/yoast.com\/product\/yoast-seo-wordpress\/ -->\n<title>D\u00eda Mundial de la Tuberculosis en Costa Rica - Laboratorio Bioclinic<\/title>\n<meta name=\"description\" content=\"D\u00eda Mundial de la Tuberculosis en Costa Rica: Laboratorio Bioclinic ofrece diagn\u00f3stico y prevenci\u00f3n en Lim\u00f3n y Puerto Viejo. Inf\u00f3rmate aqu\u00ed.\" \/>\n<meta name=\"robots\" content=\"index, follow, max-snippet:-1, max-image-preview:large, max-video-preview:-1\" \/>\n<link rel=\"canonical\" href=\"https:\/\/laboratoriobioclinic.cr\/es\/blog-es\/dia-mundial-tuberculosis-costa-rica-2\/\" \/>\n<meta property=\"og:locale\" content=\"en_US\" \/>\n<meta property=\"og:type\" content=\"article\" \/>\n<meta property=\"og:title\" content=\"D\u00eda Mundial de la Tuberculosis en Costa Rica - Laboratorio Bioclinic\" \/>\n<meta property=\"og:description\" content=\"D\u00eda Mundial de la Tuberculosis en Costa Rica: Laboratorio Bioclinic ofrece diagn\u00f3stico y prevenci\u00f3n en Lim\u00f3n y Puerto Viejo. Inf\u00f3rmate aqu\u00ed.\" \/>\n<meta property=\"og:url\" content=\"https:\/\/laboratoriobioclinic.cr\/es\/blog-es\/dia-mundial-tuberculosis-costa-rica-2\/\" \/>\n<meta property=\"og:site_name\" content=\"Laboratorio Bioclinic\" \/>\n<meta property=\"article:published_time\" content=\"2025-03-20T16:00:46+00:00\" \/>\n<meta property=\"article:modified_time\" content=\"2025-03-20T16:00:59+00:00\" \/>\n<meta property=\"og:image\" content=\"https:\/\/laboratoriobioclinic.cr\/wp-content\/uploads\/2025\/03\/Dia-Mundial-de-la-Tuberculosis-en-Costa-Rica-Diagnostico-y-Prevencion-Laboratorio-Bioclinic.png\" \/>\n\t<meta property=\"og:image:width\" content=\"850\" \/>\n\t<meta property=\"og:image:height\" content=\"300\" \/>\n\t<meta property=\"og:image:type\" content=\"image\/png\" \/>\n<meta name=\"author\" content=\"V\u00edctor Hern\u00e1ndez\" \/>\n<meta name=\"twitter:card\" content=\"summary_large_image\" \/>\n<meta name=\"twitter:label1\" content=\"Written by\" \/>\n\t<meta name=\"twitter:data1\" content=\"V\u00edctor Hern\u00e1ndez\" \/>\n\t<meta name=\"twitter:label2\" content=\"Est. reading time\" \/>\n\t<meta name=\"twitter:data2\" content=\"3 minutes\" \/>\n<script type=\"application\/ld+json\" class=\"yoast-schema-graph\">{\"@context\":\"https:\\\/\\\/schema.org\",\"@graph\":[{\"@type\":\"Article\",\"@id\":\"https:\\\/\\\/laboratoriobioclinic.cr\\\/es\\\/blog-es\\\/dia-mundial-tuberculosis-costa-rica-2\\\/#article\",\"isPartOf\":{\"@id\":\"https:\\\/\\\/laboratoriobioclinic.cr\\\/es\\\/blog-es\\\/dia-mundial-tuberculosis-costa-rica-2\\\/\"},\"author\":{\"name\":\"V\u00edctor Hern\u00e1ndez\",\"@id\":\"https:\\\/\\\/laboratoriobioclinic.cr\\\/es\\\/#\\\/schema\\\/person\\\/22388802b822cf3b3ff7019581c95721\"},\"headline\":\"Laboratorio Bioclinic: Diagn\u00f3stico y Prevenci\u00f3n de la Tuberculosis en Costa Rica\",\"datePublished\":\"2025-03-20T16:00:46+00:00\",\"dateModified\":\"2025-03-20T16:00:59+00:00\",\"mainEntityOfPage\":{\"@id\":\"https:\\\/\\\/laboratoriobioclinic.cr\\\/es\\\/blog-es\\\/dia-mundial-tuberculosis-costa-rica-2\\\/\"},\"wordCount\":584,\"commentCount\":0,\"image\":{\"@id\":\"https:\\\/\\\/laboratoriobioclinic.cr\\\/es\\\/blog-es\\\/dia-mundial-tuberculosis-costa-rica-2\\\/#primaryimage\"},\"thumbnailUrl\":\"https:\\\/\\\/laboratoriobioclinic.cr\\\/wp-content\\\/uploads\\\/2025\\\/03\\\/Dia-Mundial-de-la-Tuberculosis-en-Costa-Rica-Diagnostico-y-Prevencion-Laboratorio-Bioclinic.png\",\"keywords\":[\"bioclinic\",\"costa rica\",\"diagn\u00f3stico\",\"laboratorio\",\"lim\u00f3n\",\"Mycobacterium tuberculosis\",\"prevenci\u00f3n\",\"s\u00edntomas\",\"tratamiento\",\"tuberculosis\"],\"articleSection\":[\"Blog ES\"],\"inLanguage\":\"en-US\",\"potentialAction\":[{\"@type\":\"CommentAction\",\"name\":\"Comment\",\"target\":[\"https:\\\/\\\/laboratoriobioclinic.cr\\\/es\\\/blog-es\\\/dia-mundial-tuberculosis-costa-rica-2\\\/#respond\"]}]},{\"@type\":\"WebPage\",\"@id\":\"https:\\\/\\\/laboratoriobioclinic.cr\\\/es\\\/blog-es\\\/dia-mundial-tuberculosis-costa-rica-2\\\/\",\"url\":\"https:\\\/\\\/laboratoriobioclinic.cr\\\/es\\\/blog-es\\\/dia-mundial-tuberculosis-costa-rica-2\\\/\",\"name\":\"D\u00eda Mundial de la Tuberculosis en Costa Rica - Laboratorio Bioclinic\",\"isPartOf\":{\"@id\":\"https:\\\/\\\/laboratoriobioclinic.cr\\\/es\\\/#website\"},\"primaryImageOfPage\":{\"@id\":\"https:\\\/\\\/laboratoriobioclinic.cr\\\/es\\\/blog-es\\\/dia-mundial-tuberculosis-costa-rica-2\\\/#primaryimage\"},\"image\":{\"@id\":\"https:\\\/\\\/laboratoriobioclinic.cr\\\/es\\\/blog-es\\\/dia-mundial-tuberculosis-costa-rica-2\\\/#primaryimage\"},\"thumbnailUrl\":\"https:\\\/\\\/laboratoriobioclinic.cr\\\/wp-content\\\/uploads\\\/2025\\\/03\\\/Dia-Mundial-de-la-Tuberculosis-en-Costa-Rica-Diagnostico-y-Prevencion-Laboratorio-Bioclinic.png\",\"datePublished\":\"2025-03-20T16:00:46+00:00\",\"dateModified\":\"2025-03-20T16:00:59+00:00\",\"author\":{\"@id\":\"https:\\\/\\\/laboratoriobioclinic.cr\\\/es\\\/#\\\/schema\\\/person\\\/22388802b822cf3b3ff7019581c95721\"},\"description\":\"D\u00eda Mundial de la Tuberculosis en Costa Rica: Laboratorio Bioclinic ofrece diagn\u00f3stico y prevenci\u00f3n en Lim\u00f3n y Puerto Viejo. Inf\u00f3rmate aqu\u00ed.\",\"inLanguage\":\"en-US\",\"potentialAction\":[{\"@type\":\"ReadAction\",\"target\":[\"https:\\\/\\\/laboratoriobioclinic.cr\\\/es\\\/blog-es\\\/dia-mundial-tuberculosis-costa-rica-2\\\/\"]}]},{\"@type\":\"ImageObject\",\"inLanguage\":\"en-US\",\"@id\":\"https:\\\/\\\/laboratoriobioclinic.cr\\\/es\\\/blog-es\\\/dia-mundial-tuberculosis-costa-rica-2\\\/#primaryimage\",\"url\":\"https:\\\/\\\/laboratoriobioclinic.cr\\\/wp-content\\\/uploads\\\/2025\\\/03\\\/Dia-Mundial-de-la-Tuberculosis-en-Costa-Rica-Diagnostico-y-Prevencion-Laboratorio-Bioclinic.png\",\"contentUrl\":\"https:\\\/\\\/laboratoriobioclinic.cr\\\/wp-content\\\/uploads\\\/2025\\\/03\\\/Dia-Mundial-de-la-Tuberculosis-en-Costa-Rica-Diagnostico-y-Prevencion-Laboratorio-Bioclinic.png\",\"width\":850,\"height\":300,\"caption\":\"Laboratorio Bioclinic en el D\u00eda de la Tuberculosis\"},{\"@type\":\"WebSite\",\"@id\":\"https:\\\/\\\/laboratoriobioclinic.cr\\\/es\\\/#website\",\"url\":\"https:\\\/\\\/laboratoriobioclinic.cr\\\/es\\\/\",\"name\":\"Laboratorio Bioclinic\",\"description\":\"An\u00e1lisis cl\u00ednicos | Puerto Viejo | Lim\u00f3n\",\"potentialAction\":[{\"@type\":\"SearchAction\",\"target\":{\"@type\":\"EntryPoint\",\"urlTemplate\":\"https:\\\/\\\/laboratoriobioclinic.cr\\\/es\\\/?s={search_term_string}\"},\"query-input\":{\"@type\":\"PropertyValueSpecification\",\"valueRequired\":true,\"valueName\":\"search_term_string\"}}],\"inLanguage\":\"en-US\"},{\"@type\":\"Person\",\"@id\":\"https:\\\/\\\/laboratoriobioclinic.cr\\\/es\\\/#\\\/schema\\\/person\\\/22388802b822cf3b3ff7019581c95721\",\"name\":\"V\u00edctor Hern\u00e1ndez\",\"image\":{\"@type\":\"ImageObject\",\"inLanguage\":\"en-US\",\"@id\":\"https:\\\/\\\/secure.gravatar.com\\\/avatar\\\/df86c8d5b329d3be6dc959b83558672fb6ce1002eb345c198ef5458738b7ce88?s=96&d=mm&r=g\",\"url\":\"https:\\\/\\\/secure.gravatar.com\\\/avatar\\\/df86c8d5b329d3be6dc959b83558672fb6ce1002eb345c198ef5458738b7ce88?s=96&d=mm&r=g\",\"contentUrl\":\"https:\\\/\\\/secure.gravatar.com\\\/avatar\\\/df86c8d5b329d3be6dc959b83558672fb6ce1002eb345c198ef5458738b7ce88?s=96&d=mm&r=g\",\"caption\":\"V\u00edctor Hern\u00e1ndez\"},\"url\":\"https:\\\/\\\/laboratoriobioclinic.cr\\\/en\\\/author\\\/victor\\\/\"}]}<\/script>\n<!-- \/ Yoast SEO plugin. -->","yoast_head_json":{"title":"D\u00eda Mundial de la Tuberculosis en Costa Rica - Laboratorio Bioclinic","description":"D\u00eda Mundial de la Tuberculosis en Costa Rica: Laboratorio Bioclinic ofrece diagn\u00f3stico y prevenci\u00f3n en Lim\u00f3n y Puerto Viejo. Inf\u00f3rmate aqu\u00ed.","robots":{"index":"index","follow":"follow","max-snippet":"max-snippet:-1","max-image-preview":"max-image-preview:large","max-video-preview":"max-video-preview:-1"},"canonical":"https:\/\/laboratoriobioclinic.cr\/es\/blog-es\/dia-mundial-tuberculosis-costa-rica-2\/","og_locale":"en_US","og_type":"article","og_title":"D\u00eda Mundial de la Tuberculosis en Costa Rica - Laboratorio Bioclinic","og_description":"D\u00eda Mundial de la Tuberculosis en Costa Rica: Laboratorio Bioclinic ofrece diagn\u00f3stico y prevenci\u00f3n en Lim\u00f3n y Puerto Viejo. Inf\u00f3rmate aqu\u00ed.","og_url":"https:\/\/laboratoriobioclinic.cr\/es\/blog-es\/dia-mundial-tuberculosis-costa-rica-2\/","og_site_name":"Laboratorio Bioclinic","article_published_time":"2025-03-20T16:00:46+00:00","article_modified_time":"2025-03-20T16:00:59+00:00","og_image":[{"width":850,"height":300,"url":"https:\/\/laboratoriobioclinic.cr\/wp-content\/uploads\/2025\/03\/Dia-Mundial-de-la-Tuberculosis-en-Costa-Rica-Diagnostico-y-Prevencion-Laboratorio-Bioclinic.png","type":"image\/png"}],"author":"V\u00edctor Hern\u00e1ndez","twitter_card":"summary_large_image","twitter_misc":{"Written by":"V\u00edctor Hern\u00e1ndez","Est. reading time":"3 minutes"},"schema":{"@context":"https:\/\/schema.org","@graph":[{"@type":"Article","@id":"https:\/\/laboratoriobioclinic.cr\/es\/blog-es\/dia-mundial-tuberculosis-costa-rica-2\/#article","isPartOf":{"@id":"https:\/\/laboratoriobioclinic.cr\/es\/blog-es\/dia-mundial-tuberculosis-costa-rica-2\/"},"author":{"name":"V\u00edctor Hern\u00e1ndez","@id":"https:\/\/laboratoriobioclinic.cr\/es\/#\/schema\/person\/22388802b822cf3b3ff7019581c95721"},"headline":"Laboratorio Bioclinic: Diagn\u00f3stico y Prevenci\u00f3n de la Tuberculosis en Costa Rica","datePublished":"2025-03-20T16:00:46+00:00","dateModified":"2025-03-20T16:00:59+00:00","mainEntityOfPage":{"@id":"https:\/\/laboratoriobioclinic.cr\/es\/blog-es\/dia-mundial-tuberculosis-costa-rica-2\/"},"wordCount":584,"commentCount":0,"image":{"@id":"https:\/\/laboratoriobioclinic.cr\/es\/blog-es\/dia-mundial-tuberculosis-costa-rica-2\/#primaryimage"},"thumbnailUrl":"https:\/\/laboratoriobioclinic.cr\/wp-content\/uploads\/2025\/03\/Dia-Mundial-de-la-Tuberculosis-en-Costa-Rica-Diagnostico-y-Prevencion-Laboratorio-Bioclinic.png","keywords":["bioclinic","costa rica","diagn\u00f3stico","laboratorio","lim\u00f3n","Mycobacterium tuberculosis","prevenci\u00f3n","s\u00edntomas","tratamiento","tuberculosis"],"articleSection":["Blog ES"],"inLanguage":"en-US","potentialAction":[{"@type":"CommentAction","name":"Comment","target":["https:\/\/laboratoriobioclinic.cr\/es\/blog-es\/dia-mundial-tuberculosis-costa-rica-2\/#respond"]}]},{"@type":"WebPage","@id":"https:\/\/laboratoriobioclinic.cr\/es\/blog-es\/dia-mundial-tuberculosis-costa-rica-2\/","url":"https:\/\/laboratoriobioclinic.cr\/es\/blog-es\/dia-mundial-tuberculosis-costa-rica-2\/","name":"D\u00eda Mundial de la Tuberculosis en Costa Rica - Laboratorio Bioclinic","isPartOf":{"@id":"https:\/\/laboratoriobioclinic.cr\/es\/#website"},"primaryImageOfPage":{"@id":"https:\/\/laboratoriobioclinic.cr\/es\/blog-es\/dia-mundial-tuberculosis-costa-rica-2\/#primaryimage"},"image":{"@id":"https:\/\/laboratoriobioclinic.cr\/es\/blog-es\/dia-mundial-tuberculosis-costa-rica-2\/#primaryimage"},"thumbnailUrl":"https:\/\/laboratoriobioclinic.cr\/wp-content\/uploads\/2025\/03\/Dia-Mundial-de-la-Tuberculosis-en-Costa-Rica-Diagnostico-y-Prevencion-Laboratorio-Bioclinic.png","datePublished":"2025-03-20T16:00:46+00:00","dateModified":"2025-03-20T16:00:59+00:00","author":{"@id":"https:\/\/laboratoriobioclinic.cr\/es\/#\/schema\/person\/22388802b822cf3b3ff7019581c95721"},"description":"D\u00eda Mundial de la Tuberculosis en Costa Rica: Laboratorio Bioclinic ofrece diagn\u00f3stico y prevenci\u00f3n en Lim\u00f3n y Puerto Viejo. Inf\u00f3rmate aqu\u00ed.","inLanguage":"en-US","potentialAction":[{"@type":"ReadAction","target":["https:\/\/laboratoriobioclinic.cr\/es\/blog-es\/dia-mundial-tuberculosis-costa-rica-2\/"]}]},{"@type":"ImageObject","inLanguage":"en-US","@id":"https:\/\/laboratoriobioclinic.cr\/es\/blog-es\/dia-mundial-tuberculosis-costa-rica-2\/#primaryimage","url":"https:\/\/laboratoriobioclinic.cr\/wp-content\/uploads\/2025\/03\/Dia-Mundial-de-la-Tuberculosis-en-Costa-Rica-Diagnostico-y-Prevencion-Laboratorio-Bioclinic.png","contentUrl":"https:\/\/laboratoriobioclinic.cr\/wp-content\/uploads\/2025\/03\/Dia-Mundial-de-la-Tuberculosis-en-Costa-Rica-Diagnostico-y-Prevencion-Laboratorio-Bioclinic.png","width":850,"height":300,"caption":"Laboratorio Bioclinic en el D\u00eda de la Tuberculosis"},{"@type":"WebSite","@id":"https:\/\/laboratoriobioclinic.cr\/es\/#website","url":"https:\/\/laboratoriobioclinic.cr\/es\/","name":"Laboratorio Bioclinic","description":"An\u00e1lisis cl\u00ednicos | Puerto Viejo | Lim\u00f3n","potentialAction":[{"@type":"SearchAction","target":{"@type":"EntryPoint","urlTemplate":"https:\/\/laboratoriobioclinic.cr\/es\/?s={search_term_string}"},"query-input":{"@type":"PropertyValueSpecification","valueRequired":true,"valueName":"search_term_string"}}],"inLanguage":"en-US"},{"@type":"Person","@id":"https:\/\/laboratoriobioclinic.cr\/es\/#\/schema\/person\/22388802b822cf3b3ff7019581c95721","name":"V\u00edctor Hern\u00e1ndez","image":{"@type":"ImageObject","inLanguage":"en-US","@id":"https:\/\/secure.gravatar.com\/avatar\/df86c8d5b329d3be6dc959b83558672fb6ce1002eb345c198ef5458738b7ce88?s=96&d=mm&r=g","url":"https:\/\/secure.gravatar.com\/avatar\/df86c8d5b329d3be6dc959b83558672fb6ce1002eb345c198ef5458738b7ce88?s=96&d=mm&r=g","contentUrl":"https:\/\/secure.gravatar.com\/avatar\/df86c8d5b329d3be6dc959b83558672fb6ce1002eb345c198ef5458738b7ce88?s=96&d=mm&r=g","caption":"V\u00edctor Hern\u00e1ndez"},"url":"https:\/\/laboratoriobioclinic.cr\/en\/author\/victor\/"}]}},"_links":{"self":[{"href":"https:\/\/laboratoriobioclinic.cr\/en\/wp-json\/wp\/v2\/posts\/1076","targetHints":{"allow":["GET"]}}],"collection":[{"href":"https:\/\/laboratoriobioclinic.cr\/en\/wp-json\/wp\/v2\/posts"}],"about":[{"href":"https:\/\/laboratoriobioclinic.cr\/en\/wp-json\/wp\/v2\/types\/post"}],"author":[{"embeddable":true,"href":"https:\/\/laboratoriobioclinic.cr\/en\/wp-json\/wp\/v2\/users\/2"}],"replies":[{"embeddable":true,"href":"https:\/\/laboratoriobioclinic.cr\/en\/wp-json\/wp\/v2\/comments?post=1076"}],"version-history":[{"count":3,"href":"https:\/\/laboratoriobioclinic.cr\/en\/wp-json\/wp\/v2\/posts\/1076\/revisions"}],"predecessor-version":[{"id":1082,"href":"https:\/\/laboratoriobioclinic.cr\/en\/wp-json\/wp\/v2\/posts\/1076\/revisions\/1082"}],"wp:featuredmedia":[{"embeddable":true,"href":"https:\/\/laboratoriobioclinic.cr\/en\/wp-json\/wp\/v2\/media\/1077"}],"wp:attachment":[{"href":"https:\/\/laboratoriobioclinic.cr\/en\/wp-json\/wp\/v2\/media?parent=1076"}],"wp:term":[{"taxonomy":"category","embeddable":true,"href":"https:\/\/laboratoriobioclinic.cr\/en\/wp-json\/wp\/v2\/categories?post=1076"},{"taxonomy":"post_tag","embeddable":true,"href":"https:\/\/laboratoriobioclinic.cr\/en\/wp-json\/wp\/v2\/tags?post=1076"}],"curies":[{"name":"wp","href":"https:\/\/api.w.org\/{rel}","templated":true}]}}